{"id":10424,"date":"2018-10-08T21:50:49","date_gmt":"2018-10-08T18:50:49","guid":{"rendered":"http:\/\/redesow.faccat.br\/wordpress\/ceataquara\/?p=10424"},"modified":"2019-06-18T19:41:44","modified_gmt":"2019-06-18T16:41:44","slug":"praticas-de-espaco-educador-sustentavel-ees","status":"publish","type":"post","link":"https:\/\/redesow.faccat.br\/wordpress\/ceataquara\/arquivos\/10424","title":{"rendered":"Pr\u00e1ticas de Espa\u00e7o Educador Sustent\u00e1vel &#8211; EES &#8211; (ODS 11 e 12)"},"content":{"rendered":"<p>Foi realizado no 2\u00ba trimestre do ano letivo o plantio de \u00e1rvores em nossa escola. A a\u00e7\u00e3o contou com a presen\u00e7a dos alunos da COM VIDA e da vice-dire\u00e7\u00e3o da escola. Foram plantadas caneleiras, fruta do conde e goiabeiras.<\/p>\n<p><img loading=\"lazy\" decoding=\"async\" class=\"alignnone size-medium wp-image-10840\" src=\"http:\/\/redesow.faccat.br\/wordpress\/ceataquara\/wp-content\/uploads\/sites\/15\/DSCN6440-300x225.jpg\" alt=\"\" width=\"300\" height=\"225\" srcset=\"https:\/\/redesow.faccat.br\/wordpress\/ceataquara\/wp-content\/uploads\/sites\/15\/DSCN6440-300x225.jpg 300w, https:\/\/redesow.faccat.br\/wordpress\/ceataquara\/wp-content\/uploads\/sites\/15\/DSCN6440-150x113.jpg 150w, https:\/\/redesow.faccat.br\/wordpress\/ceataquara\/wp-content\/uploads\/sites\/15\/DSCN6440-768x576.jpg 768w, https:\/\/redesow.faccat.br\/wordpress\/ceataquara\/wp-content\/uploads\/sites\/15\/DSCN6440-600x450.jpg 600w, https:\/\/redesow.faccat.br\/wordpress\/ceataquara\/wp-content\/uploads\/sites\/15\/DSCN6440.jpg 769w\" sizes=\"auto, (max-width: 300px) 100vw, 300px\" \/><\/p>\n","protected":false},"excerpt":{"rendered":"<p>Foi realizado no 2\u00ba trimestre do ano letivo o plantio de \u00e1rvores em nossa escola. A a\u00e7\u00e3o contou com a presen\u00e7a dos alunos da COM VIDA e da vice-dire\u00e7\u00e3o da escola. Foram plantadas caneleiras, fruta do conde e goiabeiras.<\/p>\n","protected":false},"author":231,"featured_media":0,"comment_status":"open","ping_status":"open","sticky":false,"template":"","format":"standard","meta":{"footnotes":""},"categories":[11],"tags":[],"class_list":["post-10424","post","type-post","status-publish","format-standard","hentry","category-rosa-elsa"],"_links":{"self":[{"href":"https:\/\/redesow.faccat.br\/wordpress\/ceataquara\/wp-json\/wp\/v2\/posts\/10424","targetHints":{"allow":["GET"]}}],"collection":[{"href":"https:\/\/redesow.faccat.br\/wordpress\/ceataquara\/wp-json\/wp\/v2\/posts"}],"about":[{"href":"https:\/\/redesow.faccat.br\/wordpress\/ceataquara\/wp-json\/wp\/v2\/types\/post"}],"author":[{"embeddable":true,"href":"https:\/\/redesow.faccat.br\/wordpress\/ceataquara\/wp-json\/wp\/v2\/users\/231"}],"replies":[{"embeddable":true,"href":"https:\/\/redesow.faccat.br\/wordpress\/ceataquara\/wp-json\/wp\/v2\/comments?post=10424"}],"version-history":[{"count":4,"href":"https:\/\/redesow.faccat.br\/wordpress\/ceataquara\/wp-json\/wp\/v2\/posts\/10424\/revisions"}],"predecessor-version":[{"id":12332,"href":"https:\/\/redesow.faccat.br\/wordpress\/ceataquara\/wp-json\/wp\/v2\/posts\/10424\/revisions\/12332"}],"wp:attachment":[{"href":"https:\/\/redesow.faccat.br\/wordpress\/ceataquara\/wp-json\/wp\/v2\/media?parent=10424"}],"wp:term":[{"taxonomy":"category","embeddable":true,"href":"https:\/\/redesow.faccat.br\/wordpress\/ceataquara\/wp-json\/wp\/v2\/categories?post=10424"},{"taxonomy":"post_tag","embeddable":true,"href":"https:\/\/redesow.faccat.br\/wordpress\/ceataquara\/wp-json\/wp\/v2\/tags?post=10424"}],"curies":[{"name":"wp","href":"https:\/\/api.w.org\/{rel}","templated":true}]}}