{"id":10520,"date":"2018-10-12T22:49:57","date_gmt":"2018-10-12T19:49:57","guid":{"rendered":"http:\/\/redesow.faccat.br\/wordpress\/ceataquara\/?p=10520"},"modified":"2019-06-18T19:36:39","modified_gmt":"2019-06-18T16:36:39","slug":"alimentacao-saudavel-consulta-com-colegas","status":"publish","type":"post","link":"https:\/\/redesow.faccat.br\/wordpress\/ceataquara\/arquivos\/10520","title":{"rendered":"Alimenta\u00e7\u00e3o Saud\u00e1vel &#8211; Consulta com colegas &#8211; (ODS 4 e 3)"},"content":{"rendered":"<p>Escola Em\u00edlio Leichtveis &#8211; EMEL<\/p>\n<p>Pensando na semana da Alimenta\u00e7\u00e3o, ap\u00f3s assistirem a v\u00eddeos relacionados ao assunto, as alunas selecionaram imagens por meio do Google e confeccionaram cartazes sobre alimenta\u00e7\u00e3o. Foi ent\u00e3o que resolveram fazer uma consulta com os colegas de todas as turmas, a fim de saber o qu\u00ea eles pensavam ou sabiam a respeito de alimenta\u00e7\u00e3o saud\u00e1vel e como se alimentam. Elas tamb\u00e9m queriam saber sobre a possibilidade de altera\u00e7\u00f5es no tipo e qualidade da merenda comercializada no bar da escola.<\/p>\n<p>Ent\u00e3o formularam algumas perguntas (que a professora digitou) e foram nas salas.<\/p>\n<div class=\"mceTemp\"><\/div>\n<p><img loading=\"lazy\" decoding=\"async\" class=\"size-thumbnail wp-image-10524 aligncenter\" style=\"font-weight: bold\" src=\"http:\/\/redesow.faccat.br\/wordpress\/ceataquara\/wp-content\/uploads\/sites\/15\/3-12-150x113.jpg\" alt=\"\" width=\"150\" height=\"113\" srcset=\"https:\/\/redesow.faccat.br\/wordpress\/ceataquara\/wp-content\/uploads\/sites\/15\/3-12-150x113.jpg 150w, https:\/\/redesow.faccat.br\/wordpress\/ceataquara\/wp-content\/uploads\/sites\/15\/3-12.jpg 300w\" sizes=\"auto, (max-width: 150px) 100vw, 150px\" \/><\/p>\n<p style=\"text-align: center\">Confec\u00e7\u00e3o dos cartazes<\/p>\n<figure id=\"attachment_10525\" class=\"thumbnail wp-caption aligncenter\" style=\"width: 150px\"><img loading=\"lazy\" decoding=\"async\" class=\"size-thumbnail wp-image-10525\" src=\"http:\/\/redesow.faccat.br\/wordpress\/ceataquara\/wp-content\/uploads\/sites\/15\/4-14-150x113.jpg\" alt=\"\" width=\"150\" height=\"113\" srcset=\"https:\/\/redesow.faccat.br\/wordpress\/ceataquara\/wp-content\/uploads\/sites\/15\/4-14-150x113.jpg 150w, https:\/\/redesow.faccat.br\/wordpress\/ceataquara\/wp-content\/uploads\/sites\/15\/4-14.jpg 300w\" sizes=\"auto, (max-width: 150px) 100vw, 150px\" \/><figcaption class=\"caption wp-caption-text\">Cartazes prontos<\/figcaption><\/figure>\n<p>&nbsp;<\/p>\n<figure id=\"attachment_10523\" class=\"thumbnail wp-caption aligncenter\" style=\"width: 150px\"><img loading=\"lazy\" decoding=\"async\" class=\"size-thumbnail wp-image-10523\" src=\"http:\/\/redesow.faccat.br\/wordpress\/ceataquara\/wp-content\/uploads\/sites\/15\/2-13-150x113.jpg\" alt=\"\" width=\"150\" height=\"113\" srcset=\"https:\/\/redesow.faccat.br\/wordpress\/ceataquara\/wp-content\/uploads\/sites\/15\/2-13-150x113.jpg 150w, https:\/\/redesow.faccat.br\/wordpress\/ceataquara\/wp-content\/uploads\/sites\/15\/2-13.jpg 300w\" sizes=\"auto, (max-width: 150px) 100vw, 150px\" \/><figcaption class=\"caption wp-caption-text\">Perguntas digitadas<\/figcaption><\/figure>\n<p>&nbsp;<\/p>\n<figure id=\"attachment_10522\" class=\"thumbnail wp-caption aligncenter\" style=\"width: 150px\"><img loading=\"lazy\" decoding=\"async\" class=\"size-thumbnail wp-image-10522\" src=\"http:\/\/redesow.faccat.br\/wordpress\/ceataquara\/wp-content\/uploads\/sites\/15\/1-11-150x113.jpg\" alt=\"\" width=\"150\" height=\"113\" srcset=\"https:\/\/redesow.faccat.br\/wordpress\/ceataquara\/wp-content\/uploads\/sites\/15\/1-11-150x113.jpg 150w, https:\/\/redesow.faccat.br\/wordpress\/ceataquara\/wp-content\/uploads\/sites\/15\/1-11.jpg 300w\" sizes=\"auto, (max-width: 150px) 100vw, 150px\" \/><figcaption class=\"caption wp-caption-text\">Consulta nas turmas<\/figcaption><\/figure>\n","protected":false},"excerpt":{"rendered":"<p>Escola Em\u00edlio Leichtveis &#8211; EMEL Pensando na semana da Alimenta\u00e7\u00e3o, ap\u00f3s assistirem a v\u00eddeos relacionados ao assunto, as alunas selecionaram imagens por meio do Google e confeccionaram cartazes sobre alimenta\u00e7\u00e3o. Foi ent\u00e3o que resolveram fazer uma consulta com os colegas de todas as turmas, a fim de saber o qu\u00ea eles pensavam ou sabiam a respeito de alimenta\u00e7\u00e3o saud\u00e1vel e como se alimentam. Elas tamb\u00e9m queriam saber sobre a possibilidade de altera\u00e7\u00f5es no tipo e qualidade da merenda comercializada no bar da escola. Ent\u00e3o formularam algumas perguntas (que a professora digitou) e foram nas salas. Confec\u00e7\u00e3o dos cartazes &nbsp; &nbsp;<\/p>\n","protected":false},"author":152,"featured_media":0,"comment_status":"open","ping_status":"open","sticky":false,"template":"","format":"standard","meta":{"footnotes":""},"categories":[19],"tags":[],"class_list":["post-10520","post","type-post","status-publish","format-standard","hentry","category-emilio"],"_links":{"self":[{"href":"https:\/\/redesow.faccat.br\/wordpress\/ceataquara\/wp-json\/wp\/v2\/posts\/10520","targetHints":{"allow":["GET"]}}],"collection":[{"href":"https:\/\/redesow.faccat.br\/wordpress\/ceataquara\/wp-json\/wp\/v2\/posts"}],"about":[{"href":"https:\/\/redesow.faccat.br\/wordpress\/ceataquara\/wp-json\/wp\/v2\/types\/post"}],"author":[{"embeddable":true,"href":"https:\/\/redesow.faccat.br\/wordpress\/ceataquara\/wp-json\/wp\/v2\/users\/152"}],"replies":[{"embeddable":true,"href":"https:\/\/redesow.faccat.br\/wordpress\/ceataquara\/wp-json\/wp\/v2\/comments?post=10520"}],"version-history":[{"count":4,"href":"https:\/\/redesow.faccat.br\/wordpress\/ceataquara\/wp-json\/wp\/v2\/posts\/10520\/revisions"}],"predecessor-version":[{"id":12324,"href":"https:\/\/redesow.faccat.br\/wordpress\/ceataquara\/wp-json\/wp\/v2\/posts\/10520\/revisions\/12324"}],"wp:attachment":[{"href":"https:\/\/redesow.faccat.br\/wordpress\/ceataquara\/wp-json\/wp\/v2\/media?parent=10520"}],"wp:term":[{"taxonomy":"category","embeddable":true,"href":"https:\/\/redesow.faccat.br\/wordpress\/ceataquara\/wp-json\/wp\/v2\/categories?post=10520"},{"taxonomy":"post_tag","embeddable":true,"href":"https:\/\/redesow.faccat.br\/wordpress\/ceataquara\/wp-json\/wp\/v2\/tags?post=10520"}],"curies":[{"name":"wp","href":"https:\/\/api.w.org\/{rel}","templated":true}]}}