{"id":10879,"date":"2018-11-14T21:50:58","date_gmt":"2018-11-14T18:50:58","guid":{"rendered":"http:\/\/redesow.faccat.br\/wordpress\/ceataquara\/?p=10879"},"modified":"2019-06-18T19:50:16","modified_gmt":"2019-06-18T16:50:16","slug":"reutilizacao-de-residuos-solidos-e-campanha-contra-dengue-parte-2","status":"publish","type":"post","link":"https:\/\/redesow.faccat.br\/wordpress\/ceataquara\/arquivos\/10879","title":{"rendered":"Reutiliza\u00e7\u00e3o de Res\u00edduos S\u00f3lidos e Campanha Contra Dengue (parte 2) &#8211; (ODS 3, 6, 11 e 12)"},"content":{"rendered":"<p>Escola Em\u00edlio Leichtveis &#8211; EMEL<\/p>\n<p>Nesse encontro da COM-VIDA, as alunas que comp\u00f5e a Comiss\u00e3o confeccionaram Blocos para Anota\u00e7\u00f5es\u00a0 utilizando CDs velhos e restos de E V A, evitando, com isso, que tais res\u00edduos fossem descartados no lixo comum. Fizeram o delas e dois extras para presentear as diretoras da escola no dia 12 de novembro, Dia do Diretor\/Gestor (a) escolar.<\/p>\n<p>Conclu\u00edda a atividade as alunas foram de sala em sala mostrando um cartaz sobre cuidados para evitar a DENGUE e explicando aos colegas. Os cartazes foram fixados em algumas salas, visto que a escola funciona com salas tem\u00e1ticas.<\/p>\n<p>&nbsp;<\/p>\n<figure id=\"attachment_10880\" class=\"thumbnail wp-caption aligncenter\" style=\"width: 150px\"><img loading=\"lazy\" decoding=\"async\" class=\"size-thumbnail wp-image-10880\" src=\"http:\/\/redesow.faccat.br\/wordpress\/ceataquara\/wp-content\/uploads\/sites\/15\/1-14-150x113.jpg\" alt=\"\" width=\"150\" height=\"113\" srcset=\"https:\/\/redesow.faccat.br\/wordpress\/ceataquara\/wp-content\/uploads\/sites\/15\/1-14-150x113.jpg 150w, https:\/\/redesow.faccat.br\/wordpress\/ceataquara\/wp-content\/uploads\/sites\/15\/1-14.jpg 300w\" sizes=\"auto, (max-width: 150px) 100vw, 150px\" \/><figcaption class=\"caption wp-caption-text\">Confec\u00e7\u00e3o dos Blocos<\/figcaption><\/figure>\n<p>&nbsp;<\/p>\n<figure id=\"attachment_10881\" class=\"thumbnail wp-caption aligncenter\" style=\"width: 150px\"><img loading=\"lazy\" decoding=\"async\" class=\"size-thumbnail wp-image-10881\" src=\"http:\/\/redesow.faccat.br\/wordpress\/ceataquara\/wp-content\/uploads\/sites\/15\/2-16-150x113.jpg\" alt=\"\" width=\"150\" height=\"113\" srcset=\"https:\/\/redesow.faccat.br\/wordpress\/ceataquara\/wp-content\/uploads\/sites\/15\/2-16-150x113.jpg 150w, https:\/\/redesow.faccat.br\/wordpress\/ceataquara\/wp-content\/uploads\/sites\/15\/2-16.jpg 300w\" sizes=\"auto, (max-width: 150px) 100vw, 150px\" \/><figcaption class=\"caption wp-caption-text\">Blocos prontos<\/figcaption><\/figure>\n<p><img loading=\"lazy\" decoding=\"async\" class=\"size-thumbnail wp-image-10882\" style=\"font-weight: bold\" src=\"http:\/\/redesow.faccat.br\/wordpress\/ceataquara\/wp-content\/uploads\/sites\/15\/3-15-150x113.jpg\" alt=\"\" width=\"150\" height=\"113\" srcset=\"https:\/\/redesow.faccat.br\/wordpress\/ceataquara\/wp-content\/uploads\/sites\/15\/3-15-150x113.jpg 150w, https:\/\/redesow.faccat.br\/wordpress\/ceataquara\/wp-content\/uploads\/sites\/15\/3-15.jpg 300w\" sizes=\"auto, (max-width: 150px) 100vw, 150px\" \/><\/p>\n<p>Bloco extra para diretoras<\/p>\n<figure id=\"attachment_10883\" class=\"thumbnail wp-caption aligncenter\" style=\"width: 150px\"><img loading=\"lazy\" decoding=\"async\" class=\"size-thumbnail wp-image-10883\" src=\"http:\/\/redesow.faccat.br\/wordpress\/ceataquara\/wp-content\/uploads\/sites\/15\/4-17-150x113.jpg\" alt=\"\" width=\"150\" height=\"113\" srcset=\"https:\/\/redesow.faccat.br\/wordpress\/ceataquara\/wp-content\/uploads\/sites\/15\/4-17-150x113.jpg 150w, https:\/\/redesow.faccat.br\/wordpress\/ceataquara\/wp-content\/uploads\/sites\/15\/4-17.jpg 300w\" sizes=\"auto, (max-width: 150px) 100vw, 150px\" \/><figcaption class=\"caption wp-caption-text\">Ida as salas de aula<\/figcaption><\/figure>\n<div class=\"mceTemp\"><\/div>\n","protected":false},"excerpt":{"rendered":"<p>Escola Em\u00edlio Leichtveis &#8211; EMEL Nesse encontro da COM-VIDA, as alunas que comp\u00f5e a Comiss\u00e3o confeccionaram Blocos para Anota\u00e7\u00f5es\u00a0 utilizando CDs velhos e restos de E V A, evitando, com isso, que tais res\u00edduos fossem descartados no lixo comum. Fizeram o delas e dois extras para presentear as diretoras da escola no dia 12 de novembro, Dia do Diretor\/Gestor (a) escolar. Conclu\u00edda a atividade as alunas foram de sala em sala mostrando um cartaz sobre cuidados para evitar a DENGUE e explicando aos colegas. Os cartazes foram fixados em algumas salas, visto que a escola funciona com salas tem\u00e1ticas. &nbsp; &nbsp; Bloco extra para diretoras<\/p>\n","protected":false},"author":152,"featured_media":0,"comment_status":"open","ping_status":"open","sticky":false,"template":"","format":"standard","meta":{"footnotes":""},"categories":[19],"tags":[],"class_list":["post-10879","post","type-post","status-publish","format-standard","hentry","category-emilio"],"_links":{"self":[{"href":"https:\/\/redesow.faccat.br\/wordpress\/ceataquara\/wp-json\/wp\/v2\/posts\/10879","targetHints":{"allow":["GET"]}}],"collection":[{"href":"https:\/\/redesow.faccat.br\/wordpress\/ceataquara\/wp-json\/wp\/v2\/posts"}],"about":[{"href":"https:\/\/redesow.faccat.br\/wordpress\/ceataquara\/wp-json\/wp\/v2\/types\/post"}],"author":[{"embeddable":true,"href":"https:\/\/redesow.faccat.br\/wordpress\/ceataquara\/wp-json\/wp\/v2\/users\/152"}],"replies":[{"embeddable":true,"href":"https:\/\/redesow.faccat.br\/wordpress\/ceataquara\/wp-json\/wp\/v2\/comments?post=10879"}],"version-history":[{"count":2,"href":"https:\/\/redesow.faccat.br\/wordpress\/ceataquara\/wp-json\/wp\/v2\/posts\/10879\/revisions"}],"predecessor-version":[{"id":12350,"href":"https:\/\/redesow.faccat.br\/wordpress\/ceataquara\/wp-json\/wp\/v2\/posts\/10879\/revisions\/12350"}],"wp:attachment":[{"href":"https:\/\/redesow.faccat.br\/wordpress\/ceataquara\/wp-json\/wp\/v2\/media?parent=10879"}],"wp:term":[{"taxonomy":"category","embeddable":true,"href":"https:\/\/redesow.faccat.br\/wordpress\/ceataquara\/wp-json\/wp\/v2\/categories?post=10879"},{"taxonomy":"post_tag","embeddable":true,"href":"https:\/\/redesow.faccat.br\/wordpress\/ceataquara\/wp-json\/wp\/v2\/tags?post=10879"}],"curies":[{"name":"wp","href":"https:\/\/api.w.org\/{rel}","templated":true}]}}