{"id":1109,"date":"2015-06-15T21:12:24","date_gmt":"2015-06-15T18:12:24","guid":{"rendered":"http:\/\/redesow.faccat.br\/wordpress\/ceataquara\/?p=1109"},"modified":"2015-08-21T20:25:02","modified_gmt":"2015-08-21T17:25:02","slug":"semana-do-meio-ambiente-do-alipio","status":"publish","type":"post","link":"https:\/\/redesow.faccat.br\/wordpress\/ceataquara\/arquivos\/1109","title":{"rendered":"Semana do Meio Ambiente do Al\u00edpio"},"content":{"rendered":"<p>E.M.E.F. Dr. Al\u00edpio Alfredo Sperb<\/p>\n<p>Semana do Meio Ambiente do Al\u00edpio<\/p>\n<p>A E.M.E.F. Dr. Al\u00edpio Alfredo Sperb envolveu os alunos e a comunidade em atividades alusivas a preserva\u00e7\u00e3o ambiental na Semana do Meio Ambiente. No dia 02 de junho, em ambos os turnos, todos os alunos desfrutaram do material da Sala Verde durante as aulas de Ci\u00eancias e na Hora da Leitura. \u00c0 tarde, ocorreu a abertura do\u00a0projeto &#8220;Todo bichinho \u00e9 meu amiguinho&#8221; onde os alunos trouxeram seus animais de estima\u00e7\u00e3o e os apresentaram uns aos outros. Ap\u00f3s esse momento a COM-VIDA da escola coordenou uma passeata pelo bairro, com a participa\u00e7\u00e3o de 150 alunos, com cartazes enfatizando a import\u00e2ncia da preserva\u00e7\u00e3o ambiental, distribui\u00e7\u00e3o da primeira edi\u00e7\u00e3o do jornal fanzine e coletaram res\u00edduos s\u00f3lidos no decorrer do caminho.<\/p>\n<p>No dia 03 de junho no turno da manh\u00e3, os alunos do 6\u00ba ao 9\u00ba ano assistiram a palestra &#8220;Animais silvestres e dom\u00e9sticos&#8221;, ministrada pelo Sargento Quevedo da PATRAM, que orientou sobre a diferen\u00e7a entre animais silvestres e dom\u00e9sticos bem como a import\u00e2ncia de denunciar os maus tratos. Para finalizar a programa\u00e7\u00e3o, os alunos da tarde trouxeram livros e brinquedos para trocar entre si durante uma pequena Feirinha de Trocas, com o objetivo de diminuir o consumismo.<\/p>\n<p>&nbsp;<\/p>\n<figure id=\"attachment_1132\" class=\"thumbnail wp-caption alignnone\" style=\"width: 300px\"><a href=\"http:\/\/redesow.faccat.br\/wordpress\/ceataquara\/wp-content\/uploads\/sites\/15\/20150603_1534101.jpg\"><img loading=\"lazy\" decoding=\"async\" class=\"size-medium wp-image-1132\" src=\"http:\/\/redesow.faccat.br\/wordpress\/ceataquara\/wp-content\/uploads\/sites\/15\/20150603_1534101-300x169.jpg\" alt=\"Feirinha de trocas\" width=\"300\" height=\"169\" srcset=\"https:\/\/redesow.faccat.br\/wordpress\/ceataquara\/wp-content\/uploads\/sites\/15\/20150603_1534101-300x169.jpg 300w, https:\/\/redesow.faccat.br\/wordpress\/ceataquara\/wp-content\/uploads\/sites\/15\/20150603_1534101-150x84.jpg 150w, https:\/\/redesow.faccat.br\/wordpress\/ceataquara\/wp-content\/uploads\/sites\/15\/20150603_1534101-600x338.jpg 600w\" sizes=\"auto, (max-width: 300px) 100vw, 300px\" \/><\/a><figcaption class=\"caption wp-caption-text\">Feirinha de trocas<\/figcaption><\/figure>\n<figure id=\"attachment_1125\" class=\"thumbnail wp-caption alignnone\" style=\"width: 300px\"><a href=\"http:\/\/redesow.faccat.br\/wordpress\/ceataquara\/wp-content\/uploads\/sites\/15\/Fotor_1434390071294851.jpg\"><img loading=\"lazy\" decoding=\"async\" class=\"size-medium wp-image-1125\" src=\"http:\/\/redesow.faccat.br\/wordpress\/ceataquara\/wp-content\/uploads\/sites\/15\/Fotor_1434390071294851-300x300.jpg\" alt=\"Alunos utilizando o material da Sala Verde\" width=\"300\" height=\"300\" srcset=\"https:\/\/redesow.faccat.br\/wordpress\/ceataquara\/wp-content\/uploads\/sites\/15\/Fotor_1434390071294851-300x300.jpg 300w, https:\/\/redesow.faccat.br\/wordpress\/ceataquara\/wp-content\/uploads\/sites\/15\/Fotor_1434390071294851-150x150.jpg 150w, https:\/\/redesow.faccat.br\/wordpress\/ceataquara\/wp-content\/uploads\/sites\/15\/Fotor_1434390071294851-600x600.jpg 600w\" sizes=\"auto, (max-width: 300px) 100vw, 300px\" \/><\/a><figcaption class=\"caption wp-caption-text\">Alunos utilizando o material da Sala Verde<\/figcaption><\/figure>\n<p><figure id=\"attachment_1130\" class=\"thumbnail wp-caption alignnone\" style=\"width: 300px\"><a href=\"http:\/\/redesow.faccat.br\/wordpress\/ceataquara\/wp-content\/uploads\/sites\/15\/Fotor_1434390481614121.jpg\"><img loading=\"lazy\" decoding=\"async\" class=\"wp-image-1130 size-medium\" src=\"http:\/\/redesow.faccat.br\/wordpress\/ceataquara\/wp-content\/uploads\/sites\/15\/Fotor_1434390481614121-300x300.jpg\" alt=\"Fotor_143439048161412[1]\" width=\"300\" height=\"300\" srcset=\"https:\/\/redesow.faccat.br\/wordpress\/ceataquara\/wp-content\/uploads\/sites\/15\/Fotor_1434390481614121-300x300.jpg 300w, https:\/\/redesow.faccat.br\/wordpress\/ceataquara\/wp-content\/uploads\/sites\/15\/Fotor_1434390481614121-150x150.jpg 150w, https:\/\/redesow.faccat.br\/wordpress\/ceataquara\/wp-content\/uploads\/sites\/15\/Fotor_1434390481614121-600x600.jpg 600w\" sizes=\"auto, (max-width: 300px) 100vw, 300px\" \/><\/a><figcaption class=\"caption wp-caption-text\">Apresenta\u00e7\u00e3o dos animais de estima\u00e7\u00e3o na abertura do Projeto Todo bichinho merece carinho.<\/figcaption><\/figure><figure id=\"attachment_1129\" class=\"thumbnail wp-caption alignnone\" style=\"width: 300px\"><a href=\"http:\/\/redesow.faccat.br\/wordpress\/ceataquara\/wp-content\/uploads\/sites\/15\/Fotor_1434390537192961.jpg\"><img loading=\"lazy\" decoding=\"async\" class=\"wp-image-1129 size-medium\" src=\"http:\/\/redesow.faccat.br\/wordpress\/ceataquara\/wp-content\/uploads\/sites\/15\/Fotor_1434390537192961-300x300.jpg\" alt=\"Fotor_143439053719296[1]\" width=\"300\" height=\"300\" srcset=\"https:\/\/redesow.faccat.br\/wordpress\/ceataquara\/wp-content\/uploads\/sites\/15\/Fotor_1434390537192961-300x300.jpg 300w, https:\/\/redesow.faccat.br\/wordpress\/ceataquara\/wp-content\/uploads\/sites\/15\/Fotor_1434390537192961-150x150.jpg 150w, https:\/\/redesow.faccat.br\/wordpress\/ceataquara\/wp-content\/uploads\/sites\/15\/Fotor_1434390537192961-600x600.jpg 600w\" sizes=\"auto, (max-width: 300px) 100vw, 300px\" \/><\/a><figcaption class=\"caption wp-caption-text\">Palestra sobre animais silvestre e dom\u00e9sticos com Sgt. Quevedo da PATRAM.<\/figcaption><\/figure>&nbsp;<\/p>\n<figure id=\"attachment_1128\" class=\"thumbnail wp-caption alignnone\" style=\"width: 300px\"><a href=\"http:\/\/redesow.faccat.br\/wordpress\/ceataquara\/wp-content\/uploads\/sites\/15\/Fotor_1434390331396441.jpg\"><img loading=\"lazy\" decoding=\"async\" class=\"size-medium wp-image-1128\" src=\"http:\/\/redesow.faccat.br\/wordpress\/ceataquara\/wp-content\/uploads\/sites\/15\/Fotor_1434390331396441-300x300.jpg\" alt=\"Passeata pelo bairro\" width=\"300\" height=\"300\" srcset=\"https:\/\/redesow.faccat.br\/wordpress\/ceataquara\/wp-content\/uploads\/sites\/15\/Fotor_1434390331396441-300x300.jpg 300w, https:\/\/redesow.faccat.br\/wordpress\/ceataquara\/wp-content\/uploads\/sites\/15\/Fotor_1434390331396441-150x150.jpg 150w, https:\/\/redesow.faccat.br\/wordpress\/ceataquara\/wp-content\/uploads\/sites\/15\/Fotor_1434390331396441-600x600.jpg 600w\" sizes=\"auto, (max-width: 300px) 100vw, 300px\" \/><\/a><figcaption class=\"caption wp-caption-text\">Passeata pelo bairro<\/figcaption><\/figure>\n","protected":false},"excerpt":{"rendered":"<p>E.M.E.F. Dr. Al\u00edpio Alfredo Sperb Semana do Meio Ambiente do Al\u00edpio A E.M.E.F. Dr. Al\u00edpio Alfredo Sperb envolveu os alunos e a comunidade em atividades alusivas a preserva\u00e7\u00e3o ambiental na Semana do Meio Ambiente. No dia 02 de junho, em ambos os turnos, todos os alunos desfrutaram do material da Sala Verde durante as aulas de Ci\u00eancias e na Hora da Leitura. \u00c0 tarde, ocorreu a abertura do\u00a0projeto &#8220;Todo bichinho \u00e9 meu amiguinho&#8221; onde os alunos trouxeram seus animais de estima\u00e7\u00e3o e os apresentaram uns aos outros. Ap\u00f3s esse momento a COM-VIDA da escola coordenou uma passeata pelo bairro, com a participa\u00e7\u00e3o de 150 alunos, com cartazes enfatizando a import\u00e2ncia da preserva\u00e7\u00e3o ambiental, distribui\u00e7\u00e3o da primeira edi\u00e7\u00e3o do jornal fanzine e coletaram res\u00edduos s\u00f3lidos no decorrer do caminho. No dia 03 de junho no turno da manh\u00e3, os alunos do &hellip; <a href=\"https:\/\/redesow.faccat.br\/wordpress\/ceataquara\/arquivos\/1109\">Continua<\/a><\/p>\n","protected":false},"author":175,"featured_media":0,"comment_status":"open","ping_status":"open","sticky":false,"template":"","format":"standard","meta":{"footnotes":""},"categories":[6,1],"tags":[],"class_list":["post-1109","post","type-post","status-publish","format-standard","hentry","category-alipio","category-geral"],"_links":{"self":[{"href":"https:\/\/redesow.faccat.br\/wordpress\/ceataquara\/wp-json\/wp\/v2\/posts\/1109","targetHints":{"allow":["GET"]}}],"collection":[{"href":"https:\/\/redesow.faccat.br\/wordpress\/ceataquara\/wp-json\/wp\/v2\/posts"}],"about":[{"href":"https:\/\/redesow.faccat.br\/wordpress\/ceataquara\/wp-json\/wp\/v2\/types\/post"}],"author":[{"embeddable":true,"href":"https:\/\/redesow.faccat.br\/wordpress\/ceataquara\/wp-json\/wp\/v2\/users\/175"}],"replies":[{"embeddable":true,"href":"https:\/\/redesow.faccat.br\/wordpress\/ceataquara\/wp-json\/wp\/v2\/comments?post=1109"}],"version-history":[{"count":2,"href":"https:\/\/redesow.faccat.br\/wordpress\/ceataquara\/wp-json\/wp\/v2\/posts\/1109\/revisions"}],"predecessor-version":[{"id":1932,"href":"https:\/\/redesow.faccat.br\/wordpress\/ceataquara\/wp-json\/wp\/v2\/posts\/1109\/revisions\/1932"}],"wp:attachment":[{"href":"https:\/\/redesow.faccat.br\/wordpress\/ceataquara\/wp-json\/wp\/v2\/media?parent=1109"}],"wp:term":[{"taxonomy":"category","embeddable":true,"href":"https:\/\/redesow.faccat.br\/wordpress\/ceataquara\/wp-json\/wp\/v2\/categories?post=1109"},{"taxonomy":"post_tag","embeddable":true,"href":"https:\/\/redesow.faccat.br\/wordpress\/ceataquara\/wp-json\/wp\/v2\/tags?post=1109"}],"curies":[{"name":"wp","href":"https:\/\/api.w.org\/{rel}","templated":true}]}}