{"id":11170,"date":"2018-12-27T01:21:56","date_gmt":"2018-12-26T22:21:56","guid":{"rendered":"http:\/\/redesow.faccat.br\/wordpress\/ceataquara\/?p=11170"},"modified":"2019-06-18T20:00:03","modified_gmt":"2019-06-18T17:00:03","slug":"acao-da-agenda-21-minhocasa","status":"publish","type":"post","link":"https:\/\/redesow.faccat.br\/wordpress\/ceataquara\/arquivos\/11170","title":{"rendered":"A\u00e7\u00e3o da agenda 21: minhocasa &#8211; (ODS 11)"},"content":{"rendered":"<p>A\u00e7\u00e3o da Agenda 21: minhocas<\/p>\n<p>EMEF J\u00falio Maurer<\/p>\n<p>Os alunos do pr\u00e9 questionaram a sua professora sobre o que seriam as caixas pretas no fim do corredor. Ent\u00e3o a Comvida juntamente com a Professora Melissa elaboraram uma aula pr\u00e1tica sobre o que \u00e9 e para que serve uma minhocasa.<\/p>\n<p>Nessa ocasi\u00e3o os alunos observaram as minhocas com lupas \u00e9 compararam com minhocas dos arredores da escola. Diversos questionamentos surgiram e deuborigem a um trabalho de pesquisa que foi apresentado na FEJUMA, Feira de Inicia\u00e7\u00e3o Cient\u00edfica Julio Maurer, na FEMICTA e na MOSTRATEC J\u00fanior.<\/p>\n<p>&nbsp;<\/p>\n<figure id=\"attachment_11172\" class=\"thumbnail wp-caption alignnone\" style=\"width: 150px\"><img loading=\"lazy\" decoding=\"async\" class=\"size-thumbnail wp-image-11172\" src=\"http:\/\/redesow.faccat.br\/wordpress\/ceataquara\/wp-content\/uploads\/sites\/15\/20181226_201420-150x116.jpg\" alt=\"\" width=\"150\" height=\"116\" srcset=\"https:\/\/redesow.faccat.br\/wordpress\/ceataquara\/wp-content\/uploads\/sites\/15\/20181226_201420-150x116.jpg 150w, https:\/\/redesow.faccat.br\/wordpress\/ceataquara\/wp-content\/uploads\/sites\/15\/20181226_201420-300x232.jpg 300w, https:\/\/redesow.faccat.br\/wordpress\/ceataquara\/wp-content\/uploads\/sites\/15\/20181226_201420-768x594.jpg 768w, https:\/\/redesow.faccat.br\/wordpress\/ceataquara\/wp-content\/uploads\/sites\/15\/20181226_201420-600x464.jpg 600w, https:\/\/redesow.faccat.br\/wordpress\/ceataquara\/wp-content\/uploads\/sites\/15\/20181226_201420.jpg 1073w\" sizes=\"auto, (max-width: 150px) 100vw, 150px\" \/><figcaption class=\"caption wp-caption-text\">Alunos procurando minhocas nos arredores da escola<\/figcaption><\/figure>\n<p>&nbsp;<\/p>\n<div class=\"mceTemp\"><img loading=\"lazy\" decoding=\"async\" class=\"size-thumbnail wp-image-11173\" src=\"http:\/\/redesow.faccat.br\/wordpress\/ceataquara\/wp-content\/uploads\/sites\/15\/20181226_201436-150x106.jpg\" alt=\"\" width=\"150\" height=\"106\" srcset=\"https:\/\/redesow.faccat.br\/wordpress\/ceataquara\/wp-content\/uploads\/sites\/15\/20181226_201436-150x106.jpg 150w, https:\/\/redesow.faccat.br\/wordpress\/ceataquara\/wp-content\/uploads\/sites\/15\/20181226_201436-300x213.jpg 300w, https:\/\/redesow.faccat.br\/wordpress\/ceataquara\/wp-content\/uploads\/sites\/15\/20181226_201436-768x544.jpg 768w, https:\/\/redesow.faccat.br\/wordpress\/ceataquara\/wp-content\/uploads\/sites\/15\/20181226_201436-600x425.jpg 600w, https:\/\/redesow.faccat.br\/wordpress\/ceataquara\/wp-content\/uploads\/sites\/15\/20181226_201436.jpg 1080w\" sizes=\"auto, (max-width: 150px) 100vw, 150px\" \/><\/p>\n<ol id=\"attachment_11173\" class=\"wp-caption alignnone\" style=\"width: 150px\">Alunos analisando as minhocas do minhocario e dos arredores da escola<\/ol>\n<\/div>\n","protected":false},"excerpt":{"rendered":"<p>A\u00e7\u00e3o da Agenda 21: minhocas EMEF J\u00falio Maurer Os alunos do pr\u00e9 questionaram a sua professora sobre o que seriam as caixas pretas no fim do corredor. Ent\u00e3o a Comvida juntamente com a Professora Melissa elaboraram uma aula pr\u00e1tica sobre o que \u00e9 e para que serve uma minhocasa. Nessa ocasi\u00e3o os alunos observaram as minhocas com lupas \u00e9 compararam com minhocas dos arredores da escola. Diversos questionamentos surgiram e deuborigem a um trabalho de pesquisa que foi apresentado na FEJUMA, Feira de Inicia\u00e7\u00e3o Cient\u00edfica Julio Maurer, na FEMICTA e na MOSTRATEC J\u00fanior. &nbsp; &nbsp; Alunos analisando as minhocas do minhocario e dos arredores da escola<\/p>\n","protected":false},"author":175,"featured_media":0,"comment_status":"open","ping_status":"open","sticky":false,"template":"","format":"standard","meta":{"footnotes":""},"categories":[1,20],"tags":[],"class_list":["post-11170","post","type-post","status-publish","format-standard","hentry","category-geral","category-julio-maurer"],"_links":{"self":[{"href":"https:\/\/redesow.faccat.br\/wordpress\/ceataquara\/wp-json\/wp\/v2\/posts\/11170","targetHints":{"allow":["GET"]}}],"collection":[{"href":"https:\/\/redesow.faccat.br\/wordpress\/ceataquara\/wp-json\/wp\/v2\/posts"}],"about":[{"href":"https:\/\/redesow.faccat.br\/wordpress\/ceataquara\/wp-json\/wp\/v2\/types\/post"}],"author":[{"embeddable":true,"href":"https:\/\/redesow.faccat.br\/wordpress\/ceataquara\/wp-json\/wp\/v2\/users\/175"}],"replies":[{"embeddable":true,"href":"https:\/\/redesow.faccat.br\/wordpress\/ceataquara\/wp-json\/wp\/v2\/comments?post=11170"}],"version-history":[{"count":4,"href":"https:\/\/redesow.faccat.br\/wordpress\/ceataquara\/wp-json\/wp\/v2\/posts\/11170\/revisions"}],"predecessor-version":[{"id":12381,"href":"https:\/\/redesow.faccat.br\/wordpress\/ceataquara\/wp-json\/wp\/v2\/posts\/11170\/revisions\/12381"}],"wp:attachment":[{"href":"https:\/\/redesow.faccat.br\/wordpress\/ceataquara\/wp-json\/wp\/v2\/media?parent=11170"}],"wp:term":[{"taxonomy":"category","embeddable":true,"href":"https:\/\/redesow.faccat.br\/wordpress\/ceataquara\/wp-json\/wp\/v2\/categories?post=11170"},{"taxonomy":"post_tag","embeddable":true,"href":"https:\/\/redesow.faccat.br\/wordpress\/ceataquara\/wp-json\/wp\/v2\/tags?post=11170"}],"curies":[{"name":"wp","href":"https:\/\/api.w.org\/{rel}","templated":true}]}}