{"id":1147,"date":"2015-06-15T21:49:50","date_gmt":"2015-06-15T18:49:50","guid":{"rendered":"http:\/\/redesow.faccat.br\/wordpress\/ceataquara\/?p=1147"},"modified":"2015-08-21T20:15:29","modified_gmt":"2015-08-21T17:15:29","slug":"primeira-edicao-do-jornal-fanzine-do-com-vida-do-alipio","status":"publish","type":"post","link":"https:\/\/redesow.faccat.br\/wordpress\/ceataquara\/arquivos\/1147","title":{"rendered":"Educomunica\u00e7\u00e3o: Primeira edi\u00e7\u00e3o do Jornal Fanzine do COM-VIDA do Al\u00edpio"},"content":{"rendered":"<p>E.M.E.F. Dr Al\u00edpio Alfredo Sperb<\/p>\n<p>Educomunica\u00e7\u00e3o: Primeira edi\u00e7\u00e3o do Jornal Fanzine do COM-VIDA do Al\u00edpio<\/p>\n<p>Os alunos da COM-VIDA do Al\u00edpio confeccionaram um fanzine com diversos textos e ilustra\u00e7\u00f5es sobre temas relacionados ao meio ambiente como as a\u00e7\u00f5es da COM-VIDA na escola, alimenta\u00e7\u00e3o saud\u00e1vel, separa\u00e7\u00e3o de lixo al\u00e9m de conscientizar sobre o tr\u00e2nsito.<\/p>\n<p>O fanzine foi distribu\u00eddo durante a passeata feita no bairro na Semana de Meio Ambiente e durante a Parada Ecol\u00f3gica no dia 22 de agosto.<\/p>\n<figure id=\"attachment_1150\" class=\"thumbnail wp-caption alignnone\" style=\"width: 300px\"><a href=\"http:\/\/redesow.faccat.br\/wordpress\/ceataquara\/wp-content\/uploads\/sites\/15\/20150527_1648211.jpg\"><img loading=\"lazy\" decoding=\"async\" class=\"wp-image-1150 size-medium\" src=\"http:\/\/redesow.faccat.br\/wordpress\/ceataquara\/wp-content\/uploads\/sites\/15\/20150527_1648211-300x169.jpg\" alt=\"20150527_164821[1]\" width=\"300\" height=\"169\" srcset=\"https:\/\/redesow.faccat.br\/wordpress\/ceataquara\/wp-content\/uploads\/sites\/15\/20150527_1648211-300x169.jpg 300w, https:\/\/redesow.faccat.br\/wordpress\/ceataquara\/wp-content\/uploads\/sites\/15\/20150527_1648211-150x84.jpg 150w, https:\/\/redesow.faccat.br\/wordpress\/ceataquara\/wp-content\/uploads\/sites\/15\/20150527_1648211-600x338.jpg 600w\" sizes=\"auto, (max-width: 300px) 100vw, 300px\" \/><\/a><figcaption class=\"caption wp-caption-text\">Capa da primeira edi\u00e7\u00e3o do jornal fanzine.<\/figcaption><\/figure>\n<figure id=\"attachment_1148\" class=\"thumbnail wp-caption alignnone\" style=\"width: 300px\"><a href=\"http:\/\/redesow.faccat.br\/wordpress\/ceataquara\/wp-content\/uploads\/sites\/15\/20150527_1648081.jpg\"><img loading=\"lazy\" decoding=\"async\" class=\"size-medium wp-image-1148\" src=\"http:\/\/redesow.faccat.br\/wordpress\/ceataquara\/wp-content\/uploads\/sites\/15\/20150527_1648081-300x169.jpg\" alt=\"Confec\u00e7\u00e3o da primeira edi\u00e7\u00e3o do jornal fanzine da COM-VIDA do Al\u00edpio\" width=\"300\" height=\"169\" srcset=\"https:\/\/redesow.faccat.br\/wordpress\/ceataquara\/wp-content\/uploads\/sites\/15\/20150527_1648081-300x169.jpg 300w, https:\/\/redesow.faccat.br\/wordpress\/ceataquara\/wp-content\/uploads\/sites\/15\/20150527_1648081-150x84.jpg 150w, https:\/\/redesow.faccat.br\/wordpress\/ceataquara\/wp-content\/uploads\/sites\/15\/20150527_1648081-600x338.jpg 600w\" sizes=\"auto, (max-width: 300px) 100vw, 300px\" \/><\/a><figcaption class=\"caption wp-caption-text\">Confec\u00e7\u00e3o da primeira edi\u00e7\u00e3o do jornal fanzine da COM-VIDA do Al\u00edpio<\/figcaption><\/figure>\n","protected":false},"excerpt":{"rendered":"<p>E.M.E.F. Dr Al\u00edpio Alfredo Sperb Educomunica\u00e7\u00e3o: Primeira edi\u00e7\u00e3o do Jornal Fanzine do COM-VIDA do Al\u00edpio Os alunos da COM-VIDA do Al\u00edpio confeccionaram um fanzine com diversos textos e ilustra\u00e7\u00f5es sobre temas relacionados ao meio ambiente como as a\u00e7\u00f5es da COM-VIDA na escola, alimenta\u00e7\u00e3o saud\u00e1vel, separa\u00e7\u00e3o de lixo al\u00e9m de conscientizar sobre o tr\u00e2nsito. O fanzine foi distribu\u00eddo durante a passeata feita no bairro na Semana de Meio Ambiente e durante a Parada Ecol\u00f3gica no dia 22 de agosto. &nbsp;<\/p>\n","protected":false},"author":175,"featured_media":0,"comment_status":"open","ping_status":"open","sticky":false,"template":"","format":"standard","meta":{"footnotes":""},"categories":[6,1],"tags":[],"class_list":["post-1147","post","type-post","status-publish","format-standard","hentry","category-alipio","category-geral"],"_links":{"self":[{"href":"https:\/\/redesow.faccat.br\/wordpress\/ceataquara\/wp-json\/wp\/v2\/posts\/1147","targetHints":{"allow":["GET"]}}],"collection":[{"href":"https:\/\/redesow.faccat.br\/wordpress\/ceataquara\/wp-json\/wp\/v2\/posts"}],"about":[{"href":"https:\/\/redesow.faccat.br\/wordpress\/ceataquara\/wp-json\/wp\/v2\/types\/post"}],"author":[{"embeddable":true,"href":"https:\/\/redesow.faccat.br\/wordpress\/ceataquara\/wp-json\/wp\/v2\/users\/175"}],"replies":[{"embeddable":true,"href":"https:\/\/redesow.faccat.br\/wordpress\/ceataquara\/wp-json\/wp\/v2\/comments?post=1147"}],"version-history":[{"count":4,"href":"https:\/\/redesow.faccat.br\/wordpress\/ceataquara\/wp-json\/wp\/v2\/posts\/1147\/revisions"}],"predecessor-version":[{"id":1930,"href":"https:\/\/redesow.faccat.br\/wordpress\/ceataquara\/wp-json\/wp\/v2\/posts\/1147\/revisions\/1930"}],"wp:attachment":[{"href":"https:\/\/redesow.faccat.br\/wordpress\/ceataquara\/wp-json\/wp\/v2\/media?parent=1147"}],"wp:term":[{"taxonomy":"category","embeddable":true,"href":"https:\/\/redesow.faccat.br\/wordpress\/ceataquara\/wp-json\/wp\/v2\/categories?post=1147"},{"taxonomy":"post_tag","embeddable":true,"href":"https:\/\/redesow.faccat.br\/wordpress\/ceataquara\/wp-json\/wp\/v2\/tags?post=1147"}],"curies":[{"name":"wp","href":"https:\/\/api.w.org\/{rel}","templated":true}]}}