{"id":11520,"date":"2019-05-13T20:07:06","date_gmt":"2019-05-13T17:07:06","guid":{"rendered":"http:\/\/redesow.faccat.br\/wordpress\/ceataquara\/?p=11520"},"modified":"2019-06-18T21:59:18","modified_gmt":"2019-06-18T18:59:18","slug":"programacao-semana-do-meio-ambiente-8","status":"publish","type":"post","link":"https:\/\/redesow.faccat.br\/wordpress\/ceataquara\/arquivos\/11520","title":{"rendered":"Programa\u00e7\u00e3o: Semana do meio ambiente &#8211; (ODS 4, 11 e 12)"},"content":{"rendered":"\n<p> Para o m\u00eas de junho a E.M.E.F.<a href=\"https:\/\/www.facebook.com\/emef.luisboes.5\"> Lu\u00eds B\u00f6es p<\/a>reparou v\u00e1rias atividades em comemora\u00e7\u00e3o a semana do Meio ambiente.<\/p>\n\n\n\n<p> <\/p>\n\n\n\n<h2 class=\"wp-block-heading\"><strong><em>Confira!<\/em><\/strong><\/h2>\n\n\n\n<p>Hor\u00e1rio Mostra de trabalhos: Manh\u00e3 &#8211; 10h 30min Tarde \u2013 15:30&nbsp;<\/p>\n\n\n\n<p>SEGUNDA 3 de junho:\u00a0Manh\u00e3 -Meio ambiente e cidadania\u00a0<strong>Pr\u00e9\u00a0 \u00a0<\/strong>\u00a0\u00a0 \u00a0 \u00a0 \u00a0 \u00a0 \u00a0 \u00a0 \u00a0 \u00a0 \u00a0 \u00a0 \u00a0 \u00a0 \u00a0 \u00a0 \u00a0 \u00a0 \u00a0 \u00a0 \u00a0 \u00a0 \u00a0 \u00a0 \u00a0 \u00a0 \u00a0 \u00a0 \u00a0 \u00a0 \u00a0 \u00a0 Tarde &#8211;\u00a0Cuidado com o meio ambiente atrav\u00e9s de hist\u00f3rias\u00a0<strong>Pr\u00e9<\/strong>\u00a0<\/p>\n\n\n\n<p>TER\u00c7A 4 de junho: Manh\u00e3-\u00a0Consci\u00eancia ecol\u00f3gica\u00a0<strong>4\u00ba ano<\/strong>\u00a0 \u00a0 \u00a0 \u00a0 \u00a0 \u00a0 \u00a0 \u00a0 \u00a0 \u00a0 \u00a0 \u00a0 \u00a0 \u00a0 \u00a0 \u00a0 \u00a0 \u00a0 \u00a0 \u00a0 \u00a0 \u00a0 \u00a0 \u00a0 \u00a0 \u00a0 \u00a0 \u00a0 \u00a0 \u00a0 \u00a0 \u00a0 \u00a0 \u00a0 \u00a0 Tarde &#8211;\u00a0Cuidado com o lixo\u00a0<strong>1\u00ba ano<\/strong>\u00a0<\/p>\n\n\n\n<p>QUARTA 5 de junho: Manh\u00e3 &#8211;&nbsp;Consci\u00eancia ecol\u00f3gica: reaproveitamento e reciclagem 5\u00ba&nbsp; &nbsp; &nbsp; &nbsp; &nbsp; &nbsp; &nbsp; &nbsp; &nbsp; &nbsp; &nbsp; &nbsp; &nbsp; &nbsp; &nbsp; &nbsp; &nbsp; &nbsp; &nbsp; &nbsp; &nbsp; &nbsp; &nbsp; &nbsp; &nbsp; &nbsp; &nbsp; &nbsp; &nbsp; &nbsp; &nbsp; Tarde&nbsp;&#8211;&nbsp;&nbsp;Lixo, reciclagem e desperd\u00edcio 2\u00ba ano&nbsp;<\/p>\n\n\n\n<p>QUINTA 6 de junho: Manh\u00e3 &#8211;&nbsp;Hora do conto \u201cA \u00daltima flor amarela\u201d&nbsp;<strong>3\u00ba ano<\/strong>&nbsp;<\/p>\n\n\n\n<p><\/p>\n\n\n\n<ul class=\"wp-block-gallery columns-0 is-cropped wp-block-gallery-1 is-layout-flex wp-block-gallery-is-layout-flex\"><\/ul>\n","protected":false},"excerpt":{"rendered":"<p>Para o m\u00eas de junho a E.M.E.F. Lu\u00eds B\u00f6es preparou v\u00e1rias atividades em comemora\u00e7\u00e3o a semana do Meio ambiente. Confira! Hor\u00e1rio Mostra de trabalhos: Manh\u00e3 &#8211; 10h 30min Tarde \u2013 15:30&nbsp; SEGUNDA 3 de junho:\u00a0Manh\u00e3 -Meio ambiente e cidadania\u00a0Pr\u00e9\u00a0 \u00a0\u00a0\u00a0 \u00a0 \u00a0 \u00a0 \u00a0 \u00a0 \u00a0 \u00a0 \u00a0 \u00a0 \u00a0 \u00a0 \u00a0 \u00a0 \u00a0 \u00a0 \u00a0 \u00a0 \u00a0 \u00a0 \u00a0 \u00a0 \u00a0 \u00a0 \u00a0 \u00a0 \u00a0 \u00a0 \u00a0 \u00a0 \u00a0 Tarde &#8211;\u00a0Cuidado com o meio ambiente atrav\u00e9s de hist\u00f3rias\u00a0Pr\u00e9\u00a0 TER\u00c7A 4 de junho: Manh\u00e3-\u00a0Consci\u00eancia ecol\u00f3gica\u00a04\u00ba ano\u00a0 \u00a0 \u00a0 \u00a0 \u00a0 \u00a0 \u00a0 \u00a0 \u00a0 \u00a0 \u00a0 \u00a0 \u00a0 \u00a0 \u00a0 \u00a0 \u00a0 \u00a0 \u00a0 \u00a0 \u00a0 \u00a0 \u00a0 \u00a0 \u00a0 \u00a0 \u00a0 \u00a0 \u00a0 \u00a0 \u00a0 \u00a0 \u00a0 \u00a0 \u00a0 Tarde &#8211;\u00a0Cuidado com o lixo\u00a01\u00ba ano\u00a0 QUARTA 5 de junho: Manh\u00e3 &#8211;&nbsp;Consci\u00eancia ecol\u00f3gica: reaproveitamento e reciclagem 5\u00ba&nbsp; &nbsp; &nbsp; &nbsp; &hellip; <a href=\"https:\/\/redesow.faccat.br\/wordpress\/ceataquara\/arquivos\/11520\">Continua<\/a><\/p>\n","protected":false},"author":247,"featured_media":0,"comment_status":"open","ping_status":"open","sticky":false,"template":"","format":"standard","meta":{"footnotes":""},"categories":[1],"tags":[],"class_list":["post-11520","post","type-post","status-publish","format-standard","hentry","category-geral"],"_links":{"self":[{"href":"https:\/\/redesow.faccat.br\/wordpress\/ceataquara\/wp-json\/wp\/v2\/posts\/11520","targetHints":{"allow":["GET"]}}],"collection":[{"href":"https:\/\/redesow.faccat.br\/wordpress\/ceataquara\/wp-json\/wp\/v2\/posts"}],"about":[{"href":"https:\/\/redesow.faccat.br\/wordpress\/ceataquara\/wp-json\/wp\/v2\/types\/post"}],"author":[{"embeddable":true,"href":"https:\/\/redesow.faccat.br\/wordpress\/ceataquara\/wp-json\/wp\/v2\/users\/247"}],"replies":[{"embeddable":true,"href":"https:\/\/redesow.faccat.br\/wordpress\/ceataquara\/wp-json\/wp\/v2\/comments?post=11520"}],"version-history":[{"count":3,"href":"https:\/\/redesow.faccat.br\/wordpress\/ceataquara\/wp-json\/wp\/v2\/posts\/11520\/revisions"}],"predecessor-version":[{"id":12460,"href":"https:\/\/redesow.faccat.br\/wordpress\/ceataquara\/wp-json\/wp\/v2\/posts\/11520\/revisions\/12460"}],"wp:attachment":[{"href":"https:\/\/redesow.faccat.br\/wordpress\/ceataquara\/wp-json\/wp\/v2\/media?parent=11520"}],"wp:term":[{"taxonomy":"category","embeddable":true,"href":"https:\/\/redesow.faccat.br\/wordpress\/ceataquara\/wp-json\/wp\/v2\/categories?post=11520"},{"taxonomy":"post_tag","embeddable":true,"href":"https:\/\/redesow.faccat.br\/wordpress\/ceataquara\/wp-json\/wp\/v2\/tags?post=11520"}],"curies":[{"name":"wp","href":"https:\/\/api.w.org\/{rel}","templated":true}]}}