{"id":1154,"date":"2015-06-16T04:11:42","date_gmt":"2015-06-16T01:11:42","guid":{"rendered":"http:\/\/redesow.faccat.br\/wordpress\/ceataquara\/?p=1154"},"modified":"2015-06-16T04:11:42","modified_gmt":"2015-06-16T01:11:42","slug":"semana-do-meio-ambiente-escola-getulio-vargas","status":"publish","type":"post","link":"https:\/\/redesow.faccat.br\/wordpress\/ceataquara\/arquivos\/1154","title":{"rendered":"SEMANA DO MEIO AMBIENTE &#8211; ESCOLA GET\u00daLIO VARGAS"},"content":{"rendered":"<p>A Semana do Meio Ambiente da Escola Get\u00falio Vargas iniciou na data de 03\/06\/15 e se estendeu at\u00e9 a data de 12\/06\/15, foram realizadas diversas atividades que envolveram todas as turmas dos anos iniciais e finais e a COM-VIDA da escola.As atividades desenvolvidas com os anos iniciais foram: confec\u00e7\u00e3o de cartazes sobre os tipos de res\u00edduos<\/p>\n<figure id=\"attachment_1158\" class=\"thumbnail wp-caption alignnone\" style=\"width: 300px\"><a href=\"http:\/\/redesow.faccat.br\/wordpress\/ceataquara\/wp-content\/uploads\/sites\/15\/IMG_0279.jpg\"><img loading=\"lazy\" decoding=\"async\" class=\"wp-image-1158 size-medium\" src=\"http:\/\/redesow.faccat.br\/wordpress\/ceataquara\/wp-content\/uploads\/sites\/15\/IMG_0279-300x169.jpg\" alt=\"S\u00e9ries Iniciais Escola Get\u00falio Vargas\" width=\"300\" height=\"169\" srcset=\"https:\/\/redesow.faccat.br\/wordpress\/ceataquara\/wp-content\/uploads\/sites\/15\/IMG_0279-300x169.jpg 300w, https:\/\/redesow.faccat.br\/wordpress\/ceataquara\/wp-content\/uploads\/sites\/15\/IMG_0279-150x84.jpg 150w, https:\/\/redesow.faccat.br\/wordpress\/ceataquara\/wp-content\/uploads\/sites\/15\/IMG_0279-600x338.jpg 600w, https:\/\/redesow.faccat.br\/wordpress\/ceataquara\/wp-content\/uploads\/sites\/15\/IMG_0279.jpg 1280w\" sizes=\"auto, (max-width: 300px) 100vw, 300px\" \/><\/a><figcaption class=\"caption wp-caption-text\">Cartaz tipos de res\u00edduos s\u00f3lidos<\/figcaption><\/figure>\n<p>e sensibiliza\u00e7\u00e3o ambiental sobre o dia do meio ambiente<\/p>\n<figure id=\"attachment_1159\" class=\"thumbnail wp-caption alignnone\" style=\"width: 169px\"><a href=\"http:\/\/redesow.faccat.br\/wordpress\/ceataquara\/wp-content\/uploads\/sites\/15\/IMG_0280.jpg\"><img loading=\"lazy\" decoding=\"async\" class=\"size-medium wp-image-1159\" src=\"http:\/\/redesow.faccat.br\/wordpress\/ceataquara\/wp-content\/uploads\/sites\/15\/IMG_0280-169x300.jpg\" alt=\"S\u00e9ries Iniciais Get\u00falio Vargas\" width=\"169\" height=\"300\" srcset=\"https:\/\/redesow.faccat.br\/wordpress\/ceataquara\/wp-content\/uploads\/sites\/15\/IMG_0280-169x300.jpg 169w, https:\/\/redesow.faccat.br\/wordpress\/ceataquara\/wp-content\/uploads\/sites\/15\/IMG_0280-84x150.jpg 84w, https:\/\/redesow.faccat.br\/wordpress\/ceataquara\/wp-content\/uploads\/sites\/15\/IMG_0280-338x600.jpg 338w, https:\/\/redesow.faccat.br\/wordpress\/ceataquara\/wp-content\/uploads\/sites\/15\/IMG_0280.jpg 721w\" sizes=\"auto, (max-width: 169px) 100vw, 169px\" \/><\/a><figcaption class=\"caption wp-caption-text\">Cartaz dia do Meio Ambiente<\/figcaption><\/figure>\n<p>, seu significado e a\u00e7\u00f5es que podemos realizar em benef\u00edcio da natureza.<a href=\"http:\/\/redesow.faccat.br\/wordpress\/ceataquara\/wp-content\/uploads\/sites\/15\/IMG_0278.jpg\"><img loading=\"lazy\" decoding=\"async\" class=\"alignnone size-medium wp-image-1157\" src=\"http:\/\/redesow.faccat.br\/wordpress\/ceataquara\/wp-content\/uploads\/sites\/15\/IMG_0278-300x169.jpg\" alt=\"IMG_0278\" width=\"300\" height=\"169\" srcset=\"https:\/\/redesow.faccat.br\/wordpress\/ceataquara\/wp-content\/uploads\/sites\/15\/IMG_0278-300x169.jpg 300w, https:\/\/redesow.faccat.br\/wordpress\/ceataquara\/wp-content\/uploads\/sites\/15\/IMG_0278-150x84.jpg 150w, https:\/\/redesow.faccat.br\/wordpress\/ceataquara\/wp-content\/uploads\/sites\/15\/IMG_0278-600x338.jpg 600w, https:\/\/redesow.faccat.br\/wordpress\/ceataquara\/wp-content\/uploads\/sites\/15\/IMG_0278.jpg 1280w\" sizes=\"auto, (max-width: 300px) 100vw, 300px\" \/><\/a><\/p>\n<figure id=\"attachment_1156\" class=\"thumbnail wp-caption alignnone\" style=\"width: 300px\"><a href=\"http:\/\/redesow.faccat.br\/wordpress\/ceataquara\/wp-content\/uploads\/sites\/15\/IMG_0277.jpg\"><img loading=\"lazy\" decoding=\"async\" class=\"size-medium wp-image-1156\" src=\"http:\/\/redesow.faccat.br\/wordpress\/ceataquara\/wp-content\/uploads\/sites\/15\/IMG_0277-300x169.jpg\" alt=\"Sensibiliza\u00e7\u00e3o ambiental - Get\u00falio Vargas\" width=\"300\" height=\"169\" srcset=\"https:\/\/redesow.faccat.br\/wordpress\/ceataquara\/wp-content\/uploads\/sites\/15\/IMG_0277-300x169.jpg 300w, https:\/\/redesow.faccat.br\/wordpress\/ceataquara\/wp-content\/uploads\/sites\/15\/IMG_0277-150x84.jpg 150w, https:\/\/redesow.faccat.br\/wordpress\/ceataquara\/wp-content\/uploads\/sites\/15\/IMG_0277-600x338.jpg 600w, https:\/\/redesow.faccat.br\/wordpress\/ceataquara\/wp-content\/uploads\/sites\/15\/IMG_0277.jpg 1280w\" sizes=\"auto, (max-width: 300px) 100vw, 300px\" \/><\/a><figcaption class=\"caption wp-caption-text\">Sensibiliza\u00e7\u00e3o ambiental &#8211; Get\u00falio Vargas<\/figcaption><\/figure>\n<p>Os alunos dos anos finais desenvolveram a\u00e7\u00f5es em parceria com a COM-VIDA: Sala Verde<a href=\"http:\/\/redesow.faccat.br\/wordpress\/ceataquara\/wp-content\/uploads\/sites\/15\/IMG_0316.jpg\"><img loading=\"lazy\" decoding=\"async\" class=\"alignnone size-medium wp-image-1161\" src=\"http:\/\/redesow.faccat.br\/wordpress\/ceataquara\/wp-content\/uploads\/sites\/15\/IMG_0316-300x225.jpg\" alt=\"IMG_0316\" width=\"300\" height=\"225\" srcset=\"https:\/\/redesow.faccat.br\/wordpress\/ceataquara\/wp-content\/uploads\/sites\/15\/IMG_0316-300x225.jpg 300w, https:\/\/redesow.faccat.br\/wordpress\/ceataquara\/wp-content\/uploads\/sites\/15\/IMG_0316-150x113.jpg 150w, https:\/\/redesow.faccat.br\/wordpress\/ceataquara\/wp-content\/uploads\/sites\/15\/IMG_0316-600x450.jpg 600w\" sizes=\"auto, (max-width: 300px) 100vw, 300px\" \/><\/a><\/p>\n<figure id=\"attachment_1160\" class=\"thumbnail wp-caption alignnone\" style=\"width: 300px\"><a href=\"http:\/\/redesow.faccat.br\/wordpress\/ceataquara\/wp-content\/uploads\/sites\/15\/IMG_0283.jpg\"><img loading=\"lazy\" decoding=\"async\" class=\"size-medium wp-image-1160\" src=\"http:\/\/redesow.faccat.br\/wordpress\/ceataquara\/wp-content\/uploads\/sites\/15\/IMG_0283-300x169.jpg\" alt=\"Sala Verde - Alunos Escola Get\u00falio Vargas\" width=\"300\" height=\"169\" srcset=\"https:\/\/redesow.faccat.br\/wordpress\/ceataquara\/wp-content\/uploads\/sites\/15\/IMG_0283-300x169.jpg 300w, https:\/\/redesow.faccat.br\/wordpress\/ceataquara\/wp-content\/uploads\/sites\/15\/IMG_0283-150x84.jpg 150w, https:\/\/redesow.faccat.br\/wordpress\/ceataquara\/wp-content\/uploads\/sites\/15\/IMG_0283-600x338.jpg 600w, https:\/\/redesow.faccat.br\/wordpress\/ceataquara\/wp-content\/uploads\/sites\/15\/IMG_0283.jpg 1280w\" sizes=\"auto, (max-width: 300px) 100vw, 300px\" \/><\/a><figcaption class=\"caption wp-caption-text\">Sala Verde &#8211; Alunos Escola Get\u00falio Vargas<\/figcaption><\/figure>\n<p>, onde os alunos tiveram a oportunidade de ler assuntos relacionados ao meio ambiente e debater quest\u00f5es pertinentes; teatro sobre o aquecimento global que foi apresentado para todos os alunos do turno da manh\u00e3; <a href=\"http:\/\/redesow.faccat.br\/wordpress\/ceataquara\/wp-content\/uploads\/sites\/15\/IMG_0457.jpg\"><img loading=\"lazy\" decoding=\"async\" class=\"alignnone size-medium wp-image-1171\" src=\"http:\/\/redesow.faccat.br\/wordpress\/ceataquara\/wp-content\/uploads\/sites\/15\/IMG_0457-300x169.jpg\" alt=\"IMG_0457\" width=\"300\" height=\"169\" srcset=\"https:\/\/redesow.faccat.br\/wordpress\/ceataquara\/wp-content\/uploads\/sites\/15\/IMG_0457-300x169.jpg 300w, https:\/\/redesow.faccat.br\/wordpress\/ceataquara\/wp-content\/uploads\/sites\/15\/IMG_0457-150x84.jpg 150w, https:\/\/redesow.faccat.br\/wordpress\/ceataquara\/wp-content\/uploads\/sites\/15\/IMG_0457-600x338.jpg 600w, https:\/\/redesow.faccat.br\/wordpress\/ceataquara\/wp-content\/uploads\/sites\/15\/IMG_0457.jpg 1280w\" sizes=\"auto, (max-width: 300px) 100vw, 300px\" \/><\/a> <a href=\"http:\/\/redesow.faccat.br\/wordpress\/ceataquara\/wp-content\/uploads\/sites\/15\/IMG_0449.jpg\"><img loading=\"lazy\" decoding=\"async\" class=\"alignnone size-medium wp-image-1170\" src=\"http:\/\/redesow.faccat.br\/wordpress\/ceataquara\/wp-content\/uploads\/sites\/15\/IMG_0449-300x169.jpg\" alt=\"IMG_0449\" width=\"300\" height=\"169\" srcset=\"https:\/\/redesow.faccat.br\/wordpress\/ceataquara\/wp-content\/uploads\/sites\/15\/IMG_0449-300x169.jpg 300w, https:\/\/redesow.faccat.br\/wordpress\/ceataquara\/wp-content\/uploads\/sites\/15\/IMG_0449-150x84.jpg 150w, https:\/\/redesow.faccat.br\/wordpress\/ceataquara\/wp-content\/uploads\/sites\/15\/IMG_0449-600x338.jpg 600w, https:\/\/redesow.faccat.br\/wordpress\/ceataquara\/wp-content\/uploads\/sites\/15\/IMG_0449.jpg 1280w\" sizes=\"auto, (max-width: 300px) 100vw, 300px\" \/><\/a><\/p>\n<figure id=\"attachment_1167\" class=\"thumbnail wp-caption alignnone\" style=\"width: 300px\"><a href=\"http:\/\/redesow.faccat.br\/wordpress\/ceataquara\/wp-content\/uploads\/sites\/15\/IMG_0427.jpg\"><img loading=\"lazy\" decoding=\"async\" class=\"size-medium wp-image-1167\" src=\"http:\/\/redesow.faccat.br\/wordpress\/ceataquara\/wp-content\/uploads\/sites\/15\/IMG_0427-300x225.jpg\" alt=\"Teatro Aquecimento Global - Escola Get\u00falio Vargas\" width=\"300\" height=\"225\" srcset=\"https:\/\/redesow.faccat.br\/wordpress\/ceataquara\/wp-content\/uploads\/sites\/15\/IMG_0427-300x225.jpg 300w, https:\/\/redesow.faccat.br\/wordpress\/ceataquara\/wp-content\/uploads\/sites\/15\/IMG_0427-150x113.jpg 150w, https:\/\/redesow.faccat.br\/wordpress\/ceataquara\/wp-content\/uploads\/sites\/15\/IMG_0427-600x450.jpg 600w\" sizes=\"auto, (max-width: 300px) 100vw, 300px\" \/><\/a><figcaption class=\"caption wp-caption-text\">Teatro Aquecimento Global &#8211; Escola Get\u00falio Vargas<\/figcaption><\/figure>\n<p>sensibiliza\u00e7\u00e3o sobre a preserva\u00e7\u00e3o da fauna da bacia hidrogr\u00e1fica do Rio dos Sinos<\/p>\n<figure id=\"attachment_1166\" class=\"thumbnail wp-caption alignnone\" style=\"width: 300px\"><a href=\"http:\/\/redesow.faccat.br\/wordpress\/ceataquara\/wp-content\/uploads\/sites\/15\/IMG_0426.jpg\"><img loading=\"lazy\" decoding=\"async\" class=\"size-medium wp-image-1166\" src=\"http:\/\/redesow.faccat.br\/wordpress\/ceataquara\/wp-content\/uploads\/sites\/15\/IMG_0426-300x225.jpg\" alt=\"Fauna Bacia Hidrogr\u00e1fica Rio dos Sinos\" width=\"300\" height=\"225\" srcset=\"https:\/\/redesow.faccat.br\/wordpress\/ceataquara\/wp-content\/uploads\/sites\/15\/IMG_0426-300x225.jpg 300w, https:\/\/redesow.faccat.br\/wordpress\/ceataquara\/wp-content\/uploads\/sites\/15\/IMG_0426-150x113.jpg 150w, https:\/\/redesow.faccat.br\/wordpress\/ceataquara\/wp-content\/uploads\/sites\/15\/IMG_0426-600x450.jpg 600w\" sizes=\"auto, (max-width: 300px) 100vw, 300px\" \/><\/a><figcaption class=\"caption wp-caption-text\">Fauna Bacia Hidrogr\u00e1fica Rio dos Sinos<\/figcaption><\/figure>\n<figure id=\"attachment_1155\" class=\"thumbnail wp-caption alignnone\" style=\"width: 300px\"><a href=\"http:\/\/redesow.faccat.br\/wordpress\/ceataquara\/wp-content\/uploads\/sites\/15\/IMG_0267.jpg\"><img loading=\"lazy\" decoding=\"async\" class=\"size-medium wp-image-1155\" src=\"http:\/\/redesow.faccat.br\/wordpress\/ceataquara\/wp-content\/uploads\/sites\/15\/IMG_0267-300x225.jpg\" alt=\"Com-Vida Get\u00falio Vargas\" width=\"300\" height=\"225\" srcset=\"https:\/\/redesow.faccat.br\/wordpress\/ceataquara\/wp-content\/uploads\/sites\/15\/IMG_0267-300x225.jpg 300w, https:\/\/redesow.faccat.br\/wordpress\/ceataquara\/wp-content\/uploads\/sites\/15\/IMG_0267-150x113.jpg 150w, https:\/\/redesow.faccat.br\/wordpress\/ceataquara\/wp-content\/uploads\/sites\/15\/IMG_0267-600x450.jpg 600w\" sizes=\"auto, (max-width: 300px) 100vw, 300px\" \/><\/a><figcaption class=\"caption wp-caption-text\">Confec\u00e7\u00e3o de placa fauna bacia hidrogr\u00e1fica Rio dos Sinos<\/figcaption><\/figure>\n<p>, pesquisa de receitas alimentares feitas com restos de legumes e frutas tamb\u00e9m a degusta\u00e7\u00e3o do bolo de casca de ab\u00f3bora<\/p>\n<figure id=\"attachment_1169\" class=\"thumbnail wp-caption alignnone\" style=\"width: 300px\"><a href=\"http:\/\/redesow.faccat.br\/wordpress\/ceataquara\/wp-content\/uploads\/sites\/15\/IMG_0448.jpg\"><img loading=\"lazy\" decoding=\"async\" class=\"size-medium wp-image-1169\" src=\"http:\/\/redesow.faccat.br\/wordpress\/ceataquara\/wp-content\/uploads\/sites\/15\/IMG_0448-300x169.jpg\" alt=\"Degusta\u00e7\u00e3o bolo casca de ab\u00f3bora - Escola Get\u00falio Vargas\" width=\"300\" height=\"169\" srcset=\"https:\/\/redesow.faccat.br\/wordpress\/ceataquara\/wp-content\/uploads\/sites\/15\/IMG_0448-300x169.jpg 300w, https:\/\/redesow.faccat.br\/wordpress\/ceataquara\/wp-content\/uploads\/sites\/15\/IMG_0448-150x84.jpg 150w, https:\/\/redesow.faccat.br\/wordpress\/ceataquara\/wp-content\/uploads\/sites\/15\/IMG_0448-600x338.jpg 600w, https:\/\/redesow.faccat.br\/wordpress\/ceataquara\/wp-content\/uploads\/sites\/15\/IMG_0448.jpg 1280w\" sizes=\"auto, (max-width: 300px) 100vw, 300px\" \/><\/a><figcaption class=\"caption wp-caption-text\">Degusta\u00e7\u00e3o bolo casca de ab\u00f3bora &#8211; Escola Get\u00falio Vargas<\/figcaption><\/figure>\n<p>al\u00e9m da constru\u00e7\u00e3o de maquetes destacando os pontos ambientais positivos e negativos das diferentes fontes de gera\u00e7\u00e3o de energia el\u00e9trica existentes.<\/p>\n<p><a href=\"http:\/\/redesow.faccat.br\/wordpress\/ceataquara\/wp-content\/uploads\/sites\/15\/IMG_0342.jpg\"><img loading=\"lazy\" decoding=\"async\" class=\"alignnone size-medium wp-image-1165\" src=\"http:\/\/redesow.faccat.br\/wordpress\/ceataquara\/wp-content\/uploads\/sites\/15\/IMG_0342-300x225.jpg\" alt=\"IMG_0342\" width=\"300\" height=\"225\" srcset=\"https:\/\/redesow.faccat.br\/wordpress\/ceataquara\/wp-content\/uploads\/sites\/15\/IMG_0342-300x225.jpg 300w, https:\/\/redesow.faccat.br\/wordpress\/ceataquara\/wp-content\/uploads\/sites\/15\/IMG_0342-150x113.jpg 150w, https:\/\/redesow.faccat.br\/wordpress\/ceataquara\/wp-content\/uploads\/sites\/15\/IMG_0342-600x450.jpg 600w\" sizes=\"auto, (max-width: 300px) 100vw, 300px\" \/><\/a> <a href=\"http:\/\/redesow.faccat.br\/wordpress\/ceataquara\/wp-content\/uploads\/sites\/15\/IMG_0338.jpg\"><img loading=\"lazy\" decoding=\"async\" class=\"alignnone size-medium wp-image-1164\" src=\"http:\/\/redesow.faccat.br\/wordpress\/ceataquara\/wp-content\/uploads\/sites\/15\/IMG_0338-300x225.jpg\" alt=\"IMG_0338\" width=\"300\" height=\"225\" srcset=\"https:\/\/redesow.faccat.br\/wordpress\/ceataquara\/wp-content\/uploads\/sites\/15\/IMG_0338-300x225.jpg 300w, https:\/\/redesow.faccat.br\/wordpress\/ceataquara\/wp-content\/uploads\/sites\/15\/IMG_0338-150x113.jpg 150w, https:\/\/redesow.faccat.br\/wordpress\/ceataquara\/wp-content\/uploads\/sites\/15\/IMG_0338-600x450.jpg 600w\" sizes=\"auto, (max-width: 300px) 100vw, 300px\" \/><\/a> <a href=\"http:\/\/redesow.faccat.br\/wordpress\/ceataquara\/wp-content\/uploads\/sites\/15\/IMG_0337.jpg\"><img loading=\"lazy\" decoding=\"async\" class=\"alignnone size-medium wp-image-1163\" src=\"http:\/\/redesow.faccat.br\/wordpress\/ceataquara\/wp-content\/uploads\/sites\/15\/IMG_0337-300x225.jpg\" alt=\"IMG_0337\" width=\"300\" height=\"225\" srcset=\"https:\/\/redesow.faccat.br\/wordpress\/ceataquara\/wp-content\/uploads\/sites\/15\/IMG_0337-300x225.jpg 300w, https:\/\/redesow.faccat.br\/wordpress\/ceataquara\/wp-content\/uploads\/sites\/15\/IMG_0337-150x113.jpg 150w, https:\/\/redesow.faccat.br\/wordpress\/ceataquara\/wp-content\/uploads\/sites\/15\/IMG_0337-600x450.jpg 600w\" sizes=\"auto, (max-width: 300px) 100vw, 300px\" \/><\/a><\/p>\n<figure id=\"attachment_1162\" class=\"thumbnail wp-caption alignnone\" style=\"width: 300px\"><a href=\"http:\/\/redesow.faccat.br\/wordpress\/ceataquara\/wp-content\/uploads\/sites\/15\/IMG_0330.jpg\"><img loading=\"lazy\" decoding=\"async\" class=\"size-medium wp-image-1162\" src=\"http:\/\/redesow.faccat.br\/wordpress\/ceataquara\/wp-content\/uploads\/sites\/15\/IMG_0330-300x225.jpg\" alt=\"Fontes de gera\u00e7\u00e3o energia el\u00e9trica - Escola Get\u00falio Vargas\" width=\"300\" height=\"225\" srcset=\"https:\/\/redesow.faccat.br\/wordpress\/ceataquara\/wp-content\/uploads\/sites\/15\/IMG_0330-300x225.jpg 300w, https:\/\/redesow.faccat.br\/wordpress\/ceataquara\/wp-content\/uploads\/sites\/15\/IMG_0330-150x113.jpg 150w, https:\/\/redesow.faccat.br\/wordpress\/ceataquara\/wp-content\/uploads\/sites\/15\/IMG_0330-600x450.jpg 600w\" sizes=\"auto, (max-width: 300px) 100vw, 300px\" \/><\/a><figcaption class=\"caption wp-caption-text\">Fontes de gera\u00e7\u00e3o energia el\u00e9trica &#8211; Escola Get\u00falio Vargas<\/figcaption><\/figure>\n<p>.<\/p>\n<p>&nbsp;<\/p>\n","protected":false},"excerpt":{"rendered":"<p>A Semana do Meio Ambiente da Escola Get\u00falio Vargas iniciou na data de 03\/06\/15 e se estendeu at\u00e9 a data de 12\/06\/15, foram realizadas diversas atividades que envolveram todas as turmas dos anos iniciais e finais e a COM-VIDA da escola.As atividades desenvolvidas com os anos iniciais foram: confec\u00e7\u00e3o de cartazes sobre os tipos de res\u00edduos e sensibiliza\u00e7\u00e3o ambiental sobre o dia do meio ambiente , seu significado e a\u00e7\u00f5es que podemos realizar em benef\u00edcio da natureza. Os alunos dos anos finais desenvolveram a\u00e7\u00f5es em parceria com a COM-VIDA: Sala Verde , onde os alunos tiveram a oportunidade de ler assuntos relacionados ao meio ambiente e debater quest\u00f5es pertinentes; teatro sobre o aquecimento global que foi apresentado para todos os alunos do turno da manh\u00e3; sensibiliza\u00e7\u00e3o sobre a preserva\u00e7\u00e3o da fauna da bacia hidrogr\u00e1fica do Rio dos Sinos , pesquisa &hellip; <a href=\"https:\/\/redesow.faccat.br\/wordpress\/ceataquara\/arquivos\/1154\">Continua<\/a><\/p>\n","protected":false},"author":153,"featured_media":0,"comment_status":"open","ping_status":"open","sticky":false,"template":"","format":"standard","meta":{"footnotes":""},"categories":[8],"tags":[],"class_list":["post-1154","post","type-post","status-publish","format-standard","hentry","category-getulio"],"_links":{"self":[{"href":"https:\/\/redesow.faccat.br\/wordpress\/ceataquara\/wp-json\/wp\/v2\/posts\/1154","targetHints":{"allow":["GET"]}}],"collection":[{"href":"https:\/\/redesow.faccat.br\/wordpress\/ceataquara\/wp-json\/wp\/v2\/posts"}],"about":[{"href":"https:\/\/redesow.faccat.br\/wordpress\/ceataquara\/wp-json\/wp\/v2\/types\/post"}],"author":[{"embeddable":true,"href":"https:\/\/redesow.faccat.br\/wordpress\/ceataquara\/wp-json\/wp\/v2\/users\/153"}],"replies":[{"embeddable":true,"href":"https:\/\/redesow.faccat.br\/wordpress\/ceataquara\/wp-json\/wp\/v2\/comments?post=1154"}],"version-history":[{"count":1,"href":"https:\/\/redesow.faccat.br\/wordpress\/ceataquara\/wp-json\/wp\/v2\/posts\/1154\/revisions"}],"predecessor-version":[{"id":1175,"href":"https:\/\/redesow.faccat.br\/wordpress\/ceataquara\/wp-json\/wp\/v2\/posts\/1154\/revisions\/1175"}],"wp:attachment":[{"href":"https:\/\/redesow.faccat.br\/wordpress\/ceataquara\/wp-json\/wp\/v2\/media?parent=1154"}],"wp:term":[{"taxonomy":"category","embeddable":true,"href":"https:\/\/redesow.faccat.br\/wordpress\/ceataquara\/wp-json\/wp\/v2\/categories?post=1154"},{"taxonomy":"post_tag","embeddable":true,"href":"https:\/\/redesow.faccat.br\/wordpress\/ceataquara\/wp-json\/wp\/v2\/tags?post=1154"}],"curies":[{"name":"wp","href":"https:\/\/api.w.org\/{rel}","templated":true}]}}