{"id":11670,"date":"2019-05-21T21:29:46","date_gmt":"2019-05-21T18:29:46","guid":{"rendered":"http:\/\/redesow.faccat.br\/wordpress\/ceataquara\/?p=11670"},"modified":"2019-06-18T21:42:53","modified_gmt":"2019-06-18T18:42:53","slug":"semana-do-meio-ambiente-2019","status":"publish","type":"post","link":"https:\/\/redesow.faccat.br\/wordpress\/ceataquara\/arquivos\/11670","title":{"rendered":"Semana do Meio Ambiente 2019 &#8211; (ODS 4)"},"content":{"rendered":"\n<p>Segue abaixo o Cronograma da Semana de Meio Ambiente 2019, da EMEF Dr. Al\u00edpio Alfredo Sperb, que ocorrer\u00e1 de 3 \u00e1 7 de junho, nas depend\u00eancias da institui\u00e7\u00e3o!<\/p>\n\n\n\n<div class=\"wp-block-file\"><a href=\"https:\/\/redesow.faccat.br\/wordpress\/ceataquara\/wp-content\/uploads\/sites\/15\/Cronograma-Semana-do-Meio-Ambiente-2019.pdf\">Cronograma-Semana-do-Meio-Ambiente-2019<\/a><a href=\"https:\/\/redesow.faccat.br\/wordpress\/ceataquara\/wp-content\/uploads\/sites\/15\/Cronograma-Semana-do-Meio-Ambiente-2019.pdf\" class=\"wp-block-file__button\" download>Baixar<\/a><\/div>\n","protected":false},"excerpt":{"rendered":"<p>Segue abaixo o Cronograma da Semana de Meio Ambiente 2019, da EMEF Dr. Al\u00edpio Alfredo Sperb, que ocorrer\u00e1 de 3 \u00e1 7 de junho, nas depend\u00eancias da institui\u00e7\u00e3o!<\/p>\n","protected":false},"author":242,"featured_media":0,"comment_status":"open","ping_status":"open","sticky":false,"template":"","format":"standard","meta":{"footnotes":""},"categories":[1],"tags":[],"class_list":["post-11670","post","type-post","status-publish","format-standard","hentry","category-geral"],"_links":{"self":[{"href":"https:\/\/redesow.faccat.br\/wordpress\/ceataquara\/wp-json\/wp\/v2\/posts\/11670","targetHints":{"allow":["GET"]}}],"collection":[{"href":"https:\/\/redesow.faccat.br\/wordpress\/ceataquara\/wp-json\/wp\/v2\/posts"}],"about":[{"href":"https:\/\/redesow.faccat.br\/wordpress\/ceataquara\/wp-json\/wp\/v2\/types\/post"}],"author":[{"embeddable":true,"href":"https:\/\/redesow.faccat.br\/wordpress\/ceataquara\/wp-json\/wp\/v2\/users\/242"}],"replies":[{"embeddable":true,"href":"https:\/\/redesow.faccat.br\/wordpress\/ceataquara\/wp-json\/wp\/v2\/comments?post=11670"}],"version-history":[{"count":3,"href":"https:\/\/redesow.faccat.br\/wordpress\/ceataquara\/wp-json\/wp\/v2\/posts\/11670\/revisions"}],"predecessor-version":[{"id":13465,"href":"https:\/\/redesow.faccat.br\/wordpress\/ceataquara\/wp-json\/wp\/v2\/posts\/11670\/revisions\/13465"}],"wp:attachment":[{"href":"https:\/\/redesow.faccat.br\/wordpress\/ceataquara\/wp-json\/wp\/v2\/media?parent=11670"}],"wp:term":[{"taxonomy":"category","embeddable":true,"href":"https:\/\/redesow.faccat.br\/wordpress\/ceataquara\/wp-json\/wp\/v2\/categories?post=11670"},{"taxonomy":"post_tag","embeddable":true,"href":"https:\/\/redesow.faccat.br\/wordpress\/ceataquara\/wp-json\/wp\/v2\/tags?post=11670"}],"curies":[{"name":"wp","href":"https:\/\/api.w.org\/{rel}","templated":true}]}}