{"id":11711,"date":"2019-05-22T20:35:48","date_gmt":"2019-05-22T17:35:48","guid":{"rendered":"http:\/\/redesow.faccat.br\/wordpress\/ceataquara\/?p=11711"},"modified":"2019-06-18T21:36:54","modified_gmt":"2019-06-18T18:36:54","slug":"semana-do-meio-ambiente-31","status":"publish","type":"post","link":"https:\/\/redesow.faccat.br\/wordpress\/ceataquara\/arquivos\/11711","title":{"rendered":"Semana do meio ambiente &#8211; (ODS 4 e 12)"},"content":{"rendered":"\n<p>         <\/p>\n\n\n\n<figure class=\"wp-block-image\"><img loading=\"lazy\" decoding=\"async\" width=\"150\" height=\"83\" src=\"https:\/\/redesow.faccat.br\/wordpress\/ceataquara\/wp-content\/uploads\/sites\/15\/image-12.png\" alt=\"\" class=\"wp-image-11723\" \/><\/figure>\n\n\n\n<p>                                  <strong>ESCOLA MUNICIPAL EMILIO LEICHTVEIS \u2013 EMEL<\/strong><\/p>\n\n\n\n<p><strong>Dia 03\/06\/19 &#8211; Manh\u00e3 e Tarde<\/strong><\/p>\n\n\n\n<p>*Competi\u00e7\u00e3o Ecol\u00f3gica com a participa\u00e7\u00e3o de um representante de cada turma (fazendo a coleta seletiva de lixo);<\/p>\n\n\n\n<p><strong>Dia 04\/06\/19 &#8211; Manh\u00e3 e Tarde<\/strong><\/p>\n\n\n\n<p>*Jogo ambiental, que ser\u00e1 levado para as salas de aula pelos professores;     <\/p>\n\n\n\n<p>*Teatro &#8220;O meio ambiente&#8221; que ser\u00e1 apresentado pela COM-VIDA;<\/p>\n\n\n\n<p>*Exposi\u00e7\u00e3o do Varal de imagens 1;<\/p>\n\n\n\n<p><strong>Dia 05\/06\/19 &#8211; Manh\u00e3 e Tarde<\/strong><\/p>\n\n\n\n<p>*Tapete jogo da reciclagem;<\/p>\n\n\n\n<p><strong>Dia 06\/06\/19 &#8211; Manh\u00e3 e Tarde<\/strong><\/p>\n\n\n\n<p>*Desfile Ecol\u00f3gico com roupas que ser\u00e3o produzidas pelos alunos com material recicl\u00e1vel;<\/p>\n\n\n\n<p><strong>Dia 07\/06\/19 -Manh\u00e3<\/strong><\/p>\n\n\n\n<p>*Cada turma far\u00e1 um painel com uma frase sobre Meio Ambiente, utilizando material recicl\u00e1vel que depois, ser\u00e1 exposto nos corredores da escola;  <\/p>\n\n\n\n<p>                                                                                                                                  <strong>Tarde<\/strong>                                                                                                                                 *Palestra: &#8220;Cuidados com a sa\u00fade e o meio ambiente&#8221; com o Dr. Thiago Dal Bosco;<\/p>\n\n\n\n<figure class=\"wp-block-image\"><img loading=\"lazy\" decoding=\"async\" width=\"261\" height=\"193\" src=\"http:\/\/redesow.faccat.br\/wordpress\/ceataquara\/wp-content\/uploads\/sites\/15\/SEMANA.jpg\" alt=\"\" class=\"wp-image-11720\" srcset=\"https:\/\/redesow.faccat.br\/wordpress\/ceataquara\/wp-content\/uploads\/sites\/15\/SEMANA.jpg 261w, https:\/\/redesow.faccat.br\/wordpress\/ceataquara\/wp-content\/uploads\/sites\/15\/SEMANA-150x111.jpg 150w\" sizes=\"auto, (max-width: 261px) 100vw, 261px\" \/><\/figure>\n\n\n\n<p><\/p>\n\n\n\n<p><\/p>\n\n\n\n<p><\/p>\n\n\n\n<p><\/p>\n\n\n\n<p><\/p>\n\n\n\n<p><\/p>\n","protected":false},"excerpt":{"rendered":"<p>ESCOLA MUNICIPAL EMILIO LEICHTVEIS \u2013 EMEL Dia 03\/06\/19 &#8211; Manh\u00e3 e Tarde *Competi\u00e7\u00e3o Ecol\u00f3gica com a participa\u00e7\u00e3o de um representante de cada turma (fazendo a coleta seletiva de lixo); Dia 04\/06\/19 &#8211; Manh\u00e3 e Tarde *Jogo ambiental, que ser\u00e1 levado para as salas de aula pelos professores; *Teatro &#8220;O meio ambiente&#8221; que ser\u00e1 apresentado pela COM-VIDA; *Exposi\u00e7\u00e3o do Varal de imagens 1; Dia 05\/06\/19 &#8211; Manh\u00e3 e Tarde *Tapete jogo da reciclagem; Dia 06\/06\/19 &#8211; Manh\u00e3 e Tarde *Desfile Ecol\u00f3gico com roupas que ser\u00e3o produzidas pelos alunos com material recicl\u00e1vel; Dia 07\/06\/19 -Manh\u00e3 *Cada turma far\u00e1 um painel com uma frase sobre Meio Ambiente, utilizando material recicl\u00e1vel que depois, ser\u00e1 exposto nos corredores da escola; Tarde *Palestra: &#8220;Cuidados com a sa\u00fade e o meio ambiente&#8221; com o Dr. Thiago Dal Bosco;<\/p>\n","protected":false},"author":238,"featured_media":0,"comment_status":"open","ping_status":"open","sticky":false,"template":"","format":"standard","meta":{"footnotes":""},"categories":[1],"tags":[],"class_list":["post-11711","post","type-post","status-publish","format-standard","hentry","category-geral"],"_links":{"self":[{"href":"https:\/\/redesow.faccat.br\/wordpress\/ceataquara\/wp-json\/wp\/v2\/posts\/11711","targetHints":{"allow":["GET"]}}],"collection":[{"href":"https:\/\/redesow.faccat.br\/wordpress\/ceataquara\/wp-json\/wp\/v2\/posts"}],"about":[{"href":"https:\/\/redesow.faccat.br\/wordpress\/ceataquara\/wp-json\/wp\/v2\/types\/post"}],"author":[{"embeddable":true,"href":"https:\/\/redesow.faccat.br\/wordpress\/ceataquara\/wp-json\/wp\/v2\/users\/238"}],"replies":[{"embeddable":true,"href":"https:\/\/redesow.faccat.br\/wordpress\/ceataquara\/wp-json\/wp\/v2\/comments?post=11711"}],"version-history":[{"count":11,"href":"https:\/\/redesow.faccat.br\/wordpress\/ceataquara\/wp-json\/wp\/v2\/posts\/11711\/revisions"}],"predecessor-version":[{"id":12438,"href":"https:\/\/redesow.faccat.br\/wordpress\/ceataquara\/wp-json\/wp\/v2\/posts\/11711\/revisions\/12438"}],"wp:attachment":[{"href":"https:\/\/redesow.faccat.br\/wordpress\/ceataquara\/wp-json\/wp\/v2\/media?parent=11711"}],"wp:term":[{"taxonomy":"category","embeddable":true,"href":"https:\/\/redesow.faccat.br\/wordpress\/ceataquara\/wp-json\/wp\/v2\/categories?post=11711"},{"taxonomy":"post_tag","embeddable":true,"href":"https:\/\/redesow.faccat.br\/wordpress\/ceataquara\/wp-json\/wp\/v2\/tags?post=11711"}],"curies":[{"name":"wp","href":"https:\/\/api.w.org\/{rel}","templated":true}]}}