{"id":11823,"date":"2019-06-02T03:42:58","date_gmt":"2019-06-02T00:42:58","guid":{"rendered":"http:\/\/redesow.faccat.br\/wordpress\/ceataquara\/?p=11823"},"modified":"2019-06-18T21:20:38","modified_gmt":"2019-06-18T18:20:38","slug":"semana-do-meio-ambiente-emef-calisto-eolalio-letti-2","status":"publish","type":"post","link":"https:\/\/redesow.faccat.br\/wordpress\/ceataquara\/arquivos\/11823","title":{"rendered":"Semana do Meio Ambiente &#8211; EMEF Calisto Eol\u00e1lio Letti &#8211; (ODS 4 e 12)"},"content":{"rendered":"\n<h2 class=\"wp-block-heading\">Programa\u00e7\u00e3o: 05, 06 e 07 de Junho &#8211;  (manh\u00e3 e tarde).<\/h2>\n\n\n\n<p style=\"text-align:left\"><strong>05\/06: Manh\u00e3 (ap\u00f3s o recreio)<\/strong> e <strong>Tarde (antes do recreio)<\/strong> <strong>&#8211;<\/strong> Apresenta\u00e7\u00e3o dos alunos do ComVida, expondo o planejamento de trabalho para 2019, distribui\u00e7\u00e3o das &#8220;Caixas Verdes&#8221; para os materiais de dif\u00edcil reciclagem, em todas as salas e explica\u00e7\u00e3o dos cartazes <strong>&#8220;Pedras no caminho&#8221;<\/strong> e <strong>&#8220;sonhos&#8221;<\/strong> aos demais alunos.<\/p>\n\n\n\n<p>Cine debate com os document\u00e1rios: <strong>&#8220;Ilha das flores&#8221; e &#8220;A hist\u00f3ria das coisas&#8221; <\/strong>e distribui\u00e7\u00e3o dos poemas: <strong>&#8220;Eu, Etiqueta<\/strong> (Carlos Drumond de Andrade) e <strong>&#8220;O bicho&#8221;<\/strong> (Manoel Bandeira), para concurso de produ\u00e7\u00e3o textual.<\/p>\n\n\n\n<p><strong>06\/06: Manh\u00e3 (ap\u00f3s o recreio) <\/strong> e <strong>Tarde (ap\u00f3s o recreio)<\/strong> -Coleta de tampinhas pet, lacre de latinhas, recolhimento de \u00f3leo de cozinha saturado e de res\u00edduos org\u00e2nicos para o Minhocasa. Todas as turmas participar\u00e3o da coleta e separa\u00e7\u00e3o desses materiais.<\/p>\n\n\n\n<p><strong>07\/06: Manh\u00e3 (antes do recreio) &#8211;<\/strong> Palestra com a bi\u00f3loga Caroline Castro de Mello (T\u00e9cnica em assuntos educacionais pelo IFRS-Rolante).<\/p>\n\n\n\n<p>Exposi\u00e7\u00e3o do  Varal liter\u00e1rio com as reda\u00e7\u00f5es sobre o Meio Ambiente.<\/p>\n\n\n\n<p>Feira solid\u00e1ria com trocas e doa\u00e7\u00f5es de agasalhos, livros, brinquedos, jogos e mudinhas de ch\u00e1s, temperos e flores, trazidos pelos alunos.<\/p>\n\n\n\n<p><strong>07\/06 &#8211; Tarde (Antes do recreio)<\/strong> &#8211; Palestra com a professora de Biologia Andreza Schmitt e exposi\u00e7\u00e3o dos trabalhos feitos referentes ao curta-document\u00e1rio &#8220;Ilha das flores&#8221;.<\/p>\n\n\n\n<p><\/p>\n","protected":false},"excerpt":{"rendered":"<p>Programa\u00e7\u00e3o: 05, 06 e 07 de Junho &#8211; (manh\u00e3 e tarde). 05\/06: Manh\u00e3 (ap\u00f3s o recreio) e Tarde (antes do recreio) &#8211; Apresenta\u00e7\u00e3o dos alunos do ComVida, expondo o planejamento de trabalho para 2019, distribui\u00e7\u00e3o das &#8220;Caixas Verdes&#8221; para os materiais de dif\u00edcil reciclagem, em todas as salas e explica\u00e7\u00e3o dos cartazes &#8220;Pedras no caminho&#8221; e &#8220;sonhos&#8221; aos demais alunos. Cine debate com os document\u00e1rios: &#8220;Ilha das flores&#8221; e &#8220;A hist\u00f3ria das coisas&#8221; e distribui\u00e7\u00e3o dos poemas: &#8220;Eu, Etiqueta (Carlos Drumond de Andrade) e &#8220;O bicho&#8221; (Manoel Bandeira), para concurso de produ\u00e7\u00e3o textual. 06\/06: Manh\u00e3 (ap\u00f3s o recreio) e Tarde (ap\u00f3s o recreio) -Coleta de tampinhas pet, lacre de latinhas, recolhimento de \u00f3leo de cozinha saturado e de res\u00edduos org\u00e2nicos para o Minhocasa. Todas as turmas participar\u00e3o da coleta e separa\u00e7\u00e3o desses materiais. 07\/06: Manh\u00e3 (antes do recreio) &#8211; Palestra &hellip; <a href=\"https:\/\/redesow.faccat.br\/wordpress\/ceataquara\/arquivos\/11823\">Continua<\/a><\/p>\n","protected":false},"author":250,"featured_media":0,"comment_status":"open","ping_status":"open","sticky":false,"template":"","format":"standard","meta":{"footnotes":""},"categories":[4],"tags":[],"class_list":["post-11823","post","type-post","status-publish","format-standard","hentry","category-calisto"],"_links":{"self":[{"href":"https:\/\/redesow.faccat.br\/wordpress\/ceataquara\/wp-json\/wp\/v2\/posts\/11823","targetHints":{"allow":["GET"]}}],"collection":[{"href":"https:\/\/redesow.faccat.br\/wordpress\/ceataquara\/wp-json\/wp\/v2\/posts"}],"about":[{"href":"https:\/\/redesow.faccat.br\/wordpress\/ceataquara\/wp-json\/wp\/v2\/types\/post"}],"author":[{"embeddable":true,"href":"https:\/\/redesow.faccat.br\/wordpress\/ceataquara\/wp-json\/wp\/v2\/users\/250"}],"replies":[{"embeddable":true,"href":"https:\/\/redesow.faccat.br\/wordpress\/ceataquara\/wp-json\/wp\/v2\/comments?post=11823"}],"version-history":[{"count":4,"href":"https:\/\/redesow.faccat.br\/wordpress\/ceataquara\/wp-json\/wp\/v2\/posts\/11823\/revisions"}],"predecessor-version":[{"id":12422,"href":"https:\/\/redesow.faccat.br\/wordpress\/ceataquara\/wp-json\/wp\/v2\/posts\/11823\/revisions\/12422"}],"wp:attachment":[{"href":"https:\/\/redesow.faccat.br\/wordpress\/ceataquara\/wp-json\/wp\/v2\/media?parent=11823"}],"wp:term":[{"taxonomy":"category","embeddable":true,"href":"https:\/\/redesow.faccat.br\/wordpress\/ceataquara\/wp-json\/wp\/v2\/categories?post=11823"},{"taxonomy":"post_tag","embeddable":true,"href":"https:\/\/redesow.faccat.br\/wordpress\/ceataquara\/wp-json\/wp\/v2\/tags?post=11823"}],"curies":[{"name":"wp","href":"https:\/\/api.w.org\/{rel}","templated":true}]}}