{"id":12472,"date":"2019-06-20T02:43:58","date_gmt":"2019-06-19T23:43:58","guid":{"rendered":"http:\/\/redesow.faccat.br\/wordpress\/ceataquara\/?p=12472"},"modified":"2019-06-20T02:44:47","modified_gmt":"2019-06-19T23:44:47","slug":"falando-de-residuos","status":"publish","type":"post","link":"https:\/\/redesow.faccat.br\/wordpress\/ceataquara\/arquivos\/12472","title":{"rendered":"Falando de res\u00edduos"},"content":{"rendered":"\n<p style=\"text-align:center\">    Na segunda semana do m\u00eas de junho, foi realizado na E.M.E.F. Get\u00falio Vargas, atividades referentes a semana do meio ambiente. Onde os alunos da COMVIDA desenvolveram varias atividades envolvendo, principalmente a tem\u00e1tica descarte de res\u00edduos e seus impactos para a natureza. <\/p>\n\n\n\n<p style=\"text-align:center\">    A primeira atividade realizada, foi uma palestra para a escola, falando sobre os res\u00edduos descartados por n\u00f3s, o tempo de decomposi\u00e7\u00e3o desses materiais na natureza, e destacando a import\u00e2ncia da separa\u00e7\u00e3o desse lixo de forma adequada.  <\/p>\n\n\n\n<div class=\"wp-block-image\"><figure class=\"aligncenter\"><img loading=\"lazy\" decoding=\"async\" width=\"300\" height=\"176\" src=\"https:\/\/redesow.faccat.br\/wordpress\/ceataquara\/wp-content\/uploads\/sites\/15\/Sem-t\u00edtulo-1-300x176.jpg\" alt=\"\" class=\"wp-image-12473\" srcset=\"https:\/\/redesow.faccat.br\/wordpress\/ceataquara\/wp-content\/uploads\/sites\/15\/Sem-t\u00edtulo-1-300x176.jpg 300w, https:\/\/redesow.faccat.br\/wordpress\/ceataquara\/wp-content\/uploads\/sites\/15\/Sem-t\u00edtulo-1-150x88.jpg 150w, https:\/\/redesow.faccat.br\/wordpress\/ceataquara\/wp-content\/uploads\/sites\/15\/Sem-t\u00edtulo-1-768x452.jpg 768w, https:\/\/redesow.faccat.br\/wordpress\/ceataquara\/wp-content\/uploads\/sites\/15\/Sem-t\u00edtulo-1-600x353.jpg 600w\" sizes=\"auto, (max-width: 300px) 100vw, 300px\" \/><figcaption>Palestra dos alunos da COMVIDA<\/figcaption><\/figure><\/div>\n\n\n\n<div class=\"wp-block-image\"><figure class=\"aligncenter\"><img loading=\"lazy\" decoding=\"async\" width=\"225\" height=\"300\" src=\"https:\/\/redesow.faccat.br\/wordpress\/ceataquara\/wp-content\/uploads\/sites\/15\/IMG-20190611-WA0013-225x300.jpg\" alt=\"\" class=\"wp-image-12474\" srcset=\"https:\/\/redesow.faccat.br\/wordpress\/ceataquara\/wp-content\/uploads\/sites\/15\/IMG-20190611-WA0013-225x300.jpg 225w, https:\/\/redesow.faccat.br\/wordpress\/ceataquara\/wp-content\/uploads\/sites\/15\/IMG-20190611-WA0013-113x150.jpg 113w, https:\/\/redesow.faccat.br\/wordpress\/ceataquara\/wp-content\/uploads\/sites\/15\/IMG-20190611-WA0013-768x1024.jpg 768w, https:\/\/redesow.faccat.br\/wordpress\/ceataquara\/wp-content\/uploads\/sites\/15\/IMG-20190611-WA0013-450x600.jpg 450w, https:\/\/redesow.faccat.br\/wordpress\/ceataquara\/wp-content\/uploads\/sites\/15\/IMG-20190611-WA0013.jpg 780w\" sizes=\"auto, (max-width: 225px) 100vw, 225px\" \/><figcaption>Conversa com a professora Isabel<\/figcaption><\/figure><\/div>\n\n\n\n<p style=\"text-align:center\">       O segundo momento foram brincadeiras desenvolvidas pelos alunos da COMVIDA, com as turmas dos anos iniciais, com gincanas e atividades falando da separa\u00e7\u00e3o do lixo e ensinando a usar o ECOPONTO da escola. <\/p>\n\n\n\n<div class=\"wp-block-image\"><figure class=\"aligncenter\"><img loading=\"lazy\" decoding=\"async\" width=\"300\" height=\"165\" src=\"https:\/\/redesow.faccat.br\/wordpress\/ceataquara\/wp-content\/uploads\/sites\/15\/Sem-t\u00edtulo-2-300x165.jpg\" alt=\"\" class=\"wp-image-12475\" srcset=\"https:\/\/redesow.faccat.br\/wordpress\/ceataquara\/wp-content\/uploads\/sites\/15\/Sem-t\u00edtulo-2-300x165.jpg 300w, https:\/\/redesow.faccat.br\/wordpress\/ceataquara\/wp-content\/uploads\/sites\/15\/Sem-t\u00edtulo-2-150x82.jpg 150w, https:\/\/redesow.faccat.br\/wordpress\/ceataquara\/wp-content\/uploads\/sites\/15\/Sem-t\u00edtulo-2-768x422.jpg 768w, https:\/\/redesow.faccat.br\/wordpress\/ceataquara\/wp-content\/uploads\/sites\/15\/Sem-t\u00edtulo-2-600x329.jpg 600w\" sizes=\"auto, (max-width: 300px) 100vw, 300px\" \/><\/figure><\/div>\n\n\n\n<p style=\"text-align:center\">    E no ultimo dia de atividades, tivemos a inaugura\u00e7\u00e3o do ECOPONTO na escola. <\/p>\n\n\n\n<div class=\"wp-block-image\"><figure class=\"aligncenter\"><img loading=\"lazy\" decoding=\"async\" width=\"600\" height=\"302\" src=\"https:\/\/redesow.faccat.br\/wordpress\/ceataquara\/wp-content\/uploads\/sites\/15\/ECOPONTO-600x302.jpg\" alt=\"\" class=\"wp-image-12476\" srcset=\"https:\/\/redesow.faccat.br\/wordpress\/ceataquara\/wp-content\/uploads\/sites\/15\/ECOPONTO-600x302.jpg 600w, https:\/\/redesow.faccat.br\/wordpress\/ceataquara\/wp-content\/uploads\/sites\/15\/ECOPONTO-150x75.jpg 150w, https:\/\/redesow.faccat.br\/wordpress\/ceataquara\/wp-content\/uploads\/sites\/15\/ECOPONTO-300x151.jpg 300w, https:\/\/redesow.faccat.br\/wordpress\/ceataquara\/wp-content\/uploads\/sites\/15\/ECOPONTO-768x386.jpg 768w\" sizes=\"auto, (max-width: 600px) 100vw, 600px\" \/><figcaption>Inaugura\u00e7\u00e3o ECOPONTO da E.M.E.F. Get\u00falio Vargas <\/figcaption><\/figure><\/div>\n","protected":false},"excerpt":{"rendered":"<p>Na segunda semana do m\u00eas de junho, foi realizado na E.M.E.F. Get\u00falio Vargas, atividades referentes a semana do meio ambiente. Onde os alunos da COMVIDA desenvolveram varias atividades envolvendo, principalmente a tem\u00e1tica descarte de res\u00edduos e seus impactos para a natureza. A primeira atividade realizada, foi uma palestra para a escola, falando sobre os res\u00edduos descartados por n\u00f3s, o tempo de decomposi\u00e7\u00e3o desses materiais na natureza, e destacando a import\u00e2ncia da separa\u00e7\u00e3o desse lixo de forma adequada. O segundo momento foram brincadeiras desenvolvidas pelos alunos da COMVIDA, com as turmas dos anos iniciais, com gincanas e atividades falando da separa\u00e7\u00e3o do lixo e ensinando a usar o ECOPONTO da escola. E no ultimo dia de atividades, tivemos a inaugura\u00e7\u00e3o do ECOPONTO na escola.<\/p>\n","protected":false},"author":248,"featured_media":0,"comment_status":"open","ping_status":"open","sticky":false,"template":"","format":"standard","meta":{"footnotes":""},"categories":[1,8],"tags":[],"class_list":["post-12472","post","type-post","status-publish","format-standard","hentry","category-geral","category-getulio"],"_links":{"self":[{"href":"https:\/\/redesow.faccat.br\/wordpress\/ceataquara\/wp-json\/wp\/v2\/posts\/12472","targetHints":{"allow":["GET"]}}],"collection":[{"href":"https:\/\/redesow.faccat.br\/wordpress\/ceataquara\/wp-json\/wp\/v2\/posts"}],"about":[{"href":"https:\/\/redesow.faccat.br\/wordpress\/ceataquara\/wp-json\/wp\/v2\/types\/post"}],"author":[{"embeddable":true,"href":"https:\/\/redesow.faccat.br\/wordpress\/ceataquara\/wp-json\/wp\/v2\/users\/248"}],"replies":[{"embeddable":true,"href":"https:\/\/redesow.faccat.br\/wordpress\/ceataquara\/wp-json\/wp\/v2\/comments?post=12472"}],"version-history":[{"count":1,"href":"https:\/\/redesow.faccat.br\/wordpress\/ceataquara\/wp-json\/wp\/v2\/posts\/12472\/revisions"}],"predecessor-version":[{"id":12477,"href":"https:\/\/redesow.faccat.br\/wordpress\/ceataquara\/wp-json\/wp\/v2\/posts\/12472\/revisions\/12477"}],"wp:attachment":[{"href":"https:\/\/redesow.faccat.br\/wordpress\/ceataquara\/wp-json\/wp\/v2\/media?parent=12472"}],"wp:term":[{"taxonomy":"category","embeddable":true,"href":"https:\/\/redesow.faccat.br\/wordpress\/ceataquara\/wp-json\/wp\/v2\/categories?post=12472"},{"taxonomy":"post_tag","embeddable":true,"href":"https:\/\/redesow.faccat.br\/wordpress\/ceataquara\/wp-json\/wp\/v2\/tags?post=12472"}],"curies":[{"name":"wp","href":"https:\/\/api.w.org\/{rel}","templated":true}]}}