{"id":1309,"date":"2015-06-16T23:51:17","date_gmt":"2015-06-16T20:51:17","guid":{"rendered":"http:\/\/redesow.faccat.br\/wordpress\/ceataquara\/?p=1309"},"modified":"2015-06-16T23:51:17","modified_gmt":"2015-06-16T20:51:17","slug":"semana-do-meio-ambiente-5","status":"publish","type":"post","link":"https:\/\/redesow.faccat.br\/wordpress\/ceataquara\/arquivos\/1309","title":{"rendered":"Semana do Meio Ambiente"},"content":{"rendered":"<p>&nbsp;<\/p>\n<p style=\"text-align: center\"><strong>Escola Municipal de Ensino Fundamental Rudi Lindenmeyer<\/strong><\/p>\n<p><span style=\"line-height: 115%;font-family: 'Arial','sans-serif';font-size: 12pt\"><span style=\"color: #000000\">Buscando sempre uma vida com mais qualidade, lembramos logo do nosso meio ambiente e na import\u00e2ncia de preserv\u00e1-lo, garantindo um amanh\u00e3 com os nossos recursos naturais dispon\u00edveis. Durante a reuni\u00e3o pedag\u00f3gica do dia 19 de maio, a dire\u00e7\u00e3o e professoras decidiram a programa\u00e7\u00e3o da Semana do Meio Ambiente.<\/span><\/span><\/p>\n<p><span style=\"line-height: 115%;font-family: 'Arial','sans-serif';font-size: 12pt\"><span style=\"color: #000000\">Iniciamos no dia 1\u00b0 de junho com a Sala Verde Itinerante, como estava chovendo, cada professora levou o material para a sala, realizando suas atividades conforme a escolha dos alunos. Os alunos fizeram leitura e desenhos. Os alunos da COM-VIDA confeccionaram um Gibi Ecol\u00f3gico.<\/span><\/span><\/p>\n<p><span style=\"line-height: 115%;font-family: 'Arial','sans-serif';font-size: 12pt\"><span style=\"color: #000000\">No dia 02 de junho, os alunos confeccionaram os panfletos de conscientiza\u00e7\u00e3o com dicas ambientais que entregamos durante a caminhada ecol\u00f3gica. Ficou muito legal! Um show de criatividade!<\/span><\/span><\/p>\n<p><span style=\"line-height: 115%;font-family: 'Arial','sans-serif';font-size: 12pt\"><span style=\"color: #000000\">No dia 03 de junho, os alunos assistiram um v\u00eddeo: Um plano para salvar o planeta. Cada turma trabalhou sobre a tem\u00e1tica e os alunos da COM-VIDA confeccionaram cartazes de conscientiza\u00e7\u00e3o para exposi\u00e7\u00e3o na escola, enfatizando nossa Agenda 21.<\/span><\/span><\/p>\n<p><span style=\"line-height: 115%;font-family: 'Arial','sans-serif';font-size: 12pt\"><span style=\"color: #000000\">No dia 08 de junho, realizamos nossa caminhada ecol\u00f3gica com entrega dos panfletos pela comunidade, pela manh\u00e3 a caminhada estendeu-se at\u00e9 o Quilombo e pela tarde nas redondezas da escola.<\/span><\/span><\/p>\n<p><span style=\"line-height: 115%;font-family: 'Arial','sans-serif';font-size: 12pt\"><span style=\"color: #000000\">No dia 10 de junho, os alunos criaram chamadas de \u00e1udio para transmiss\u00e3o na R\u00e1dio Comunit\u00e1ria. <\/span><\/span><\/p>\n<p><span style=\"line-height: 115%;font-family: 'Arial','sans-serif';font-size: 12pt\"><span style=\"color: #000000\">No dia 11 de junho, os alunos confeccionaram um Fanzine com dicas ambientais e fotos da nossa semana.<\/span><\/span><\/p>\n<p><span style=\"line-height: 115%;font-family: 'Arial','sans-serif';font-size: 12pt\"><span style=\"color: #000000\">Nossa programa\u00e7\u00e3o precisou ser alterada, mas as atividades que n\u00e3o conseguimos fazer, ser\u00e3o realizadas posteriormente.<\/span><\/span><\/p>\n<figure id=\"attachment_1310\" class=\"thumbnail wp-caption aligncenter\" style=\"width: 300px\"><a href=\"http:\/\/redesow.faccat.br\/wordpress\/ceataquara\/wp-content\/uploads\/sites\/15\/DSCN5959.jpg\"><img loading=\"lazy\" decoding=\"async\" class=\"size-medium wp-image-1310\" src=\"http:\/\/redesow.faccat.br\/wordpress\/ceataquara\/wp-content\/uploads\/sites\/15\/DSCN5959-300x225.jpg\" alt=\"COM-VIDA confeccionando gibi ecol\u00f3gico (Sala Verde)\" width=\"300\" height=\"225\" srcset=\"https:\/\/redesow.faccat.br\/wordpress\/ceataquara\/wp-content\/uploads\/sites\/15\/DSCN5959-300x225.jpg 300w, https:\/\/redesow.faccat.br\/wordpress\/ceataquara\/wp-content\/uploads\/sites\/15\/DSCN5959-150x113.jpg 150w, https:\/\/redesow.faccat.br\/wordpress\/ceataquara\/wp-content\/uploads\/sites\/15\/DSCN5959-600x450.jpg 600w, https:\/\/redesow.faccat.br\/wordpress\/ceataquara\/wp-content\/uploads\/sites\/15\/DSCN5959.jpg 640w\" sizes=\"auto, (max-width: 300px) 100vw, 300px\" \/><\/a><figcaption class=\"caption wp-caption-text\">COM-VIDA confeccionando gibi ecol\u00f3gico (Sala Verde)<\/figcaption><\/figure>\n<figure id=\"attachment_1311\" class=\"thumbnail wp-caption aligncenter\" style=\"width: 300px\"><a href=\"http:\/\/redesow.faccat.br\/wordpress\/ceataquara\/wp-content\/uploads\/sites\/15\/DSCN5960.jpg\"><img loading=\"lazy\" decoding=\"async\" class=\"size-medium wp-image-1311\" src=\"http:\/\/redesow.faccat.br\/wordpress\/ceataquara\/wp-content\/uploads\/sites\/15\/DSCN5960-300x225.jpg\" alt=\"COM-VIDA confeccionando gibi ecol\u00f3gico (Sala Verde)\" width=\"300\" height=\"225\" srcset=\"https:\/\/redesow.faccat.br\/wordpress\/ceataquara\/wp-content\/uploads\/sites\/15\/DSCN5960-300x225.jpg 300w, https:\/\/redesow.faccat.br\/wordpress\/ceataquara\/wp-content\/uploads\/sites\/15\/DSCN5960-150x113.jpg 150w, https:\/\/redesow.faccat.br\/wordpress\/ceataquara\/wp-content\/uploads\/sites\/15\/DSCN5960-600x450.jpg 600w, https:\/\/redesow.faccat.br\/wordpress\/ceataquara\/wp-content\/uploads\/sites\/15\/DSCN5960.jpg 640w\" sizes=\"auto, (max-width: 300px) 100vw, 300px\" \/><\/a><figcaption class=\"caption wp-caption-text\">COM-VIDA confeccionando gibi ecol\u00f3gico (Sala Verde)<\/figcaption><\/figure>\n<figure id=\"attachment_1312\" class=\"thumbnail wp-caption aligncenter\" style=\"width: 300px\"><a href=\"http:\/\/redesow.faccat.br\/wordpress\/ceataquara\/wp-content\/uploads\/sites\/15\/DSCN5965.jpg\"><img loading=\"lazy\" decoding=\"async\" class=\"size-medium wp-image-1312\" src=\"http:\/\/redesow.faccat.br\/wordpress\/ceataquara\/wp-content\/uploads\/sites\/15\/DSCN5965-300x225.jpg\" alt=\"COM-VIDA confeccionando gibi ecol\u00f3gico (Sala Verde)\" width=\"300\" height=\"225\" srcset=\"https:\/\/redesow.faccat.br\/wordpress\/ceataquara\/wp-content\/uploads\/sites\/15\/DSCN5965-300x225.jpg 300w, https:\/\/redesow.faccat.br\/wordpress\/ceataquara\/wp-content\/uploads\/sites\/15\/DSCN5965-150x113.jpg 150w, https:\/\/redesow.faccat.br\/wordpress\/ceataquara\/wp-content\/uploads\/sites\/15\/DSCN5965-600x450.jpg 600w, https:\/\/redesow.faccat.br\/wordpress\/ceataquara\/wp-content\/uploads\/sites\/15\/DSCN5965.jpg 640w\" sizes=\"auto, (max-width: 300px) 100vw, 300px\" \/><\/a><figcaption class=\"caption wp-caption-text\">COM-VIDA confeccionando gibi ecol\u00f3gico (Sala Verde)<\/figcaption><\/figure>\n<figure id=\"attachment_1313\" class=\"thumbnail wp-caption aligncenter\" style=\"width: 300px\"><a href=\"http:\/\/redesow.faccat.br\/wordpress\/ceataquara\/wp-content\/uploads\/sites\/15\/DSCN5968.jpg\"><img loading=\"lazy\" decoding=\"async\" class=\"size-medium wp-image-1313\" src=\"http:\/\/redesow.faccat.br\/wordpress\/ceataquara\/wp-content\/uploads\/sites\/15\/DSCN5968-300x225.jpg\" alt=\"4\u00b0 ano realizando atividades sobre a Sala Verde\" width=\"300\" height=\"225\" srcset=\"https:\/\/redesow.faccat.br\/wordpress\/ceataquara\/wp-content\/uploads\/sites\/15\/DSCN5968-300x225.jpg 300w, https:\/\/redesow.faccat.br\/wordpress\/ceataquara\/wp-content\/uploads\/sites\/15\/DSCN5968-150x113.jpg 150w, https:\/\/redesow.faccat.br\/wordpress\/ceataquara\/wp-content\/uploads\/sites\/15\/DSCN5968-600x450.jpg 600w, https:\/\/redesow.faccat.br\/wordpress\/ceataquara\/wp-content\/uploads\/sites\/15\/DSCN5968.jpg 640w\" sizes=\"auto, (max-width: 300px) 100vw, 300px\" \/><\/a><figcaption class=\"caption wp-caption-text\">4\u00b0 ano realizando atividades sobre a Sala Verde<\/figcaption><\/figure>\n<figure id=\"attachment_1314\" class=\"thumbnail wp-caption aligncenter\" style=\"width: 300px\"><a href=\"http:\/\/redesow.faccat.br\/wordpress\/ceataquara\/wp-content\/uploads\/sites\/15\/DSCN5973.jpg\"><img loading=\"lazy\" decoding=\"async\" class=\"size-medium wp-image-1314\" src=\"http:\/\/redesow.faccat.br\/wordpress\/ceataquara\/wp-content\/uploads\/sites\/15\/DSCN5973-300x225.jpg\" alt=\"Hora do conto com a Educa\u00e7\u00e3o Infantil  (Sala verde) \" width=\"300\" height=\"225\" srcset=\"https:\/\/redesow.faccat.br\/wordpress\/ceataquara\/wp-content\/uploads\/sites\/15\/DSCN5973-300x225.jpg 300w, https:\/\/redesow.faccat.br\/wordpress\/ceataquara\/wp-content\/uploads\/sites\/15\/DSCN5973-150x113.jpg 150w, https:\/\/redesow.faccat.br\/wordpress\/ceataquara\/wp-content\/uploads\/sites\/15\/DSCN5973-600x450.jpg 600w, https:\/\/redesow.faccat.br\/wordpress\/ceataquara\/wp-content\/uploads\/sites\/15\/DSCN5973.jpg 640w\" sizes=\"auto, (max-width: 300px) 100vw, 300px\" \/><\/a><figcaption class=\"caption wp-caption-text\">Hora do conto com a Educa\u00e7\u00e3o Infantil<br \/>(Sala verde)<\/figcaption><\/figure>\n<figure id=\"attachment_1316\" class=\"thumbnail wp-caption aligncenter\" style=\"width: 300px\"><a href=\"http:\/\/redesow.faccat.br\/wordpress\/ceataquara\/wp-content\/uploads\/sites\/15\/DSCN5989.jpg\"><img loading=\"lazy\" decoding=\"async\" class=\"size-medium wp-image-1316\" src=\"http:\/\/redesow.faccat.br\/wordpress\/ceataquara\/wp-content\/uploads\/sites\/15\/DSCN5989-300x225.jpg\" alt=\"Hora do conto com a Educa\u00e7\u00e3o Infantil  (Sala verde) \" width=\"300\" height=\"225\" srcset=\"https:\/\/redesow.faccat.br\/wordpress\/ceataquara\/wp-content\/uploads\/sites\/15\/DSCN5989-300x225.jpg 300w, https:\/\/redesow.faccat.br\/wordpress\/ceataquara\/wp-content\/uploads\/sites\/15\/DSCN5989-150x113.jpg 150w, https:\/\/redesow.faccat.br\/wordpress\/ceataquara\/wp-content\/uploads\/sites\/15\/DSCN5989-600x450.jpg 600w, https:\/\/redesow.faccat.br\/wordpress\/ceataquara\/wp-content\/uploads\/sites\/15\/DSCN5989.jpg 640w\" sizes=\"auto, (max-width: 300px) 100vw, 300px\" \/><\/a><figcaption class=\"caption wp-caption-text\">Hora do conto com a Educa\u00e7\u00e3o Infantil<br \/>(Sala verde)<\/figcaption><\/figure>\n<figure id=\"attachment_1315\" class=\"thumbnail wp-caption aligncenter\" style=\"width: 300px\"><a href=\"http:\/\/redesow.faccat.br\/wordpress\/ceataquara\/wp-content\/uploads\/sites\/15\/DSCN5979.jpg\"><img loading=\"lazy\" decoding=\"async\" class=\"size-medium wp-image-1315\" src=\"http:\/\/redesow.faccat.br\/wordpress\/ceataquara\/wp-content\/uploads\/sites\/15\/DSCN5979-300x225.jpg\" alt=\"Hora do conto com o  1\u00b0 ano e 2\u00b0 ano (Sala verde) \" width=\"300\" height=\"225\" srcset=\"https:\/\/redesow.faccat.br\/wordpress\/ceataquara\/wp-content\/uploads\/sites\/15\/DSCN5979-300x225.jpg 300w, https:\/\/redesow.faccat.br\/wordpress\/ceataquara\/wp-content\/uploads\/sites\/15\/DSCN5979-150x113.jpg 150w, https:\/\/redesow.faccat.br\/wordpress\/ceataquara\/wp-content\/uploads\/sites\/15\/DSCN5979-600x450.jpg 600w, https:\/\/redesow.faccat.br\/wordpress\/ceataquara\/wp-content\/uploads\/sites\/15\/DSCN5979.jpg 640w\" sizes=\"auto, (max-width: 300px) 100vw, 300px\" \/><\/a><figcaption class=\"caption wp-caption-text\">Hora do conto com o<br \/>1\u00b0 ano e 2\u00b0 ano<br \/>(Sala verde)<\/figcaption><\/figure>\n<figure id=\"attachment_1318\" class=\"thumbnail wp-caption aligncenter\" style=\"width: 300px\"><a href=\"http:\/\/redesow.faccat.br\/wordpress\/ceataquara\/wp-content\/uploads\/sites\/15\/DSCN5995.jpg\"><img loading=\"lazy\" decoding=\"async\" class=\"size-medium wp-image-1318\" src=\"http:\/\/redesow.faccat.br\/wordpress\/ceataquara\/wp-content\/uploads\/sites\/15\/DSCN5995-300x225.jpg\" alt=\"Atividades com a lousa digital (todos os alunos)\" width=\"300\" height=\"225\" srcset=\"https:\/\/redesow.faccat.br\/wordpress\/ceataquara\/wp-content\/uploads\/sites\/15\/DSCN5995-300x225.jpg 300w, https:\/\/redesow.faccat.br\/wordpress\/ceataquara\/wp-content\/uploads\/sites\/15\/DSCN5995-150x113.jpg 150w, https:\/\/redesow.faccat.br\/wordpress\/ceataquara\/wp-content\/uploads\/sites\/15\/DSCN5995-600x450.jpg 600w, https:\/\/redesow.faccat.br\/wordpress\/ceataquara\/wp-content\/uploads\/sites\/15\/DSCN5995.jpg 640w\" sizes=\"auto, (max-width: 300px) 100vw, 300px\" \/><\/a><figcaption class=\"caption wp-caption-text\">Atividades com a lousa digital (todos os alunos)<\/figcaption><\/figure>\n<figure id=\"attachment_1317\" class=\"thumbnail wp-caption aligncenter\" style=\"width: 300px\"><a href=\"http:\/\/redesow.faccat.br\/wordpress\/ceataquara\/wp-content\/uploads\/sites\/15\/DSCN5994.jpg\"><img loading=\"lazy\" decoding=\"async\" class=\"size-medium wp-image-1317\" src=\"http:\/\/redesow.faccat.br\/wordpress\/ceataquara\/wp-content\/uploads\/sites\/15\/DSCN5994-300x225.jpg\" alt=\"Filme: Um plano para salvar o Planeta\" width=\"300\" height=\"225\" srcset=\"https:\/\/redesow.faccat.br\/wordpress\/ceataquara\/wp-content\/uploads\/sites\/15\/DSCN5994-300x225.jpg 300w, https:\/\/redesow.faccat.br\/wordpress\/ceataquara\/wp-content\/uploads\/sites\/15\/DSCN5994-150x113.jpg 150w, https:\/\/redesow.faccat.br\/wordpress\/ceataquara\/wp-content\/uploads\/sites\/15\/DSCN5994-600x450.jpg 600w, https:\/\/redesow.faccat.br\/wordpress\/ceataquara\/wp-content\/uploads\/sites\/15\/DSCN5994.jpg 640w\" sizes=\"auto, (max-width: 300px) 100vw, 300px\" \/><\/a><figcaption class=\"caption wp-caption-text\">Filme: Um plano para salvar o Planeta<\/figcaption><\/figure>\n<figure id=\"attachment_1319\" class=\"thumbnail wp-caption aligncenter\" style=\"width: 300px\"><a href=\"http:\/\/redesow.faccat.br\/wordpress\/ceataquara\/wp-content\/uploads\/sites\/15\/DSCN6004.jpg\"><img loading=\"lazy\" decoding=\"async\" class=\"size-medium wp-image-1319\" src=\"http:\/\/redesow.faccat.br\/wordpress\/ceataquara\/wp-content\/uploads\/sites\/15\/DSCN6004-300x225.jpg\" alt=\"Caminhada ecol\u00f3gica com entrega de Panfletos e faxina ecol\u00f3gica\" width=\"300\" height=\"225\" srcset=\"https:\/\/redesow.faccat.br\/wordpress\/ceataquara\/wp-content\/uploads\/sites\/15\/DSCN6004-300x225.jpg 300w, https:\/\/redesow.faccat.br\/wordpress\/ceataquara\/wp-content\/uploads\/sites\/15\/DSCN6004-150x113.jpg 150w, https:\/\/redesow.faccat.br\/wordpress\/ceataquara\/wp-content\/uploads\/sites\/15\/DSCN6004-600x450.jpg 600w, https:\/\/redesow.faccat.br\/wordpress\/ceataquara\/wp-content\/uploads\/sites\/15\/DSCN6004.jpg 640w\" sizes=\"auto, (max-width: 300px) 100vw, 300px\" \/><\/a><figcaption class=\"caption wp-caption-text\">Caminhada ecol\u00f3gica com entrega de Panfletos e faxina ecol\u00f3gica<\/figcaption><\/figure>\n<figure id=\"attachment_1320\" class=\"thumbnail wp-caption aligncenter\" style=\"width: 300px\"><a href=\"http:\/\/redesow.faccat.br\/wordpress\/ceataquara\/wp-content\/uploads\/sites\/15\/DSCN6025.jpg\"><img loading=\"lazy\" decoding=\"async\" class=\"size-medium wp-image-1320\" src=\"http:\/\/redesow.faccat.br\/wordpress\/ceataquara\/wp-content\/uploads\/sites\/15\/DSCN6025-300x225.jpg\" alt=\"Caminhada ecol\u00f3gica com entrega de Panfletos e faxina ecol\u00f3gica\" width=\"300\" height=\"225\" srcset=\"https:\/\/redesow.faccat.br\/wordpress\/ceataquara\/wp-content\/uploads\/sites\/15\/DSCN6025-300x225.jpg 300w, https:\/\/redesow.faccat.br\/wordpress\/ceataquara\/wp-content\/uploads\/sites\/15\/DSCN6025-150x113.jpg 150w, https:\/\/redesow.faccat.br\/wordpress\/ceataquara\/wp-content\/uploads\/sites\/15\/DSCN6025-600x450.jpg 600w, https:\/\/redesow.faccat.br\/wordpress\/ceataquara\/wp-content\/uploads\/sites\/15\/DSCN6025.jpg 640w\" sizes=\"auto, (max-width: 300px) 100vw, 300px\" \/><\/a><figcaption class=\"caption wp-caption-text\">Caminhada ecol\u00f3gica com entrega de Panfletos e faxina ecol\u00f3gica<\/figcaption><\/figure>\n<p>&nbsp;<\/p>\n<figure id=\"attachment_1322\" class=\"thumbnail wp-caption aligncenter\" style=\"width: 300px\"><a href=\"http:\/\/redesow.faccat.br\/wordpress\/ceataquara\/wp-content\/uploads\/sites\/15\/DSCN6050.jpg\"><img loading=\"lazy\" decoding=\"async\" class=\"size-medium wp-image-1322\" src=\"http:\/\/redesow.faccat.br\/wordpress\/ceataquara\/wp-content\/uploads\/sites\/15\/DSCN6050-300x225.jpg\" alt=\"Caminhada ecol\u00f3gica com entrega de Panfletos e faxina ecol\u00f3gica\" width=\"300\" height=\"225\" srcset=\"https:\/\/redesow.faccat.br\/wordpress\/ceataquara\/wp-content\/uploads\/sites\/15\/DSCN6050-300x225.jpg 300w, https:\/\/redesow.faccat.br\/wordpress\/ceataquara\/wp-content\/uploads\/sites\/15\/DSCN6050-150x113.jpg 150w, https:\/\/redesow.faccat.br\/wordpress\/ceataquara\/wp-content\/uploads\/sites\/15\/DSCN6050-600x450.jpg 600w, https:\/\/redesow.faccat.br\/wordpress\/ceataquara\/wp-content\/uploads\/sites\/15\/DSCN6050.jpg 640w\" sizes=\"auto, (max-width: 300px) 100vw, 300px\" \/><\/a><figcaption class=\"caption wp-caption-text\">Caminhada ecol\u00f3gica com entrega de Panfletos e faxina ecol\u00f3gica<\/figcaption><\/figure>\n<figure id=\"attachment_1321\" class=\"thumbnail wp-caption aligncenter\" style=\"width: 300px\"><a href=\"http:\/\/redesow.faccat.br\/wordpress\/ceataquara\/wp-content\/uploads\/sites\/15\/DSCN6036.jpg\"><img loading=\"lazy\" decoding=\"async\" class=\"size-medium wp-image-1321\" src=\"http:\/\/redesow.faccat.br\/wordpress\/ceataquara\/wp-content\/uploads\/sites\/15\/DSCN6036-300x225.jpg\" alt=\"Caminhada ecol\u00f3gica com entrega de Panfletos e faxina ecol\u00f3gica\" width=\"300\" height=\"225\" srcset=\"https:\/\/redesow.faccat.br\/wordpress\/ceataquara\/wp-content\/uploads\/sites\/15\/DSCN6036-300x225.jpg 300w, https:\/\/redesow.faccat.br\/wordpress\/ceataquara\/wp-content\/uploads\/sites\/15\/DSCN6036-150x113.jpg 150w, https:\/\/redesow.faccat.br\/wordpress\/ceataquara\/wp-content\/uploads\/sites\/15\/DSCN6036-600x450.jpg 600w, https:\/\/redesow.faccat.br\/wordpress\/ceataquara\/wp-content\/uploads\/sites\/15\/DSCN6036.jpg 640w\" sizes=\"auto, (max-width: 300px) 100vw, 300px\" \/><\/a><figcaption class=\"caption wp-caption-text\">Caminhada ecol\u00f3gica com entrega de Panfletos e faxina ecol\u00f3gica<\/figcaption><\/figure>\n<figure id=\"attachment_1326\" class=\"thumbnail wp-caption aligncenter\" style=\"width: 300px\"><a href=\"http:\/\/redesow.faccat.br\/wordpress\/ceataquara\/wp-content\/uploads\/sites\/15\/DSCN6248.jpg\"><img loading=\"lazy\" decoding=\"async\" class=\"size-medium wp-image-1326\" src=\"http:\/\/redesow.faccat.br\/wordpress\/ceataquara\/wp-content\/uploads\/sites\/15\/DSCN6248-300x225.jpg\" alt=\"Caminhada ecol\u00f3gica com entrega de Panfletos e faxina ecol\u00f3gica\" width=\"300\" height=\"225\" srcset=\"https:\/\/redesow.faccat.br\/wordpress\/ceataquara\/wp-content\/uploads\/sites\/15\/DSCN6248-300x225.jpg 300w, https:\/\/redesow.faccat.br\/wordpress\/ceataquara\/wp-content\/uploads\/sites\/15\/DSCN6248-150x113.jpg 150w, https:\/\/redesow.faccat.br\/wordpress\/ceataquara\/wp-content\/uploads\/sites\/15\/DSCN6248-600x450.jpg 600w, https:\/\/redesow.faccat.br\/wordpress\/ceataquara\/wp-content\/uploads\/sites\/15\/DSCN6248.jpg 640w\" sizes=\"auto, (max-width: 300px) 100vw, 300px\" \/><\/a><figcaption class=\"caption wp-caption-text\">Caminhada ecol\u00f3gica com entrega de Panfletos e faxina ecol\u00f3gica<\/figcaption><\/figure>\n<figure id=\"attachment_1325\" class=\"thumbnail wp-caption aligncenter\" style=\"width: 300px\"><a href=\"http:\/\/redesow.faccat.br\/wordpress\/ceataquara\/wp-content\/uploads\/sites\/15\/DSCN6232.jpg\"><img loading=\"lazy\" decoding=\"async\" class=\"size-medium wp-image-1325\" src=\"http:\/\/redesow.faccat.br\/wordpress\/ceataquara\/wp-content\/uploads\/sites\/15\/DSCN6232-300x225.jpg\" alt=\"Caminhada ecol\u00f3gica com entrega de Panfletos e faxina ecol\u00f3gica\" width=\"300\" height=\"225\" srcset=\"https:\/\/redesow.faccat.br\/wordpress\/ceataquara\/wp-content\/uploads\/sites\/15\/DSCN6232-300x225.jpg 300w, https:\/\/redesow.faccat.br\/wordpress\/ceataquara\/wp-content\/uploads\/sites\/15\/DSCN6232-150x113.jpg 150w, https:\/\/redesow.faccat.br\/wordpress\/ceataquara\/wp-content\/uploads\/sites\/15\/DSCN6232-600x450.jpg 600w, https:\/\/redesow.faccat.br\/wordpress\/ceataquara\/wp-content\/uploads\/sites\/15\/DSCN6232.jpg 640w\" sizes=\"auto, (max-width: 300px) 100vw, 300px\" \/><\/a><figcaption class=\"caption wp-caption-text\">Caminhada ecol\u00f3gica com entrega de Panfletos e faxina ecol\u00f3gica<\/figcaption><\/figure>\n<figure id=\"attachment_1324\" class=\"thumbnail wp-caption aligncenter\" style=\"width: 300px\"><a href=\"http:\/\/redesow.faccat.br\/wordpress\/ceataquara\/wp-content\/uploads\/sites\/15\/DSCN6205.jpg\"><img loading=\"lazy\" decoding=\"async\" class=\"size-medium wp-image-1324\" src=\"http:\/\/redesow.faccat.br\/wordpress\/ceataquara\/wp-content\/uploads\/sites\/15\/DSCN6205-300x225.jpg\" alt=\"Caminhada ecol\u00f3gica com entrega de Panfletos e faxina ecol\u00f3gica\" width=\"300\" height=\"225\" srcset=\"https:\/\/redesow.faccat.br\/wordpress\/ceataquara\/wp-content\/uploads\/sites\/15\/DSCN6205-300x225.jpg 300w, https:\/\/redesow.faccat.br\/wordpress\/ceataquara\/wp-content\/uploads\/sites\/15\/DSCN6205-150x113.jpg 150w, https:\/\/redesow.faccat.br\/wordpress\/ceataquara\/wp-content\/uploads\/sites\/15\/DSCN6205-600x450.jpg 600w, https:\/\/redesow.faccat.br\/wordpress\/ceataquara\/wp-content\/uploads\/sites\/15\/DSCN6205.jpg 640w\" sizes=\"auto, (max-width: 300px) 100vw, 300px\" \/><\/a><figcaption class=\"caption wp-caption-text\">Caminhada ecol\u00f3gica com entrega de Panfletos e faxina ecol\u00f3gica<\/figcaption><\/figure>\n<figure id=\"attachment_1323\" class=\"thumbnail wp-caption aligncenter\" style=\"width: 300px\"><a href=\"http:\/\/redesow.faccat.br\/wordpress\/ceataquara\/wp-content\/uploads\/sites\/15\/DSCN6176.jpg\"><img loading=\"lazy\" decoding=\"async\" class=\"size-medium wp-image-1323\" src=\"http:\/\/redesow.faccat.br\/wordpress\/ceataquara\/wp-content\/uploads\/sites\/15\/DSCN6176-300x225.jpg\" alt=\"Caminhada ecol\u00f3gica com entrega de Panfletos e faxina ecol\u00f3gica\" width=\"300\" height=\"225\" srcset=\"https:\/\/redesow.faccat.br\/wordpress\/ceataquara\/wp-content\/uploads\/sites\/15\/DSCN6176-300x225.jpg 300w, https:\/\/redesow.faccat.br\/wordpress\/ceataquara\/wp-content\/uploads\/sites\/15\/DSCN6176-150x113.jpg 150w, https:\/\/redesow.faccat.br\/wordpress\/ceataquara\/wp-content\/uploads\/sites\/15\/DSCN6176-600x450.jpg 600w, https:\/\/redesow.faccat.br\/wordpress\/ceataquara\/wp-content\/uploads\/sites\/15\/DSCN6176.jpg 640w\" sizes=\"auto, (max-width: 300px) 100vw, 300px\" \/><\/a><figcaption class=\"caption wp-caption-text\">Caminhada ecol\u00f3gica com entrega de Panfletos e faxina ecol\u00f3gica<\/figcaption><\/figure>\n<figure id=\"attachment_1328\" class=\"thumbnail wp-caption aligncenter\" style=\"width: 300px\"><a href=\"http:\/\/redesow.faccat.br\/wordpress\/ceataquara\/wp-content\/uploads\/sites\/15\/DSCN6258.jpg\"><img loading=\"lazy\" decoding=\"async\" class=\"size-medium wp-image-1328\" src=\"http:\/\/redesow.faccat.br\/wordpress\/ceataquara\/wp-content\/uploads\/sites\/15\/DSCN6258-300x225.jpg\" alt=\"Confec\u00e7\u00e3o de Fanzines\" width=\"300\" height=\"225\" srcset=\"https:\/\/redesow.faccat.br\/wordpress\/ceataquara\/wp-content\/uploads\/sites\/15\/DSCN6258-300x225.jpg 300w, https:\/\/redesow.faccat.br\/wordpress\/ceataquara\/wp-content\/uploads\/sites\/15\/DSCN6258-150x113.jpg 150w, https:\/\/redesow.faccat.br\/wordpress\/ceataquara\/wp-content\/uploads\/sites\/15\/DSCN6258-600x450.jpg 600w, https:\/\/redesow.faccat.br\/wordpress\/ceataquara\/wp-content\/uploads\/sites\/15\/DSCN6258.jpg 640w\" sizes=\"auto, (max-width: 300px) 100vw, 300px\" \/><\/a><figcaption class=\"caption wp-caption-text\">Confec\u00e7\u00e3o de Fanzines<\/figcaption><\/figure>\n<figure id=\"attachment_1327\" class=\"thumbnail wp-caption aligncenter\" style=\"width: 300px\"><a href=\"http:\/\/redesow.faccat.br\/wordpress\/ceataquara\/wp-content\/uploads\/sites\/15\/DSCN6251.jpg\"><img loading=\"lazy\" decoding=\"async\" class=\"size-medium wp-image-1327\" src=\"http:\/\/redesow.faccat.br\/wordpress\/ceataquara\/wp-content\/uploads\/sites\/15\/DSCN6251-300x225.jpg\" alt=\"Confec\u00e7\u00e3o de Fanzines\" width=\"300\" height=\"225\" srcset=\"https:\/\/redesow.faccat.br\/wordpress\/ceataquara\/wp-content\/uploads\/sites\/15\/DSCN6251-300x225.jpg 300w, https:\/\/redesow.faccat.br\/wordpress\/ceataquara\/wp-content\/uploads\/sites\/15\/DSCN6251-150x113.jpg 150w, https:\/\/redesow.faccat.br\/wordpress\/ceataquara\/wp-content\/uploads\/sites\/15\/DSCN6251-600x450.jpg 600w, https:\/\/redesow.faccat.br\/wordpress\/ceataquara\/wp-content\/uploads\/sites\/15\/DSCN6251.jpg 640w\" sizes=\"auto, (max-width: 300px) 100vw, 300px\" \/><\/a><figcaption class=\"caption wp-caption-text\">Confec\u00e7\u00e3o de Fanzines<\/figcaption><\/figure>\n<p><span style=\"line-height: 115%;font-family: 'Arial','sans-serif';font-size: 12pt\"><span style=\"color: #000000\">\u00a0<\/span><\/span><\/p>\n<p><span style=\"line-height: 115%;font-family: 'Arial','sans-serif';font-size: 12pt\"><span style=\"color: #000000\">\u00a0<\/span><\/span><\/p>\n<p>&nbsp;<\/p>\n","protected":false},"excerpt":{"rendered":"<p>&nbsp; Escola Municipal de Ensino Fundamental Rudi Lindenmeyer Buscando sempre uma vida com mais qualidade, lembramos logo do nosso meio ambiente e na import\u00e2ncia de preserv\u00e1-lo, garantindo um amanh\u00e3 com os nossos recursos naturais dispon\u00edveis. Durante a reuni\u00e3o pedag\u00f3gica do dia 19 de maio, a dire\u00e7\u00e3o e professoras decidiram a programa\u00e7\u00e3o da Semana do Meio Ambiente. Iniciamos no dia 1\u00b0 de junho com a Sala Verde Itinerante, como estava chovendo, cada professora levou o material para a sala, realizando suas atividades conforme a escolha dos alunos. Os alunos fizeram leitura e desenhos. Os alunos da COM-VIDA confeccionaram um Gibi Ecol\u00f3gico. No dia 02 de junho, os alunos confeccionaram os panfletos de conscientiza\u00e7\u00e3o com dicas ambientais que entregamos durante a caminhada ecol\u00f3gica. Ficou muito legal! Um show de criatividade! No dia 03 de junho, os alunos assistiram um v\u00eddeo: Um plano &hellip; <a href=\"https:\/\/redesow.faccat.br\/wordpress\/ceataquara\/arquivos\/1309\">Continua<\/a><\/p>\n","protected":false},"author":159,"featured_media":0,"comment_status":"open","ping_status":"open","sticky":false,"template":"","format":"standard","meta":{"footnotes":""},"categories":[25],"tags":[],"class_list":["post-1309","post","type-post","status-publish","format-standard","hentry","category-rudi"],"_links":{"self":[{"href":"https:\/\/redesow.faccat.br\/wordpress\/ceataquara\/wp-json\/wp\/v2\/posts\/1309","targetHints":{"allow":["GET"]}}],"collection":[{"href":"https:\/\/redesow.faccat.br\/wordpress\/ceataquara\/wp-json\/wp\/v2\/posts"}],"about":[{"href":"https:\/\/redesow.faccat.br\/wordpress\/ceataquara\/wp-json\/wp\/v2\/types\/post"}],"author":[{"embeddable":true,"href":"https:\/\/redesow.faccat.br\/wordpress\/ceataquara\/wp-json\/wp\/v2\/users\/159"}],"replies":[{"embeddable":true,"href":"https:\/\/redesow.faccat.br\/wordpress\/ceataquara\/wp-json\/wp\/v2\/comments?post=1309"}],"version-history":[{"count":2,"href":"https:\/\/redesow.faccat.br\/wordpress\/ceataquara\/wp-json\/wp\/v2\/posts\/1309\/revisions"}],"predecessor-version":[{"id":1330,"href":"https:\/\/redesow.faccat.br\/wordpress\/ceataquara\/wp-json\/wp\/v2\/posts\/1309\/revisions\/1330"}],"wp:attachment":[{"href":"https:\/\/redesow.faccat.br\/wordpress\/ceataquara\/wp-json\/wp\/v2\/media?parent=1309"}],"wp:term":[{"taxonomy":"category","embeddable":true,"href":"https:\/\/redesow.faccat.br\/wordpress\/ceataquara\/wp-json\/wp\/v2\/categories?post=1309"},{"taxonomy":"post_tag","embeddable":true,"href":"https:\/\/redesow.faccat.br\/wordpress\/ceataquara\/wp-json\/wp\/v2\/tags?post=1309"}],"curies":[{"name":"wp","href":"https:\/\/api.w.org\/{rel}","templated":true}]}}