{"id":13466,"date":"2019-11-11T15:37:20","date_gmt":"2019-11-11T12:37:20","guid":{"rendered":"http:\/\/redesow.faccat.br\/wordpress\/ceataquara\/?p=13466"},"modified":"2019-11-11T15:37:20","modified_gmt":"2019-11-11T12:37:20","slug":"semana-do-meio-ambiente-2019-2","status":"publish","type":"post","link":"https:\/\/redesow.faccat.br\/wordpress\/ceataquara\/arquivos\/13466","title":{"rendered":"Semana do Meio Ambiente 2019"},"content":{"rendered":"\n<p>Apresento alguns registro da Semana do Meio Ambiente 2019 da EMEF Dr. Al\u00edpio Alfredo Sperb, que ocorreu de 03 a 07 de junho deste ano, e contou com a participa\u00e7\u00e3o de pessoas  especiais as quais foram abordadas tem\u00e1ticas como alimenta\u00e7\u00e3o saud\u00e1vel, \u00e1gua, animais em extin\u00e7\u00e3o, lixo, horta e cuidado com o ambiente em que vivemos. Tamb\u00e9m nesta semana foi inaugurado o Eco ponto na escola, o qual vem funcionando de forma eficaz por nossos alunos, reduzindo o excesso se lixo nas ruas e educando-os  a fazer a devida separa\u00e7\u00e3o do lixo produzido. Assim ficando a seguinte mensagem &#8220;Vamos fazer a nossa parte, deveres e direitos. Para o mundo se tornar cada vez melhor!&#8221;<\/p>\n\n\n\n<figure class=\"wp-block-image\"><img loading=\"lazy\" decoding=\"async\" width=\"600\" height=\"450\" src=\"https:\/\/redesow.faccat.br\/wordpress\/ceataquara\/wp-content\/uploads\/sites\/15\/FB_IMG_1573474543899-600x450.jpg\" alt=\"\" class=\"wp-image-13468\" srcset=\"https:\/\/redesow.faccat.br\/wordpress\/ceataquara\/wp-content\/uploads\/sites\/15\/FB_IMG_1573474543899-600x450.jpg 600w, https:\/\/redesow.faccat.br\/wordpress\/ceataquara\/wp-content\/uploads\/sites\/15\/FB_IMG_1573474543899-150x113.jpg 150w, https:\/\/redesow.faccat.br\/wordpress\/ceataquara\/wp-content\/uploads\/sites\/15\/FB_IMG_1573474543899-300x225.jpg 300w, https:\/\/redesow.faccat.br\/wordpress\/ceataquara\/wp-content\/uploads\/sites\/15\/FB_IMG_1573474543899.jpg 720w\" sizes=\"auto, (max-width: 600px) 100vw, 600px\" \/><\/figure>\n\n\n\n<figure class=\"wp-block-image\"><img loading=\"lazy\" decoding=\"async\" width=\"600\" height=\"450\" src=\"https:\/\/redesow.faccat.br\/wordpress\/ceataquara\/wp-content\/uploads\/sites\/15\/FB_IMG_1573474915715-600x450.jpg\" alt=\"\" class=\"wp-image-13469\" srcset=\"https:\/\/redesow.faccat.br\/wordpress\/ceataquara\/wp-content\/uploads\/sites\/15\/FB_IMG_1573474915715-600x450.jpg 600w, https:\/\/redesow.faccat.br\/wordpress\/ceataquara\/wp-content\/uploads\/sites\/15\/FB_IMG_1573474915715-150x113.jpg 150w, https:\/\/redesow.faccat.br\/wordpress\/ceataquara\/wp-content\/uploads\/sites\/15\/FB_IMG_1573474915715-300x225.jpg 300w, https:\/\/redesow.faccat.br\/wordpress\/ceataquara\/wp-content\/uploads\/sites\/15\/FB_IMG_1573474915715.jpg 720w\" sizes=\"auto, (max-width: 600px) 100vw, 600px\" \/><\/figure>\n\n\n\n<figure class=\"wp-block-image\"><img loading=\"lazy\" decoding=\"async\" width=\"600\" height=\"450\" src=\"https:\/\/redesow.faccat.br\/wordpress\/ceataquara\/wp-content\/uploads\/sites\/15\/FB_IMG_1573474606179-600x450.jpg\" alt=\"\" class=\"wp-image-13470\" srcset=\"https:\/\/redesow.faccat.br\/wordpress\/ceataquara\/wp-content\/uploads\/sites\/15\/FB_IMG_1573474606179-600x450.jpg 600w, https:\/\/redesow.faccat.br\/wordpress\/ceataquara\/wp-content\/uploads\/sites\/15\/FB_IMG_1573474606179-150x113.jpg 150w, https:\/\/redesow.faccat.br\/wordpress\/ceataquara\/wp-content\/uploads\/sites\/15\/FB_IMG_1573474606179-300x225.jpg 300w, https:\/\/redesow.faccat.br\/wordpress\/ceataquara\/wp-content\/uploads\/sites\/15\/FB_IMG_1573474606179.jpg 720w\" sizes=\"auto, (max-width: 600px) 100vw, 600px\" \/><\/figure>\n\n\n\n<figure class=\"wp-block-image\"><img loading=\"lazy\" decoding=\"async\" width=\"600\" height=\"450\" src=\"https:\/\/redesow.faccat.br\/wordpress\/ceataquara\/wp-content\/uploads\/sites\/15\/FB_IMG_1573474925977-600x450.jpg\" alt=\"\" class=\"wp-image-13471\" srcset=\"https:\/\/redesow.faccat.br\/wordpress\/ceataquara\/wp-content\/uploads\/sites\/15\/FB_IMG_1573474925977-600x450.jpg 600w, https:\/\/redesow.faccat.br\/wordpress\/ceataquara\/wp-content\/uploads\/sites\/15\/FB_IMG_1573474925977-150x113.jpg 150w, https:\/\/redesow.faccat.br\/wordpress\/ceataquara\/wp-content\/uploads\/sites\/15\/FB_IMG_1573474925977-300x225.jpg 300w, https:\/\/redesow.faccat.br\/wordpress\/ceataquara\/wp-content\/uploads\/sites\/15\/FB_IMG_1573474925977.jpg 720w\" sizes=\"auto, (max-width: 600px) 100vw, 600px\" \/><\/figure>\n","protected":false},"excerpt":{"rendered":"<p>Apresento alguns registro da Semana do Meio Ambiente 2019 da EMEF Dr. Al\u00edpio Alfredo Sperb, que ocorreu de 03 a 07 de junho deste ano, e contou com a participa\u00e7\u00e3o de pessoas especiais as quais foram abordadas tem\u00e1ticas como alimenta\u00e7\u00e3o saud\u00e1vel, \u00e1gua, animais em extin\u00e7\u00e3o, lixo, horta e cuidado com o ambiente em que vivemos. Tamb\u00e9m nesta semana foi inaugurado o Eco ponto na escola, o qual vem funcionando de forma eficaz por nossos alunos, reduzindo o excesso se lixo nas ruas e educando-os a fazer a devida separa\u00e7\u00e3o do lixo produzido. Assim ficando a seguinte mensagem &#8220;Vamos fazer a nossa parte, deveres e direitos. Para o mundo se tornar cada vez melhor!&#8221;<\/p>\n","protected":false},"author":242,"featured_media":0,"comment_status":"open","ping_status":"open","sticky":false,"template":"","format":"standard","meta":{"footnotes":""},"categories":[1],"tags":[],"class_list":["post-13466","post","type-post","status-publish","format-standard","hentry","category-geral"],"_links":{"self":[{"href":"https:\/\/redesow.faccat.br\/wordpress\/ceataquara\/wp-json\/wp\/v2\/posts\/13466","targetHints":{"allow":["GET"]}}],"collection":[{"href":"https:\/\/redesow.faccat.br\/wordpress\/ceataquara\/wp-json\/wp\/v2\/posts"}],"about":[{"href":"https:\/\/redesow.faccat.br\/wordpress\/ceataquara\/wp-json\/wp\/v2\/types\/post"}],"author":[{"embeddable":true,"href":"https:\/\/redesow.faccat.br\/wordpress\/ceataquara\/wp-json\/wp\/v2\/users\/242"}],"replies":[{"embeddable":true,"href":"https:\/\/redesow.faccat.br\/wordpress\/ceataquara\/wp-json\/wp\/v2\/comments?post=13466"}],"version-history":[{"count":1,"href":"https:\/\/redesow.faccat.br\/wordpress\/ceataquara\/wp-json\/wp\/v2\/posts\/13466\/revisions"}],"predecessor-version":[{"id":13472,"href":"https:\/\/redesow.faccat.br\/wordpress\/ceataquara\/wp-json\/wp\/v2\/posts\/13466\/revisions\/13472"}],"wp:attachment":[{"href":"https:\/\/redesow.faccat.br\/wordpress\/ceataquara\/wp-json\/wp\/v2\/media?parent=13466"}],"wp:term":[{"taxonomy":"category","embeddable":true,"href":"https:\/\/redesow.faccat.br\/wordpress\/ceataquara\/wp-json\/wp\/v2\/categories?post=13466"},{"taxonomy":"post_tag","embeddable":true,"href":"https:\/\/redesow.faccat.br\/wordpress\/ceataquara\/wp-json\/wp\/v2\/tags?post=13466"}],"curies":[{"name":"wp","href":"https:\/\/api.w.org\/{rel}","templated":true}]}}