{"id":13653,"date":"2019-11-28T08:22:37","date_gmt":"2019-11-28T05:22:37","guid":{"rendered":"http:\/\/redesow.faccat.br\/wordpress\/ceataquara\/?p=13653"},"modified":"2019-11-28T08:22:37","modified_gmt":"2019-11-28T05:22:37","slug":"agenda-21-sonho-1-colheita-de-hortalicas-da-horta-escolar-ods-3-e-12-emef-arlindo-martini","status":"publish","type":"post","link":"https:\/\/redesow.faccat.br\/wordpress\/ceataquara\/arquivos\/13653","title":{"rendered":"Agenda 21 \u2013 Sonho 1: Colheita de hortali\u00e7as da horta escolar. (ODS 3 e 12) EMEF Arlindo Martini"},"content":{"rendered":"\n<p> A Com-Vida, no in\u00edcio do ano, definiu o uso da horta como um dos seus sonhos principais.<\/p>\n\n\n\n<p>\nA\u00e7\u00e3o 1: Os alunos fizeram a limpeza\nda horta e fazem a manuten\u00e7\u00e3o dela semanalmente;<\/p>\n\n\n\n<p>A\u00e7\u00e3o\n2: Fazem o plantio de novas mudas e sementes; \n<\/p>\n\n\n\n<p>A\u00e7\u00e3o\n3: Por fim, a colheita. Depois, saboreiam no lanche e\/ou levam para\ncasa.<\/p>\n\n\n\n<figure class=\"wp-block-image is-resized\"><img loading=\"lazy\" decoding=\"async\" src=\"https:\/\/redesow.faccat.br\/wordpress\/ceataquara\/wp-content\/uploads\/sites\/15\/WhatsApp-Image-2019-11-28-at-02.20.03-450x600.jpeg\" alt=\"\" class=\"wp-image-13658\" width=\"249\" height=\"332\" srcset=\"https:\/\/redesow.faccat.br\/wordpress\/ceataquara\/wp-content\/uploads\/sites\/15\/WhatsApp-Image-2019-11-28-at-02.20.03-450x600.jpeg 450w, https:\/\/redesow.faccat.br\/wordpress\/ceataquara\/wp-content\/uploads\/sites\/15\/WhatsApp-Image-2019-11-28-at-02.20.03-113x150.jpeg 113w, https:\/\/redesow.faccat.br\/wordpress\/ceataquara\/wp-content\/uploads\/sites\/15\/WhatsApp-Image-2019-11-28-at-02.20.03-225x300.jpeg 225w, https:\/\/redesow.faccat.br\/wordpress\/ceataquara\/wp-content\/uploads\/sites\/15\/WhatsApp-Image-2019-11-28-at-02.20.03-768x1024.jpeg 768w, https:\/\/redesow.faccat.br\/wordpress\/ceataquara\/wp-content\/uploads\/sites\/15\/WhatsApp-Image-2019-11-28-at-02.20.03.jpeg 960w\" sizes=\"auto, (max-width: 249px) 100vw, 249px\" \/><figcaption>A Com-Vida na horta da escola<\/figcaption><\/figure>\n\n\n\n<figure class=\"wp-block-image is-resized\"><img loading=\"lazy\" decoding=\"async\" src=\"https:\/\/redesow.faccat.br\/wordpress\/ceataquara\/wp-content\/uploads\/sites\/15\/post11-600x450.jpg\" alt=\"\" class=\"wp-image-13655\" width=\"249\" height=\"187\" srcset=\"https:\/\/redesow.faccat.br\/wordpress\/ceataquara\/wp-content\/uploads\/sites\/15\/post11-600x450.jpg 600w, https:\/\/redesow.faccat.br\/wordpress\/ceataquara\/wp-content\/uploads\/sites\/15\/post11-150x113.jpg 150w, https:\/\/redesow.faccat.br\/wordpress\/ceataquara\/wp-content\/uploads\/sites\/15\/post11-300x225.jpg 300w, https:\/\/redesow.faccat.br\/wordpress\/ceataquara\/wp-content\/uploads\/sites\/15\/post11-768x576.jpg 768w\" sizes=\"auto, (max-width: 249px) 100vw, 249px\" \/><\/figure>\n\n\n\n<figure class=\"wp-block-image is-resized\"><img loading=\"lazy\" decoding=\"async\" src=\"https:\/\/redesow.faccat.br\/wordpress\/ceataquara\/wp-content\/uploads\/sites\/15\/WhatsApp-Image-2019-11-28-at-02.18.26-450x600.jpeg\" alt=\"\" class=\"wp-image-13656\" width=\"245\" height=\"326\" srcset=\"https:\/\/redesow.faccat.br\/wordpress\/ceataquara\/wp-content\/uploads\/sites\/15\/WhatsApp-Image-2019-11-28-at-02.18.26-450x600.jpeg 450w, https:\/\/redesow.faccat.br\/wordpress\/ceataquara\/wp-content\/uploads\/sites\/15\/WhatsApp-Image-2019-11-28-at-02.18.26-113x150.jpeg 113w, https:\/\/redesow.faccat.br\/wordpress\/ceataquara\/wp-content\/uploads\/sites\/15\/WhatsApp-Image-2019-11-28-at-02.18.26-225x300.jpeg 225w, https:\/\/redesow.faccat.br\/wordpress\/ceataquara\/wp-content\/uploads\/sites\/15\/WhatsApp-Image-2019-11-28-at-02.18.26-768x1024.jpeg 768w, https:\/\/redesow.faccat.br\/wordpress\/ceataquara\/wp-content\/uploads\/sites\/15\/WhatsApp-Image-2019-11-28-at-02.18.26.jpeg 960w\" sizes=\"auto, (max-width: 245px) 100vw, 245px\" \/><\/figure>\n\n\n\n<figure class=\"wp-block-image is-resized\"><img loading=\"lazy\" decoding=\"async\" src=\"https:\/\/redesow.faccat.br\/wordpress\/ceataquara\/wp-content\/uploads\/sites\/15\/WhatsApp-Image-2019-11-28-at-02.18.27-450x600.jpeg\" alt=\"\" class=\"wp-image-13657\" width=\"252\" height=\"336\" srcset=\"https:\/\/redesow.faccat.br\/wordpress\/ceataquara\/wp-content\/uploads\/sites\/15\/WhatsApp-Image-2019-11-28-at-02.18.27-450x600.jpeg 450w, https:\/\/redesow.faccat.br\/wordpress\/ceataquara\/wp-content\/uploads\/sites\/15\/WhatsApp-Image-2019-11-28-at-02.18.27-113x150.jpeg 113w, https:\/\/redesow.faccat.br\/wordpress\/ceataquara\/wp-content\/uploads\/sites\/15\/WhatsApp-Image-2019-11-28-at-02.18.27-225x300.jpeg 225w, https:\/\/redesow.faccat.br\/wordpress\/ceataquara\/wp-content\/uploads\/sites\/15\/WhatsApp-Image-2019-11-28-at-02.18.27-768x1024.jpeg 768w, https:\/\/redesow.faccat.br\/wordpress\/ceataquara\/wp-content\/uploads\/sites\/15\/WhatsApp-Image-2019-11-28-at-02.18.27.jpeg 780w\" sizes=\"auto, (max-width: 252px) 100vw, 252px\" \/><\/figure>\n","protected":false},"excerpt":{"rendered":"<p>A Com-Vida, no in\u00edcio do ano, definiu o uso da horta como um dos seus sonhos principais. A\u00e7\u00e3o 1: Os alunos fizeram a limpeza da horta e fazem a manuten\u00e7\u00e3o dela semanalmente; A\u00e7\u00e3o 2: Fazem o plantio de novas mudas e sementes; A\u00e7\u00e3o 3: Por fim, a colheita. Depois, saboreiam no lanche e\/ou levam para casa.<\/p>\n","protected":false},"author":249,"featured_media":0,"comment_status":"open","ping_status":"open","sticky":false,"template":"","format":"standard","meta":{"footnotes":""},"categories":[1],"tags":[],"class_list":["post-13653","post","type-post","status-publish","format-standard","hentry","category-geral"],"_links":{"self":[{"href":"https:\/\/redesow.faccat.br\/wordpress\/ceataquara\/wp-json\/wp\/v2\/posts\/13653","targetHints":{"allow":["GET"]}}],"collection":[{"href":"https:\/\/redesow.faccat.br\/wordpress\/ceataquara\/wp-json\/wp\/v2\/posts"}],"about":[{"href":"https:\/\/redesow.faccat.br\/wordpress\/ceataquara\/wp-json\/wp\/v2\/types\/post"}],"author":[{"embeddable":true,"href":"https:\/\/redesow.faccat.br\/wordpress\/ceataquara\/wp-json\/wp\/v2\/users\/249"}],"replies":[{"embeddable":true,"href":"https:\/\/redesow.faccat.br\/wordpress\/ceataquara\/wp-json\/wp\/v2\/comments?post=13653"}],"version-history":[{"count":4,"href":"https:\/\/redesow.faccat.br\/wordpress\/ceataquara\/wp-json\/wp\/v2\/posts\/13653\/revisions"}],"predecessor-version":[{"id":13661,"href":"https:\/\/redesow.faccat.br\/wordpress\/ceataquara\/wp-json\/wp\/v2\/posts\/13653\/revisions\/13661"}],"wp:attachment":[{"href":"https:\/\/redesow.faccat.br\/wordpress\/ceataquara\/wp-json\/wp\/v2\/media?parent=13653"}],"wp:term":[{"taxonomy":"category","embeddable":true,"href":"https:\/\/redesow.faccat.br\/wordpress\/ceataquara\/wp-json\/wp\/v2\/categories?post=13653"},{"taxonomy":"post_tag","embeddable":true,"href":"https:\/\/redesow.faccat.br\/wordpress\/ceataquara\/wp-json\/wp\/v2\/tags?post=13653"}],"curies":[{"name":"wp","href":"https:\/\/api.w.org\/{rel}","templated":true}]}}