{"id":14187,"date":"2020-05-29T20:44:51","date_gmt":"2020-05-29T17:44:51","guid":{"rendered":"http:\/\/redesow.faccat.br\/wordpress\/ceataquara\/?p=14187"},"modified":"2020-05-29T20:44:51","modified_gmt":"2020-05-29T17:44:51","slug":"cronograma-semana-do-meio-ambiente-5","status":"publish","type":"post","link":"https:\/\/redesow.faccat.br\/wordpress\/ceataquara\/arquivos\/14187","title":{"rendered":"Cronograma semana do meio ambiente"},"content":{"rendered":"\n<p>A semana nacional do meio ambiente come\u00e7a no dia 1\u00b0 de junho e vai at\u00e9 o dia 5 de junho.<\/p>\n\n\n\n<p>Est\u00e1s foram as atividades que nossa escola se programou para realizar nessa semana t\u00e3o especial:<\/p>\n\n\n\n<div class=\"wp-block-group\"><div class=\"wp-block-group__inner-container is-layout-flow wp-block-group-is-layout-flow\">\n<figure class=\"wp-block-image size-large\"><img loading=\"lazy\" decoding=\"async\" width=\"424\" height=\"600\" src=\"https:\/\/redesow.faccat.br\/wordpress\/ceataquara\/wp-content\/uploads\/sites\/15\/WhatsApp-Image-2020-05-29-at-14.19.48-424x600.jpeg\" alt=\"\" class=\"wp-image-14188\" srcset=\"https:\/\/redesow.faccat.br\/wordpress\/ceataquara\/wp-content\/uploads\/sites\/15\/WhatsApp-Image-2020-05-29-at-14.19.48-424x600.jpeg 424w, https:\/\/redesow.faccat.br\/wordpress\/ceataquara\/wp-content\/uploads\/sites\/15\/WhatsApp-Image-2020-05-29-at-14.19.48-212x300.jpeg 212w, https:\/\/redesow.faccat.br\/wordpress\/ceataquara\/wp-content\/uploads\/sites\/15\/WhatsApp-Image-2020-05-29-at-14.19.48-106x150.jpeg 106w, https:\/\/redesow.faccat.br\/wordpress\/ceataquara\/wp-content\/uploads\/sites\/15\/WhatsApp-Image-2020-05-29-at-14.19.48-768x1087.jpeg 768w, https:\/\/redesow.faccat.br\/wordpress\/ceataquara\/wp-content\/uploads\/sites\/15\/WhatsApp-Image-2020-05-29-at-14.19.48-1085x1536.jpeg 1085w, https:\/\/redesow.faccat.br\/wordpress\/ceataquara\/wp-content\/uploads\/sites\/15\/WhatsApp-Image-2020-05-29-at-14.19.48.jpeg 1130w\" sizes=\"auto, (max-width: 424px) 100vw, 424px\" \/><\/figure>\n<\/div><\/div>\n","protected":false},"excerpt":{"rendered":"<p>A semana nacional do meio ambiente come\u00e7a no dia 1\u00b0 de junho e vai at\u00e9 o dia 5 de junho. Est\u00e1s foram as atividades que nossa escola se programou para realizar nessa semana t\u00e3o especial:<\/p>\n","protected":false},"author":225,"featured_media":0,"comment_status":"open","ping_status":"open","sticky":false,"template":"","format":"standard","meta":{"footnotes":""},"categories":[16],"tags":[],"class_list":["post-14187","post","type-post","status-publish","format-standard","hentry","category-caramuru"],"_links":{"self":[{"href":"https:\/\/redesow.faccat.br\/wordpress\/ceataquara\/wp-json\/wp\/v2\/posts\/14187","targetHints":{"allow":["GET"]}}],"collection":[{"href":"https:\/\/redesow.faccat.br\/wordpress\/ceataquara\/wp-json\/wp\/v2\/posts"}],"about":[{"href":"https:\/\/redesow.faccat.br\/wordpress\/ceataquara\/wp-json\/wp\/v2\/types\/post"}],"author":[{"embeddable":true,"href":"https:\/\/redesow.faccat.br\/wordpress\/ceataquara\/wp-json\/wp\/v2\/users\/225"}],"replies":[{"embeddable":true,"href":"https:\/\/redesow.faccat.br\/wordpress\/ceataquara\/wp-json\/wp\/v2\/comments?post=14187"}],"version-history":[{"count":1,"href":"https:\/\/redesow.faccat.br\/wordpress\/ceataquara\/wp-json\/wp\/v2\/posts\/14187\/revisions"}],"predecessor-version":[{"id":14189,"href":"https:\/\/redesow.faccat.br\/wordpress\/ceataquara\/wp-json\/wp\/v2\/posts\/14187\/revisions\/14189"}],"wp:attachment":[{"href":"https:\/\/redesow.faccat.br\/wordpress\/ceataquara\/wp-json\/wp\/v2\/media?parent=14187"}],"wp:term":[{"taxonomy":"category","embeddable":true,"href":"https:\/\/redesow.faccat.br\/wordpress\/ceataquara\/wp-json\/wp\/v2\/categories?post=14187"},{"taxonomy":"post_tag","embeddable":true,"href":"https:\/\/redesow.faccat.br\/wordpress\/ceataquara\/wp-json\/wp\/v2\/tags?post=14187"}],"curies":[{"name":"wp","href":"https:\/\/api.w.org\/{rel}","templated":true}]}}