{"id":14226,"date":"2020-06-01T08:30:00","date_gmt":"2020-06-01T05:30:00","guid":{"rendered":"http:\/\/redesow.faccat.br\/wordpress\/ceataquara\/?p=14226"},"modified":"2020-07-24T20:01:12","modified_gmt":"2020-07-24T17:01:12","slug":"semana-do-meio-ambiente-calisto","status":"publish","type":"post","link":"https:\/\/redesow.faccat.br\/wordpress\/ceataquara\/arquivos\/14226","title":{"rendered":"SEMANA DO MEIO AMBIENTE CALISTO ODS: 2,3,4,5,6,9,11,12,13,14,15,16 E 17."},"content":{"rendered":"\n<p><\/p>\n\n\n\n<p><\/p>\n\n\n\n<p><\/p>\n\n\n\n<p>Com in\u00edcio hoje, a semana do Meio Ambiente ocorrer\u00e1 de 1 a 5 de junho com participa\u00e7\u00e3o de diversos parceiros e parceiras que s\u00e3o incans\u00e1veis em sua luta pela preserva\u00e7\u00e3o ambiental. <\/p>\n\n\n\n<figure class=\"wp-block-gallery columns-1 is-cropped wp-block-gallery-1 is-layout-flex wp-block-gallery-is-layout-flex\"><ul class=\"blocks-gallery-grid\"><li class=\"blocks-gallery-item\"><figure><img loading=\"lazy\" decoding=\"async\" width=\"600\" height=\"338\" src=\"http:\/\/redesow.faccat.br\/wordpress\/ceataquara\/wp-content\/uploads\/sites\/15\/semana-MA-2020-1-600x338.jpg\" alt=\"\" data-id=\"14903\" data-full-url=\"http:\/\/redesow.faccat.br\/wordpress\/ceataquara\/wp-content\/uploads\/sites\/15\/semana-MA-2020-1.jpg\" data-link=\"http:\/\/redesow.faccat.br\/wordpress\/ceataquara\/arquivos\/14226\/semana-ma-2020-2\" class=\"wp-image-14903\" srcset=\"https:\/\/redesow.faccat.br\/wordpress\/ceataquara\/wp-content\/uploads\/sites\/15\/semana-MA-2020-1-600x338.jpg 600w, https:\/\/redesow.faccat.br\/wordpress\/ceataquara\/wp-content\/uploads\/sites\/15\/semana-MA-2020-1-300x169.jpg 300w, https:\/\/redesow.faccat.br\/wordpress\/ceataquara\/wp-content\/uploads\/sites\/15\/semana-MA-2020-1-150x84.jpg 150w, https:\/\/redesow.faccat.br\/wordpress\/ceataquara\/wp-content\/uploads\/sites\/15\/semana-MA-2020-1-768x432.jpg 768w, https:\/\/redesow.faccat.br\/wordpress\/ceataquara\/wp-content\/uploads\/sites\/15\/semana-MA-2020-1.jpg 1024w\" sizes=\"auto, (max-width: 600px) 100vw, 600px\" \/><\/figure><\/li><\/ul><\/figure>\n\n\n\n<figure class=\"wp-block-image size-large\"><img decoding=\"async\" src=\"https:\/\/nacoesunidas.org\/pos2015\/\" alt=\"\" \/><\/figure>\n","protected":false},"excerpt":{"rendered":"<p>Com in\u00edcio hoje, a semana do Meio Ambiente ocorrer\u00e1 de 1 a 5 de junho com participa\u00e7\u00e3o de diversos parceiros e parceiras que s\u00e3o incans\u00e1veis em sua luta pela preserva\u00e7\u00e3o ambiental.<\/p>\n","protected":false},"author":213,"featured_media":14228,"comment_status":"open","ping_status":"open","sticky":false,"template":"","format":"standard","meta":{"footnotes":""},"categories":[1],"tags":[],"class_list":["post-14226","post","type-post","status-publish","format-standard","has-post-thumbnail","hentry","category-geral"],"_links":{"self":[{"href":"https:\/\/redesow.faccat.br\/wordpress\/ceataquara\/wp-json\/wp\/v2\/posts\/14226","targetHints":{"allow":["GET"]}}],"collection":[{"href":"https:\/\/redesow.faccat.br\/wordpress\/ceataquara\/wp-json\/wp\/v2\/posts"}],"about":[{"href":"https:\/\/redesow.faccat.br\/wordpress\/ceataquara\/wp-json\/wp\/v2\/types\/post"}],"author":[{"embeddable":true,"href":"https:\/\/redesow.faccat.br\/wordpress\/ceataquara\/wp-json\/wp\/v2\/users\/213"}],"replies":[{"embeddable":true,"href":"https:\/\/redesow.faccat.br\/wordpress\/ceataquara\/wp-json\/wp\/v2\/comments?post=14226"}],"version-history":[{"count":5,"href":"https:\/\/redesow.faccat.br\/wordpress\/ceataquara\/wp-json\/wp\/v2\/posts\/14226\/revisions"}],"predecessor-version":[{"id":14981,"href":"https:\/\/redesow.faccat.br\/wordpress\/ceataquara\/wp-json\/wp\/v2\/posts\/14226\/revisions\/14981"}],"wp:featuredmedia":[{"embeddable":true,"href":"https:\/\/redesow.faccat.br\/wordpress\/ceataquara\/wp-json\/wp\/v2\/media\/14228"}],"wp:attachment":[{"href":"https:\/\/redesow.faccat.br\/wordpress\/ceataquara\/wp-json\/wp\/v2\/media?parent=14226"}],"wp:term":[{"taxonomy":"category","embeddable":true,"href":"https:\/\/redesow.faccat.br\/wordpress\/ceataquara\/wp-json\/wp\/v2\/categories?post=14226"},{"taxonomy":"post_tag","embeddable":true,"href":"https:\/\/redesow.faccat.br\/wordpress\/ceataquara\/wp-json\/wp\/v2\/tags?post=14226"}],"curies":[{"name":"wp","href":"https:\/\/api.w.org\/{rel}","templated":true}]}}