{"id":14240,"date":"2020-06-01T19:22:29","date_gmt":"2020-06-01T16:22:29","guid":{"rendered":"http:\/\/redesow.faccat.br\/wordpress\/ceataquara\/?p=14240"},"modified":"2020-06-01T19:22:29","modified_gmt":"2020-06-01T16:22:29","slug":"programacao-sma-emef-getulio-vargas-ods-3461112","status":"publish","type":"post","link":"https:\/\/redesow.faccat.br\/wordpress\/ceataquara\/arquivos\/14240","title":{"rendered":"Programa\u00e7\u00e3o SMA  EMEF Get\u00falio Vargas (ODS 3,4,6,11,12)"},"content":{"rendered":"\n<p class=\"has-text-align-center\">O dia do Meio Ambiente est\u00e1 chegando, e para inspirar e colaborar com a\u00e7\u00f5es de sustentabilidade e pr\u00e1ticas sustent\u00e1veis, a COM-VIDA da EMEF Get\u00falio vagas far\u00e1 uma semana virtual onde ser\u00e3o postados v\u00eddeos, cards e dicas para uma vida mais sustent\u00e1vel. <\/p>\n\n\n\n<p class=\"has-text-align-center\">Abaixo est\u00e1 a programa\u00e7\u00e3o, com os assuntos e hor\u00e1rios para a postagem de cada um dos dias dessa semana (01 a 05 de junho de 2020).<\/p>\n\n\n\n<div class=\"wp-block-image\"><figure class=\"aligncenter size-large\"><img loading=\"lazy\" decoding=\"async\" width=\"600\" height=\"335\" src=\"https:\/\/redesow.faccat.br\/wordpress\/ceataquara\/wp-content\/uploads\/sites\/15\/image-18-600x335.png\" alt=\"\" class=\"wp-image-14243\" srcset=\"https:\/\/redesow.faccat.br\/wordpress\/ceataquara\/wp-content\/uploads\/sites\/15\/image-18-600x335.png 600w, https:\/\/redesow.faccat.br\/wordpress\/ceataquara\/wp-content\/uploads\/sites\/15\/image-18-300x168.png 300w, https:\/\/redesow.faccat.br\/wordpress\/ceataquara\/wp-content\/uploads\/sites\/15\/image-18-150x84.png 150w, https:\/\/redesow.faccat.br\/wordpress\/ceataquara\/wp-content\/uploads\/sites\/15\/image-18-768x429.png 768w, https:\/\/redesow.faccat.br\/wordpress\/ceataquara\/wp-content\/uploads\/sites\/15\/image-18.png 949w\" sizes=\"auto, (max-width: 600px) 100vw, 600px\" \/><figcaption>Programa\u00e7\u00e3o EMEF Get\u00falio Vargas<\/figcaption><\/figure><\/div>\n\n\n\n<p><\/p>\n","protected":false},"excerpt":{"rendered":"<p>O dia do Meio Ambiente est\u00e1 chegando, e para inspirar e colaborar com a\u00e7\u00f5es de sustentabilidade e pr\u00e1ticas sustent\u00e1veis, a COM-VIDA da EMEF Get\u00falio vagas far\u00e1 uma semana virtual onde ser\u00e3o postados v\u00eddeos, cards e dicas para uma vida mais sustent\u00e1vel. Abaixo est\u00e1 a programa\u00e7\u00e3o, com os assuntos e hor\u00e1rios para a postagem de cada um dos dias dessa semana (01 a 05 de junho de 2020).<\/p>\n","protected":false},"author":248,"featured_media":0,"comment_status":"open","ping_status":"open","sticky":false,"template":"","format":"standard","meta":{"footnotes":""},"categories":[8],"tags":[],"class_list":["post-14240","post","type-post","status-publish","format-standard","hentry","category-getulio"],"_links":{"self":[{"href":"https:\/\/redesow.faccat.br\/wordpress\/ceataquara\/wp-json\/wp\/v2\/posts\/14240","targetHints":{"allow":["GET"]}}],"collection":[{"href":"https:\/\/redesow.faccat.br\/wordpress\/ceataquara\/wp-json\/wp\/v2\/posts"}],"about":[{"href":"https:\/\/redesow.faccat.br\/wordpress\/ceataquara\/wp-json\/wp\/v2\/types\/post"}],"author":[{"embeddable":true,"href":"https:\/\/redesow.faccat.br\/wordpress\/ceataquara\/wp-json\/wp\/v2\/users\/248"}],"replies":[{"embeddable":true,"href":"https:\/\/redesow.faccat.br\/wordpress\/ceataquara\/wp-json\/wp\/v2\/comments?post=14240"}],"version-history":[{"count":1,"href":"https:\/\/redesow.faccat.br\/wordpress\/ceataquara\/wp-json\/wp\/v2\/posts\/14240\/revisions"}],"predecessor-version":[{"id":14244,"href":"https:\/\/redesow.faccat.br\/wordpress\/ceataquara\/wp-json\/wp\/v2\/posts\/14240\/revisions\/14244"}],"wp:attachment":[{"href":"https:\/\/redesow.faccat.br\/wordpress\/ceataquara\/wp-json\/wp\/v2\/media?parent=14240"}],"wp:term":[{"taxonomy":"category","embeddable":true,"href":"https:\/\/redesow.faccat.br\/wordpress\/ceataquara\/wp-json\/wp\/v2\/categories?post=14240"},{"taxonomy":"post_tag","embeddable":true,"href":"https:\/\/redesow.faccat.br\/wordpress\/ceataquara\/wp-json\/wp\/v2\/tags?post=14240"}],"curies":[{"name":"wp","href":"https:\/\/api.w.org\/{rel}","templated":true}]}}