{"id":14523,"date":"2020-06-19T02:32:50","date_gmt":"2020-06-18T23:32:50","guid":{"rendered":"http:\/\/redesow.faccat.br\/wordpress\/ceataquara\/?p=14523"},"modified":"2020-06-26T00:08:31","modified_gmt":"2020-06-25T21:08:31","slug":"__trashed-7","status":"publish","type":"post","link":"https:\/\/redesow.faccat.br\/wordpress\/ceataquara\/arquivos\/14523","title":{"rendered":"SEMANA VIRTUAL DO MEIO AMBIENTE"},"content":{"rendered":"\n<p>Na programa\u00e7ao da Semana do Meio Ambiente  que ocorreu no dia 01 ao 05 junho,onde postamos v\u00eddeos de como preservar a natureza de forma Sustent\u00e1vel;neste momento de pandemia produzimos mais res\u00edduos em nossas casas. A segunda  tarefa que profa do com -vida postou para conscientizar a nossa comunidade sobre a reciclagem nas suas casas e como pode contribuir de maneira significativa,contribuindo cada vez mais com o planeta,pois a conscientiza\u00e7\u00e3o \u00e9 fundamental para este processo.O fechamento do projeto ,contou a realiza\u00e7\u00e3o de um card(imagem)mostrando dicas de transformar  o lixo produzido em em utens\u00edlios utilit\u00e1rios. <\/p>\n\n\n\n<p>&#8216;&#8221;A crise ecol\u00f3gica \u00e9 uma quest\u00e3o moral&#8221; (Jo\u00e3o Paulo ll)<\/p>\n\n\n\n<figure class=\"wp-block-gallery columns-0 is-cropped wp-block-gallery-1 is-layout-flex wp-block-gallery-is-layout-flex\"><ul class=\"blocks-gallery-grid\"><\/ul><\/figure>\n\n\n\n<figure class=\"wp-block-image size-large\"><img loading=\"lazy\" decoding=\"async\" width=\"292\" height=\"600\" src=\"https:\/\/redesow.faccat.br\/wordpress\/ceataquara\/wp-content\/uploads\/sites\/15\/Screenshot_20200625-175933_Photos-292x600.jpg\" alt=\"\" class=\"wp-image-14640\" srcset=\"https:\/\/redesow.faccat.br\/wordpress\/ceataquara\/wp-content\/uploads\/sites\/15\/Screenshot_20200625-175933_Photos-292x600.jpg 292w, https:\/\/redesow.faccat.br\/wordpress\/ceataquara\/wp-content\/uploads\/sites\/15\/Screenshot_20200625-175933_Photos-146x300.jpg 146w, https:\/\/redesow.faccat.br\/wordpress\/ceataquara\/wp-content\/uploads\/sites\/15\/Screenshot_20200625-175933_Photos-73x150.jpg 73w, https:\/\/redesow.faccat.br\/wordpress\/ceataquara\/wp-content\/uploads\/sites\/15\/Screenshot_20200625-175933_Photos.jpg 720w\" sizes=\"auto, (max-width: 292px) 100vw, 292px\" \/><\/figure>\n","protected":false},"excerpt":{"rendered":"<p>Na programa\u00e7ao da Semana do Meio Ambiente que ocorreu no dia 01 ao 05 junho,onde postamos v\u00eddeos de como preservar a natureza de forma Sustent\u00e1vel;neste momento de pandemia produzimos mais res\u00edduos em nossas casas. A segunda tarefa que profa do com -vida postou para conscientizar a nossa comunidade sobre a reciclagem nas suas casas e como pode contribuir de maneira significativa,contribuindo cada vez mais com o planeta,pois a conscientiza\u00e7\u00e3o \u00e9 fundamental para este processo.O fechamento do projeto ,contou a realiza\u00e7\u00e3o de um card(imagem)mostrando dicas de transformar o lixo produzido em em utens\u00edlios utilit\u00e1rios. &#8216;&#8221;A crise ecol\u00f3gica \u00e9 uma quest\u00e3o moral&#8221; (Jo\u00e3o Paulo ll)<\/p>\n","protected":false},"author":262,"featured_media":0,"comment_status":"open","ping_status":"open","sticky":false,"template":"","format":"standard","meta":{"footnotes":""},"categories":[1],"tags":[],"class_list":["post-14523","post","type-post","status-publish","format-standard","hentry","category-geral"],"_links":{"self":[{"href":"https:\/\/redesow.faccat.br\/wordpress\/ceataquara\/wp-json\/wp\/v2\/posts\/14523","targetHints":{"allow":["GET"]}}],"collection":[{"href":"https:\/\/redesow.faccat.br\/wordpress\/ceataquara\/wp-json\/wp\/v2\/posts"}],"about":[{"href":"https:\/\/redesow.faccat.br\/wordpress\/ceataquara\/wp-json\/wp\/v2\/types\/post"}],"author":[{"embeddable":true,"href":"https:\/\/redesow.faccat.br\/wordpress\/ceataquara\/wp-json\/wp\/v2\/users\/262"}],"replies":[{"embeddable":true,"href":"https:\/\/redesow.faccat.br\/wordpress\/ceataquara\/wp-json\/wp\/v2\/comments?post=14523"}],"version-history":[{"count":4,"href":"https:\/\/redesow.faccat.br\/wordpress\/ceataquara\/wp-json\/wp\/v2\/posts\/14523\/revisions"}],"predecessor-version":[{"id":14641,"href":"https:\/\/redesow.faccat.br\/wordpress\/ceataquara\/wp-json\/wp\/v2\/posts\/14523\/revisions\/14641"}],"wp:attachment":[{"href":"https:\/\/redesow.faccat.br\/wordpress\/ceataquara\/wp-json\/wp\/v2\/media?parent=14523"}],"wp:term":[{"taxonomy":"category","embeddable":true,"href":"https:\/\/redesow.faccat.br\/wordpress\/ceataquara\/wp-json\/wp\/v2\/categories?post=14523"},{"taxonomy":"post_tag","embeddable":true,"href":"https:\/\/redesow.faccat.br\/wordpress\/ceataquara\/wp-json\/wp\/v2\/tags?post=14523"}],"curies":[{"name":"wp","href":"https:\/\/api.w.org\/{rel}","templated":true}]}}