{"id":14558,"date":"2020-06-25T14:33:00","date_gmt":"2020-06-25T11:33:00","guid":{"rendered":"http:\/\/redesow.faccat.br\/wordpress\/ceataquara\/?p=14558"},"modified":"2020-06-25T23:33:48","modified_gmt":"2020-06-25T20:33:48","slug":"combate-a-dengue-2","status":"publish","type":"post","link":"https:\/\/redesow.faccat.br\/wordpress\/ceataquara\/arquivos\/14558","title":{"rendered":"COMBATE A DENGUE"},"content":{"rendered":"\n<p>Neste momento de pandemia, n\u00e3o podemos deixar de alertar nossas fam\u00edlias sobre pequenos detalhes de descuido que contribuem para a prolifera\u00e7\u00e3o do mosquito, trazendo um risco as pessoas a serem contaminados pelo Aedes aegypti (mosquito). <\/p>\n\n\n\n<p>A EMEF ARLINDO MARTINI disponibilizou nas redes sociais dicas pr\u00e1ticas para realizar em suas casas, a\u00e7\u00f5es pois sabemos que a conscientiza\u00e7\u00e3o \u00e9 a melhor forma de contribuir para n\u00e3o desencadear a dengue .<\/p>\n\n\n\n<figure class=\"wp-block-image size-large\"><img loading=\"lazy\" decoding=\"async\" width=\"450\" height=\"600\" src=\"https:\/\/redesow.faccat.br\/wordpress\/ceataquara\/wp-content\/uploads\/sites\/15\/IMG-20200619-WA0029-450x600.jpg\" alt=\"\" class=\"wp-image-14637\" srcset=\"https:\/\/redesow.faccat.br\/wordpress\/ceataquara\/wp-content\/uploads\/sites\/15\/IMG-20200619-WA0029-450x600.jpg 450w, https:\/\/redesow.faccat.br\/wordpress\/ceataquara\/wp-content\/uploads\/sites\/15\/IMG-20200619-WA0029-225x300.jpg 225w, https:\/\/redesow.faccat.br\/wordpress\/ceataquara\/wp-content\/uploads\/sites\/15\/IMG-20200619-WA0029-113x150.jpg 113w, https:\/\/redesow.faccat.br\/wordpress\/ceataquara\/wp-content\/uploads\/sites\/15\/IMG-20200619-WA0029-768x1024.jpg 768w, https:\/\/redesow.faccat.br\/wordpress\/ceataquara\/wp-content\/uploads\/sites\/15\/IMG-20200619-WA0029.jpg 960w\" sizes=\"auto, (max-width: 450px) 100vw, 450px\" \/><\/figure>\n","protected":false},"excerpt":{"rendered":"<p>Neste momento de pandemia, n\u00e3o podemos deixar de alertar nossas fam\u00edlias sobre pequenos detalhes de descuido que contribuem para a prolifera\u00e7\u00e3o do mosquito, trazendo um risco as pessoas a serem contaminados pelo Aedes aegypti (mosquito). A EMEF ARLINDO MARTINI disponibilizou nas redes sociais dicas pr\u00e1ticas para realizar em suas casas, a\u00e7\u00f5es pois sabemos que a conscientiza\u00e7\u00e3o \u00e9 a melhor forma de contribuir para n\u00e3o desencadear a dengue .<\/p>\n","protected":false},"author":262,"featured_media":0,"comment_status":"open","ping_status":"open","sticky":false,"template":"","format":"standard","meta":{"footnotes":""},"categories":[1],"tags":[],"class_list":["post-14558","post","type-post","status-publish","format-standard","hentry","category-geral"],"_links":{"self":[{"href":"https:\/\/redesow.faccat.br\/wordpress\/ceataquara\/wp-json\/wp\/v2\/posts\/14558","targetHints":{"allow":["GET"]}}],"collection":[{"href":"https:\/\/redesow.faccat.br\/wordpress\/ceataquara\/wp-json\/wp\/v2\/posts"}],"about":[{"href":"https:\/\/redesow.faccat.br\/wordpress\/ceataquara\/wp-json\/wp\/v2\/types\/post"}],"author":[{"embeddable":true,"href":"https:\/\/redesow.faccat.br\/wordpress\/ceataquara\/wp-json\/wp\/v2\/users\/262"}],"replies":[{"embeddable":true,"href":"https:\/\/redesow.faccat.br\/wordpress\/ceataquara\/wp-json\/wp\/v2\/comments?post=14558"}],"version-history":[{"count":2,"href":"https:\/\/redesow.faccat.br\/wordpress\/ceataquara\/wp-json\/wp\/v2\/posts\/14558\/revisions"}],"predecessor-version":[{"id":14638,"href":"https:\/\/redesow.faccat.br\/wordpress\/ceataquara\/wp-json\/wp\/v2\/posts\/14558\/revisions\/14638"}],"wp:attachment":[{"href":"https:\/\/redesow.faccat.br\/wordpress\/ceataquara\/wp-json\/wp\/v2\/media?parent=14558"}],"wp:term":[{"taxonomy":"category","embeddable":true,"href":"https:\/\/redesow.faccat.br\/wordpress\/ceataquara\/wp-json\/wp\/v2\/categories?post=14558"},{"taxonomy":"post_tag","embeddable":true,"href":"https:\/\/redesow.faccat.br\/wordpress\/ceataquara\/wp-json\/wp\/v2\/tags?post=14558"}],"curies":[{"name":"wp","href":"https:\/\/api.w.org\/{rel}","templated":true}]}}