{"id":14562,"date":"2020-06-19T17:05:36","date_gmt":"2020-06-19T14:05:36","guid":{"rendered":"http:\/\/redesow.faccat.br\/wordpress\/ceataquara\/?p=14562"},"modified":"2020-06-19T17:05:36","modified_gmt":"2020-06-19T14:05:36","slug":"meio-ambiente-online-ods-12-13-15","status":"publish","type":"post","link":"https:\/\/redesow.faccat.br\/wordpress\/ceataquara\/arquivos\/14562","title":{"rendered":"Meio ambiente online! (ODS 12, 13, 15)"},"content":{"rendered":"\n<p class=\"has-text-align-center\">   Mesmo passando por momentos dif\u00edceis, n\u00e3o podemos esquecer do Meio Ambiente, e por esse motivo a semana do meio ambiente de Taquara\/RS, que aconteceu de 01 de junho at\u00e9 dia 05 de junho, foi toda virtual, contando com a colabora\u00e7\u00e3o de alunos professores e escolas do munic\u00edpio. A EMEF Get\u00falio Vargas, fez 4 postagens com dicas para uma postura mais sustent\u00e1vel e que colabore com o meio ambiente. <\/p>\n\n\n\n<p class=\"has-text-align-center\">   Seguindo a programa\u00e7\u00e3o proposta, as postagens contam com um v\u00eddeo demonstrando como usar jornal no lugar das sacolas pl\u00e1sticas (link para o v\u00eddeo: <a href=\"https:\/\/www.facebook.com\/100015491564643\/videos\/830652230794488\">https:\/\/www.facebook.com\/100015491564643\/videos\/830652230794488<\/a>), e um v\u00eddeo falando sobre a compostagem caseira, que ajuda a diminuir a quantidade de material que vai para os aterros sanit\u00e1rios ( link para o v\u00eddeo: <a href=\"https:\/\/www.facebook.com\/100015491564643\/videos\/833584337167944\">https:\/\/www.facebook.com\/100015491564643\/videos\/833584337167944<\/a>). <\/p>\n\n\n\n<p class=\"has-text-align-center\">   Dois cards com instru\u00e7\u00f5es de separa\u00e7\u00e3o de res\u00edduos tamb\u00e9m fizeram parte dessa semana. um deles com orienta\u00e7\u00f5es para a separa\u00e7\u00e3o do lixo seco, facilitando assim a triagem e a reciclagem. Mas lembrando que o melhor \u00e9 sempre repensar e reduzir o consumo de pl\u00e1sticos. <\/p>\n\n\n\n<div class=\"wp-block-image\"><figure class=\"aligncenter size-medium\"><img loading=\"lazy\" decoding=\"async\" width=\"300\" height=\"146\" src=\"https:\/\/redesow.faccat.br\/wordpress\/ceataquara\/wp-content\/uploads\/sites\/15\/Card-reciclagem-300x146.jpg\" alt=\"\" class=\"wp-image-14567\" srcset=\"https:\/\/redesow.faccat.br\/wordpress\/ceataquara\/wp-content\/uploads\/sites\/15\/Card-reciclagem-300x146.jpg 300w, https:\/\/redesow.faccat.br\/wordpress\/ceataquara\/wp-content\/uploads\/sites\/15\/Card-reciclagem-600x292.jpg 600w, https:\/\/redesow.faccat.br\/wordpress\/ceataquara\/wp-content\/uploads\/sites\/15\/Card-reciclagem-150x73.jpg 150w, https:\/\/redesow.faccat.br\/wordpress\/ceataquara\/wp-content\/uploads\/sites\/15\/Card-reciclagem-768x373.jpg 768w, https:\/\/redesow.faccat.br\/wordpress\/ceataquara\/wp-content\/uploads\/sites\/15\/Card-reciclagem.jpg 1344w\" sizes=\"auto, (max-width: 300px) 100vw, 300px\" \/><figcaption>Print da postagem feita pelo facebook da EMEF Get\u00falio vargas <\/figcaption><\/figure><\/div>\n\n\n\n<p class=\"has-text-align-center\">   O outro card incentivou a colabora\u00e7\u00e3o com campanhas envolvendo a coleta de tampinhas, lacres e cartelas de rem\u00e9dio. Dessa forma colaborando com o meio ambiente e com a solidariedade. <\/p>\n\n\n\n<div class=\"wp-block-image\"><figure class=\"aligncenter size-medium\"><img loading=\"lazy\" decoding=\"async\" width=\"300\" height=\"143\" src=\"https:\/\/redesow.faccat.br\/wordpress\/ceataquara\/wp-content\/uploads\/sites\/15\/Card-2-300x143.jpg\" alt=\"\" class=\"wp-image-14568\" srcset=\"https:\/\/redesow.faccat.br\/wordpress\/ceataquara\/wp-content\/uploads\/sites\/15\/Card-2-300x143.jpg 300w, https:\/\/redesow.faccat.br\/wordpress\/ceataquara\/wp-content\/uploads\/sites\/15\/Card-2-600x287.jpg 600w, https:\/\/redesow.faccat.br\/wordpress\/ceataquara\/wp-content\/uploads\/sites\/15\/Card-2-150x72.jpg 150w, https:\/\/redesow.faccat.br\/wordpress\/ceataquara\/wp-content\/uploads\/sites\/15\/Card-2-768x367.jpg 768w, https:\/\/redesow.faccat.br\/wordpress\/ceataquara\/wp-content\/uploads\/sites\/15\/Card-2.jpg 1338w\" sizes=\"auto, (max-width: 300px) 100vw, 300px\" \/><figcaption>Print da postagem feita pelo facobook da EMEF Get\u00falio Vargas <\/figcaption><\/figure><\/div>\n\n\n\n<p class=\"has-text-align-center\">Foi uma semana diferente, por\u00e9m continuamos trabalhando com a educa\u00e7\u00e3o ambiental da melhor forma poss\u00edvel. <\/p>\n","protected":false},"excerpt":{"rendered":"<p>Mesmo passando por momentos dif\u00edceis, n\u00e3o podemos esquecer do Meio Ambiente, e por esse motivo a semana do meio ambiente de Taquara\/RS, que aconteceu de 01 de junho at\u00e9 dia 05 de junho, foi toda virtual, contando com a colabora\u00e7\u00e3o de alunos professores e escolas do munic\u00edpio. A EMEF Get\u00falio Vargas, fez 4 postagens com dicas para uma postura mais sustent\u00e1vel e que colabore com o meio ambiente. Seguindo a programa\u00e7\u00e3o proposta, as postagens contam com um v\u00eddeo demonstrando como usar jornal no lugar das sacolas pl\u00e1sticas (link para o v\u00eddeo: https:\/\/www.facebook.com\/100015491564643\/videos\/830652230794488), e um v\u00eddeo falando sobre a compostagem caseira, que ajuda a diminuir a quantidade de material que vai para os aterros sanit\u00e1rios ( link para o v\u00eddeo: https:\/\/www.facebook.com\/100015491564643\/videos\/833584337167944). Dois cards com instru\u00e7\u00f5es de separa\u00e7\u00e3o de res\u00edduos tamb\u00e9m fizeram parte dessa semana. um deles com orienta\u00e7\u00f5es para a separa\u00e7\u00e3o &hellip; <a href=\"https:\/\/redesow.faccat.br\/wordpress\/ceataquara\/arquivos\/14562\">Continua<\/a><\/p>\n","protected":false},"author":248,"featured_media":0,"comment_status":"open","ping_status":"open","sticky":false,"template":"","format":"standard","meta":{"footnotes":""},"categories":[8],"tags":[],"class_list":["post-14562","post","type-post","status-publish","format-standard","hentry","category-getulio"],"_links":{"self":[{"href":"https:\/\/redesow.faccat.br\/wordpress\/ceataquara\/wp-json\/wp\/v2\/posts\/14562","targetHints":{"allow":["GET"]}}],"collection":[{"href":"https:\/\/redesow.faccat.br\/wordpress\/ceataquara\/wp-json\/wp\/v2\/posts"}],"about":[{"href":"https:\/\/redesow.faccat.br\/wordpress\/ceataquara\/wp-json\/wp\/v2\/types\/post"}],"author":[{"embeddable":true,"href":"https:\/\/redesow.faccat.br\/wordpress\/ceataquara\/wp-json\/wp\/v2\/users\/248"}],"replies":[{"embeddable":true,"href":"https:\/\/redesow.faccat.br\/wordpress\/ceataquara\/wp-json\/wp\/v2\/comments?post=14562"}],"version-history":[{"count":1,"href":"https:\/\/redesow.faccat.br\/wordpress\/ceataquara\/wp-json\/wp\/v2\/posts\/14562\/revisions"}],"predecessor-version":[{"id":14569,"href":"https:\/\/redesow.faccat.br\/wordpress\/ceataquara\/wp-json\/wp\/v2\/posts\/14562\/revisions\/14569"}],"wp:attachment":[{"href":"https:\/\/redesow.faccat.br\/wordpress\/ceataquara\/wp-json\/wp\/v2\/media?parent=14562"}],"wp:term":[{"taxonomy":"category","embeddable":true,"href":"https:\/\/redesow.faccat.br\/wordpress\/ceataquara\/wp-json\/wp\/v2\/categories?post=14562"},{"taxonomy":"post_tag","embeddable":true,"href":"https:\/\/redesow.faccat.br\/wordpress\/ceataquara\/wp-json\/wp\/v2\/tags?post=14562"}],"curies":[{"name":"wp","href":"https:\/\/api.w.org\/{rel}","templated":true}]}}