{"id":14658,"date":"2020-06-27T15:21:43","date_gmt":"2020-06-27T12:21:43","guid":{"rendered":"http:\/\/redesow.faccat.br\/wordpress\/ceataquara\/?p=14658"},"modified":"2020-06-27T15:45:32","modified_gmt":"2020-06-27T12:45:32","slug":"relato-do-inicio-do-planejamento-anual-da-com-vida-ods-4","status":"publish","type":"post","link":"https:\/\/redesow.faccat.br\/wordpress\/ceataquara\/arquivos\/14658","title":{"rendered":"RELATO DO IN\u00cdCIO DO PLANEJAMENTO ANUAL DA COM-VIDA (ODS 4)"},"content":{"rendered":"\n<p class=\"has-text-align-left\">          <span class=\"has-inline-color has-very-dark-gray-color\">No dia 10\/03\/2020 foi a primeira reuni\u00e3o do Coletivo Educador Ambiental<\/span> do ano na FACCAT. Estava muito interessante! A ex professora da nossa Escola, Isabel Rodrigues Munari, palestrou sobre a Bacia Hidrogr\u00e1fica do Rio da Ilha o que foi de muita valia, pois logo em seguida se daria in\u00edcio ao Game do Rio do Nosso Bairro.<br \/>         J\u00e1 no dia 11\/03\/2020, os membros da nossa COM-VIDA se reuniram na sala do Nosso Projeto para tra\u00e7ar metas, trocar ideias, sugerir mudan\u00e7as e dar in\u00edcio ao planejamento das nossas atividades anuais!<\/p>\n\n\n\n<div class=\"wp-block-image\"><figure class=\"aligncenter size-large\"><img loading=\"lazy\" decoding=\"async\" width=\"400\" height=\"600\" src=\"https:\/\/redesow.faccat.br\/wordpress\/ceataquara\/wp-content\/uploads\/sites\/15\/RIO-3-2-400x600.jpg\" alt=\"\" class=\"wp-image-14669\" srcset=\"https:\/\/redesow.faccat.br\/wordpress\/ceataquara\/wp-content\/uploads\/sites\/15\/RIO-3-2-400x600.jpg 400w, https:\/\/redesow.faccat.br\/wordpress\/ceataquara\/wp-content\/uploads\/sites\/15\/RIO-3-2-200x300.jpg 200w, https:\/\/redesow.faccat.br\/wordpress\/ceataquara\/wp-content\/uploads\/sites\/15\/RIO-3-2-100x150.jpg 100w, https:\/\/redesow.faccat.br\/wordpress\/ceataquara\/wp-content\/uploads\/sites\/15\/RIO-3-2-768x1152.jpg 768w, https:\/\/redesow.faccat.br\/wordpress\/ceataquara\/wp-content\/uploads\/sites\/15\/RIO-3-2.jpg 853w\" sizes=\"auto, (max-width: 400px) 100vw, 400px\" \/><\/figure><\/div>\n","protected":false},"excerpt":{"rendered":"<p>No dia 10\/03\/2020 foi a primeira reuni\u00e3o do Coletivo Educador Ambiental do ano na FACCAT. Estava muito interessante! A ex professora da nossa Escola, Isabel Rodrigues Munari, palestrou sobre a Bacia Hidrogr\u00e1fica do Rio da Ilha o que foi de muita valia, pois logo em seguida se daria in\u00edcio ao Game do Rio do Nosso Bairro. J\u00e1 no dia 11\/03\/2020, os membros da nossa COM-VIDA se reuniram na sala do Nosso Projeto para tra\u00e7ar metas, trocar ideias, sugerir mudan\u00e7as e dar in\u00edcio ao planejamento das nossas atividades anuais!<\/p>\n","protected":false},"author":256,"featured_media":0,"comment_status":"open","ping_status":"open","sticky":false,"template":"","format":"standard","meta":{"footnotes":""},"categories":[1],"tags":[],"class_list":["post-14658","post","type-post","status-publish","format-standard","hentry","category-geral"],"_links":{"self":[{"href":"https:\/\/redesow.faccat.br\/wordpress\/ceataquara\/wp-json\/wp\/v2\/posts\/14658","targetHints":{"allow":["GET"]}}],"collection":[{"href":"https:\/\/redesow.faccat.br\/wordpress\/ceataquara\/wp-json\/wp\/v2\/posts"}],"about":[{"href":"https:\/\/redesow.faccat.br\/wordpress\/ceataquara\/wp-json\/wp\/v2\/types\/post"}],"author":[{"embeddable":true,"href":"https:\/\/redesow.faccat.br\/wordpress\/ceataquara\/wp-json\/wp\/v2\/users\/256"}],"replies":[{"embeddable":true,"href":"https:\/\/redesow.faccat.br\/wordpress\/ceataquara\/wp-json\/wp\/v2\/comments?post=14658"}],"version-history":[{"count":4,"href":"https:\/\/redesow.faccat.br\/wordpress\/ceataquara\/wp-json\/wp\/v2\/posts\/14658\/revisions"}],"predecessor-version":[{"id":14671,"href":"https:\/\/redesow.faccat.br\/wordpress\/ceataquara\/wp-json\/wp\/v2\/posts\/14658\/revisions\/14671"}],"wp:attachment":[{"href":"https:\/\/redesow.faccat.br\/wordpress\/ceataquara\/wp-json\/wp\/v2\/media?parent=14658"}],"wp:term":[{"taxonomy":"category","embeddable":true,"href":"https:\/\/redesow.faccat.br\/wordpress\/ceataquara\/wp-json\/wp\/v2\/categories?post=14658"},{"taxonomy":"post_tag","embeddable":true,"href":"https:\/\/redesow.faccat.br\/wordpress\/ceataquara\/wp-json\/wp\/v2\/tags?post=14658"}],"curies":[{"name":"wp","href":"https:\/\/api.w.org\/{rel}","templated":true}]}}