{"id":14697,"date":"2020-07-01T04:46:47","date_gmt":"2020-07-01T01:46:47","guid":{"rendered":"http:\/\/redesow.faccat.br\/wordpress\/ceataquara\/?p=14697"},"modified":"2020-07-01T04:51:29","modified_gmt":"2020-07-01T01:51:29","slug":"semana-do-meio-ambiente-34","status":"publish","type":"post","link":"https:\/\/redesow.faccat.br\/wordpress\/ceataquara\/arquivos\/14697","title":{"rendered":"SEMANA DO MEIO AMBIENTE"},"content":{"rendered":"\n<p>A programa\u00e7\u00e3o da Semana do Meio Ambiente da escola EMEI Tia Paty ocorreu no dia 01 a 05 de junho, onde foram realizadas 3 a\u00e7\u00f5es.<\/p>\n\n\n\n<p>No dia 01 de junho tivemos Cards indicativos sobre a separa\u00e7\u00e3o do lixo, com a professora Eunice.<\/p>\n\n\n\n<p>V\u00eddeo indicativo no dia 03 de junho, onde contamos com a participa\u00e7\u00e3o da professora Eunice e sua turma, atrav\u00e9s de imagens enviadas da casa de seus alunos de como separar o lixo em casa.<\/p>\n\n\n\n<p>A \u00faltima a\u00e7\u00e3o foi realizada no dia 05 de junho, com o v\u00eddeo de Pr\u00e1ticas Sustent\u00e1veis, de como fazer uma composteira no quintal. V\u00eddeo produzido pela professora Eunice. <\/p>\n\n\n\n<p>Alunos da escola EMEI Tia Paty reciclando o lixo e cuidando da composteira.<\/p>\n\n\n\n<figure class=\"wp-block-image size-large\"><img loading=\"lazy\" decoding=\"async\" width=\"600\" height=\"600\" src=\"https:\/\/redesow.faccat.br\/wordpress\/ceataquara\/wp-content\/uploads\/sites\/15\/InFrame_1591204402662-600x600.jpg\" alt=\"\" class=\"wp-image-14714\" srcset=\"https:\/\/redesow.faccat.br\/wordpress\/ceataquara\/wp-content\/uploads\/sites\/15\/InFrame_1591204402662-600x600.jpg 600w, https:\/\/redesow.faccat.br\/wordpress\/ceataquara\/wp-content\/uploads\/sites\/15\/InFrame_1591204402662-300x300.jpg 300w, https:\/\/redesow.faccat.br\/wordpress\/ceataquara\/wp-content\/uploads\/sites\/15\/InFrame_1591204402662-150x150.jpg 150w, https:\/\/redesow.faccat.br\/wordpress\/ceataquara\/wp-content\/uploads\/sites\/15\/InFrame_1591204402662-768x768.jpg 768w, https:\/\/redesow.faccat.br\/wordpress\/ceataquara\/wp-content\/uploads\/sites\/15\/InFrame_1591204402662-1536x1536.jpg 1536w, https:\/\/redesow.faccat.br\/wordpress\/ceataquara\/wp-content\/uploads\/sites\/15\/InFrame_1591204402662.jpg 2048w\" sizes=\"auto, (max-width: 600px) 100vw, 600px\" \/><\/figure>\n\n\n\n<figure class=\"wp-block-gallery columns-1 is-cropped wp-block-gallery-1 is-layout-flex wp-block-gallery-is-layout-flex\"><ul class=\"blocks-gallery-grid\"><li class=\"blocks-gallery-item\"><figure><img loading=\"lazy\" decoding=\"async\" width=\"600\" height=\"600\" src=\"https:\/\/redesow.faccat.br\/wordpress\/ceataquara\/wp-content\/uploads\/sites\/15\/InFrame_1591357148183-600x600.jpg\" alt=\"\" data-id=\"14715\" data-full-url=\"https:\/\/redesow.faccat.br\/wordpress\/ceataquara\/wp-content\/uploads\/sites\/15\/InFrame_1591357148183.jpg\" data-link=\"https:\/\/redesow.faccat.br\/wordpress\/ceataquara\/?attachment_id=14715\" class=\"wp-image-14715\" srcset=\"https:\/\/redesow.faccat.br\/wordpress\/ceataquara\/wp-content\/uploads\/sites\/15\/InFrame_1591357148183-600x600.jpg 600w, https:\/\/redesow.faccat.br\/wordpress\/ceataquara\/wp-content\/uploads\/sites\/15\/InFrame_1591357148183-300x300.jpg 300w, https:\/\/redesow.faccat.br\/wordpress\/ceataquara\/wp-content\/uploads\/sites\/15\/InFrame_1591357148183-150x150.jpg 150w, https:\/\/redesow.faccat.br\/wordpress\/ceataquara\/wp-content\/uploads\/sites\/15\/InFrame_1591357148183-768x768.jpg 768w, https:\/\/redesow.faccat.br\/wordpress\/ceataquara\/wp-content\/uploads\/sites\/15\/InFrame_1591357148183-1536x1536.jpg 1536w, https:\/\/redesow.faccat.br\/wordpress\/ceataquara\/wp-content\/uploads\/sites\/15\/InFrame_1591357148183.jpg 2048w\" sizes=\"auto, (max-width: 600px) 100vw, 600px\" \/><\/figure><\/li><\/ul><\/figure>\n","protected":false},"excerpt":{"rendered":"<p>A programa\u00e7\u00e3o da Semana do Meio Ambiente da escola EMEI Tia Paty ocorreu no dia 01 a 05 de junho, onde foram realizadas 3 a\u00e7\u00f5es. No dia 01 de junho tivemos Cards indicativos sobre a separa\u00e7\u00e3o do lixo, com a professora Eunice. V\u00eddeo indicativo no dia 03 de junho, onde contamos com a participa\u00e7\u00e3o da professora Eunice e sua turma, atrav\u00e9s de imagens enviadas da casa de seus alunos de como separar o lixo em casa. A \u00faltima a\u00e7\u00e3o foi realizada no dia 05 de junho, com o v\u00eddeo de Pr\u00e1ticas Sustent\u00e1veis, de como fazer uma composteira no quintal. V\u00eddeo produzido pela professora Eunice. Alunos da escola EMEI Tia Paty reciclando o lixo e cuidando da composteira.<\/p>\n","protected":false},"author":263,"featured_media":0,"comment_status":"open","ping_status":"open","sticky":false,"template":"","format":"standard","meta":{"footnotes":""},"categories":[1],"tags":[],"class_list":["post-14697","post","type-post","status-publish","format-standard","hentry","category-geral"],"_links":{"self":[{"href":"https:\/\/redesow.faccat.br\/wordpress\/ceataquara\/wp-json\/wp\/v2\/posts\/14697","targetHints":{"allow":["GET"]}}],"collection":[{"href":"https:\/\/redesow.faccat.br\/wordpress\/ceataquara\/wp-json\/wp\/v2\/posts"}],"about":[{"href":"https:\/\/redesow.faccat.br\/wordpress\/ceataquara\/wp-json\/wp\/v2\/types\/post"}],"author":[{"embeddable":true,"href":"https:\/\/redesow.faccat.br\/wordpress\/ceataquara\/wp-json\/wp\/v2\/users\/263"}],"replies":[{"embeddable":true,"href":"https:\/\/redesow.faccat.br\/wordpress\/ceataquara\/wp-json\/wp\/v2\/comments?post=14697"}],"version-history":[{"count":4,"href":"https:\/\/redesow.faccat.br\/wordpress\/ceataquara\/wp-json\/wp\/v2\/posts\/14697\/revisions"}],"predecessor-version":[{"id":14718,"href":"https:\/\/redesow.faccat.br\/wordpress\/ceataquara\/wp-json\/wp\/v2\/posts\/14697\/revisions\/14718"}],"wp:attachment":[{"href":"https:\/\/redesow.faccat.br\/wordpress\/ceataquara\/wp-json\/wp\/v2\/media?parent=14697"}],"wp:term":[{"taxonomy":"category","embeddable":true,"href":"https:\/\/redesow.faccat.br\/wordpress\/ceataquara\/wp-json\/wp\/v2\/categories?post=14697"},{"taxonomy":"post_tag","embeddable":true,"href":"https:\/\/redesow.faccat.br\/wordpress\/ceataquara\/wp-json\/wp\/v2\/tags?post=14697"}],"curies":[{"name":"wp","href":"https:\/\/api.w.org\/{rel}","templated":true}]}}