{"id":1479,"date":"2015-06-26T19:42:23","date_gmt":"2015-06-26T16:42:23","guid":{"rendered":"http:\/\/redesow.faccat.br\/wordpress\/ceataquara\/?p=1479"},"modified":"2015-06-26T21:26:08","modified_gmt":"2015-06-26T18:26:08","slug":"da-terra-ate-nossa-merenda-escolar","status":"publish","type":"post","link":"https:\/\/redesow.faccat.br\/wordpress\/ceataquara\/arquivos\/1479","title":{"rendered":"Da terra at\u00e9 nossa merenda escolar &#8211; EMEF Jo\u00e3o Martins Nunes"},"content":{"rendered":"<p>No dia 24\/06, na quarta-feira, os alunos da turma 173, acompanhados da professora Zeli Fernandes, fizeram uma visita a uma das propriedades na qual ocorre o Programa Agricultura Familiar, onde puderam escutar explica\u00e7\u00f5es diretamente de quem cuida da terra, cultiva e colhe, o sr. Valdir. Participaram tamb\u00e9m da colheita de algumas hortali\u00e7as que mais tarde ser\u00e3o encaminhadas as escolas, pois fazem parte da merenda escolar de nosso munic\u00edpio.<br \/>\nOs alunos salientaram que foi muito interessante, pois muitos n\u00e3o tinham ideia de como d\u00e1 trabalho e como \u00e9 feito todo o processo, para que os alimentos cheguem at\u00e9 a escola&#8230;<\/p>\n<figure id=\"attachment_1476\" class=\"thumbnail wp-caption alignleft\" style=\"width: 113px\"><a href=\"http:\/\/redesow.faccat.br\/wordpress\/ceataquara\/wp-content\/uploads\/sites\/15\/SAM_63001.jpg\"><img loading=\"lazy\" decoding=\"async\" class=\"size-thumbnail wp-image-1476\" src=\"http:\/\/redesow.faccat.br\/wordpress\/ceataquara\/wp-content\/uploads\/sites\/15\/SAM_63001-113x150.jpg\" alt=\"Professora Zeli Fernandes, em meio as hortali\u00e7as da Agricultura Familiar, que se tornam a nossa merenda escolar.\" width=\"113\" height=\"150\" srcset=\"https:\/\/redesow.faccat.br\/wordpress\/ceataquara\/wp-content\/uploads\/sites\/15\/SAM_63001-113x150.jpg 113w, https:\/\/redesow.faccat.br\/wordpress\/ceataquara\/wp-content\/uploads\/sites\/15\/SAM_63001-225x300.jpg 225w, https:\/\/redesow.faccat.br\/wordpress\/ceataquara\/wp-content\/uploads\/sites\/15\/SAM_63001-450x600.jpg 450w, https:\/\/redesow.faccat.br\/wordpress\/ceataquara\/wp-content\/uploads\/sites\/15\/SAM_63001.jpg 768w\" sizes=\"auto, (max-width: 113px) 100vw, 113px\" \/><\/a><figcaption class=\"caption wp-caption-text\">Professora Zeli Fernandes, em meio as hortali\u00e7as da Agricultura Familiar, que se tornam a nossa merenda escolar.<\/figcaption><\/figure>\n<figure id=\"attachment_1473\" class=\"thumbnail wp-caption alignleft\" style=\"width: 150px\"><a href=\"http:\/\/redesow.faccat.br\/wordpress\/ceataquara\/wp-content\/uploads\/sites\/15\/SAM_6302.jpg\"><img loading=\"lazy\" decoding=\"async\" class=\"size-thumbnail wp-image-1473\" src=\"http:\/\/redesow.faccat.br\/wordpress\/ceataquara\/wp-content\/uploads\/sites\/15\/SAM_6302-150x113.jpg\" alt=\"Sr. Valdir Coordenador da Agricultura Familiar\" width=\"150\" height=\"113\" srcset=\"https:\/\/redesow.faccat.br\/wordpress\/ceataquara\/wp-content\/uploads\/sites\/15\/SAM_6302-150x113.jpg 150w, https:\/\/redesow.faccat.br\/wordpress\/ceataquara\/wp-content\/uploads\/sites\/15\/SAM_6302-300x225.jpg 300w, https:\/\/redesow.faccat.br\/wordpress\/ceataquara\/wp-content\/uploads\/sites\/15\/SAM_6302-600x450.jpg 600w, https:\/\/redesow.faccat.br\/wordpress\/ceataquara\/wp-content\/uploads\/sites\/15\/SAM_6302.jpg 1024w\" sizes=\"auto, (max-width: 150px) 100vw, 150px\" \/><\/a><figcaption class=\"caption wp-caption-text\">Sr. Valdir Coordenador da Agricultura Familiar<\/figcaption><\/figure>\n<figure id=\"attachment_1472\" class=\"thumbnail wp-caption alignleft\" style=\"width: 150px\"><a href=\"http:\/\/redesow.faccat.br\/wordpress\/ceataquara\/wp-content\/uploads\/sites\/15\/SAM_6301.jpg\"><img loading=\"lazy\" decoding=\"async\" class=\"size-thumbnail wp-image-1472\" src=\"http:\/\/redesow.faccat.br\/wordpress\/ceataquara\/wp-content\/uploads\/sites\/15\/SAM_6301-150x113.jpg\" alt=\"Alunas da turma 173 auxiliando na colheita.\" width=\"150\" height=\"113\" srcset=\"https:\/\/redesow.faccat.br\/wordpress\/ceataquara\/wp-content\/uploads\/sites\/15\/SAM_6301-150x113.jpg 150w, https:\/\/redesow.faccat.br\/wordpress\/ceataquara\/wp-content\/uploads\/sites\/15\/SAM_6301-300x225.jpg 300w, https:\/\/redesow.faccat.br\/wordpress\/ceataquara\/wp-content\/uploads\/sites\/15\/SAM_6301-600x450.jpg 600w, https:\/\/redesow.faccat.br\/wordpress\/ceataquara\/wp-content\/uploads\/sites\/15\/SAM_6301.jpg 1024w\" sizes=\"auto, (max-width: 150px) 100vw, 150px\" \/><\/a><figcaption class=\"caption wp-caption-text\">Alunas da turma 173 auxiliando na colheita.<\/figcaption><\/figure>\n","protected":false},"excerpt":{"rendered":"<p>No dia 24\/06, na quarta-feira, os alunos da turma 173, acompanhados da professora Zeli Fernandes, fizeram uma visita a uma das propriedades na qual ocorre o Programa Agricultura Familiar, onde puderam escutar explica\u00e7\u00f5es diretamente de quem cuida da terra, cultiva e colhe, o sr. Valdir. Participaram tamb\u00e9m da colheita de algumas hortali\u00e7as que mais tarde ser\u00e3o encaminhadas as escolas, pois fazem parte da merenda escolar de nosso munic\u00edpio. Os alunos salientaram que foi muito interessante, pois muitos n\u00e3o tinham ideia de como d\u00e1 trabalho e como \u00e9 feito todo o processo, para que os alimentos cheguem at\u00e9 a escola&#8230;<\/p>\n","protected":false},"author":146,"featured_media":0,"comment_status":"open","ping_status":"open","sticky":false,"template":"","format":"standard","meta":{"footnotes":""},"categories":[9],"tags":[],"class_list":["post-1479","post","type-post","status-publish","format-standard","hentry","category-joao-martins"],"_links":{"self":[{"href":"https:\/\/redesow.faccat.br\/wordpress\/ceataquara\/wp-json\/wp\/v2\/posts\/1479","targetHints":{"allow":["GET"]}}],"collection":[{"href":"https:\/\/redesow.faccat.br\/wordpress\/ceataquara\/wp-json\/wp\/v2\/posts"}],"about":[{"href":"https:\/\/redesow.faccat.br\/wordpress\/ceataquara\/wp-json\/wp\/v2\/types\/post"}],"author":[{"embeddable":true,"href":"https:\/\/redesow.faccat.br\/wordpress\/ceataquara\/wp-json\/wp\/v2\/users\/146"}],"replies":[{"embeddable":true,"href":"https:\/\/redesow.faccat.br\/wordpress\/ceataquara\/wp-json\/wp\/v2\/comments?post=1479"}],"version-history":[{"count":4,"href":"https:\/\/redesow.faccat.br\/wordpress\/ceataquara\/wp-json\/wp\/v2\/posts\/1479\/revisions"}],"predecessor-version":[{"id":1483,"href":"https:\/\/redesow.faccat.br\/wordpress\/ceataquara\/wp-json\/wp\/v2\/posts\/1479\/revisions\/1483"}],"wp:attachment":[{"href":"https:\/\/redesow.faccat.br\/wordpress\/ceataquara\/wp-json\/wp\/v2\/media?parent=1479"}],"wp:term":[{"taxonomy":"category","embeddable":true,"href":"https:\/\/redesow.faccat.br\/wordpress\/ceataquara\/wp-json\/wp\/v2\/categories?post=1479"},{"taxonomy":"post_tag","embeddable":true,"href":"https:\/\/redesow.faccat.br\/wordpress\/ceataquara\/wp-json\/wp\/v2\/tags?post=1479"}],"curies":[{"name":"wp","href":"https:\/\/api.w.org\/{rel}","templated":true}]}}