{"id":1490,"date":"2015-06-29T22:06:47","date_gmt":"2015-06-29T19:06:47","guid":{"rendered":"http:\/\/redesow.faccat.br\/wordpress\/ceataquara\/?p=1490"},"modified":"2015-08-21T20:13:24","modified_gmt":"2015-08-21T17:13:24","slug":"com-vida-para-acao-do-alipio-a-nossa-agenda-21-escolar","status":"publish","type":"post","link":"https:\/\/redesow.faccat.br\/wordpress\/ceataquara\/arquivos\/1490","title":{"rendered":"COM-VIDA para A\u00e7\u00e3o do Al\u00edpio: A nossa Agenda 21 escolar"},"content":{"rendered":"<p>E.M.E.F. Dr Al\u00edpio Alfredo Sperb<\/p>\n<p>COM-VIDA para A\u00e7\u00e3o do Al\u00edpio: A nossa Agenda 21 escolar<\/p>\n<p>A partir da oficina do futuro &#8220;Caminho das Pedras&#8221; os alunos da COM-VIDA levantaram quais os dez principais problemas ambientais da escola. Depois, com a oficina \u00c1rvore dos Sonhos, indicaram dez sonhos que gostariam de realizar tamb\u00e9m na escola. Ap\u00f3s as oficinas responderam a um question\u00e1rio (diagn\u00f3stico socioambiental) referente a escola. Dentre os dez problemas e dez sonhos escolheram os tr\u00eas principais de cada um. Para cada sonho estabeleceram tr\u00eas a\u00e7\u00f5es, determinaram prazos, definiram quem realizaria e onde. Algumas a\u00e7\u00f5es iniciaram no ano passado e ainda est\u00e3o sendo aprimoradas. Segue abaixo o planejamento da Agenda 21 escolar do Al\u00edpio<\/p>\n<table width=\"605\">\n<tbody>\n<tr>\n<td width=\"110\">Pedras no caminho<\/td>\n<td width=\"98\">Sonhos<\/td>\n<td width=\"121\">A\u00e7\u00e3o<\/td>\n<td width=\"110\">Quando?<\/td>\n<td width=\"93\">Quem?<\/td>\n<td width=\"73\">Onde?<\/td>\n<\/tr>\n<tr>\n<td rowspan=\"3\" width=\"110\">1.Falta de separa\u00e7\u00e3o dos res\u00edduos na escola<\/td>\n<td rowspan=\"3\" width=\"98\">1. Separa\u00e7\u00e3o dos res\u00edduos em 3 categorias: papel, demais res\u00edduos secos recicl\u00e1veis e n\u00e3o recicl\u00e1veis e org\u00e2nicos<\/td>\n<td width=\"121\">1.1 Colocar caixas nas salas de aula e outros espa\u00e7os para a separa\u00e7\u00e3o do papel<\/td>\n<td width=\"110\">1.1 At\u00e9 agosto\/2015<\/td>\n<td width=\"93\">1.1 Alunos do Com-Vida&nbsp;<\/td>\n<td width=\"73\">1.1 Na escola.<\/td>\n<\/tr>\n<tr>\n<td width=\"121\">1.2 Colocar em alguns espa\u00e7os da escola no m\u00ednimo duas lixeiras para separa\u00e7\u00e3o dos res\u00edduos recicl\u00e1veis e n\u00e3o recicl\u00e1veis<\/td>\n<td width=\"110\">1.2 At\u00e9 dezembro\/2015<\/td>\n<td width=\"93\">1.2 Alunos do COM-VIDA e dire\u00e7\u00e3o<\/td>\n<td width=\"73\">1.2 Na escola.<\/td>\n<\/tr>\n<tr>\n<td width=\"121\">1.3 Reduzir e reutilizar os res\u00edduos em atividades pedag\u00f3gicas<\/td>\n<td width=\"110\">1.3 At\u00e9 dezembro\/2015<\/td>\n<td width=\"93\">1.3 Todos os alunos, professores e demais funcion\u00e1rios<\/td>\n<td width=\"73\">1.3 Na escola.<\/td>\n<\/tr>\n<tr>\n<td rowspan=\"3\" width=\"110\">2. Aus\u00eancia de horta<\/td>\n<td rowspan=\"3\" width=\"98\">2. Horta Escolar<\/td>\n<td width=\"121\">2.1 Fazer canteiros de hortali\u00e7as utilizando pneus<\/td>\n<td width=\"110\">2.1 At\u00e9 dezembro\/2015<\/td>\n<td width=\"93\">2.1 Alunos da COM-VIDA<\/td>\n<td width=\"73\">2.1 Na escola.<\/td>\n<\/tr>\n<tr>\n<td width=\"121\">2.2 Fazer canteiros de ch\u00e1s medicinais em pallets e garrafas PET<\/td>\n<td width=\"110\">2.2 At\u00e9 dezembro\/2015<\/td>\n<td width=\"93\">2.2 Alunos da COM-VIDA<\/td>\n<td width=\"73\">2.2 Na escola.<\/td>\n<\/tr>\n<tr>\n<td width=\"121\">2.3 Utilizar o produto da horta na merenda e outros momentos<\/td>\n<td width=\"110\">2.3 At\u00e9 dezembro\/2015.<\/td>\n<td width=\"93\">2.3 Alunos da COM-VIDA e merendeiras<\/td>\n<td width=\"73\">2.3 Na escola.<\/td>\n<\/tr>\n<tr>\n<td rowspan=\"3\" width=\"110\">3. Escassez de espa\u00e7os verdes na escola<\/td>\n<td rowspan=\"3\" width=\"98\">3. Canteiros floridos<\/td>\n<td width=\"121\">3.1 Fazer canteiros de flores com pneus<\/td>\n<td width=\"110\">3.1 At\u00e9 julho\/2015<\/td>\n<td width=\"93\">3.1 Alunos da COM-VIDA<\/td>\n<td width=\"73\">3.1 Na escola.<\/td>\n<\/tr>\n<tr>\n<td width=\"121\">3.2 Fazer canteiros reutilizando pallets e garrafas PET<\/td>\n<td width=\"110\">3.2 At\u00e9 julho\/2015<\/td>\n<td width=\"93\">3.2 Alunos da COM-VIDA<\/td>\n<td width=\"73\">3.2 Na escola.<\/td>\n<\/tr>\n<tr>\n<td width=\"121\">3.3 Fazer canteiros utilizando<\/td>\n<td width=\"110\">3.3 At\u00e9 dezembro\/2015<\/td>\n<td width=\"93\">3.3 Alunos da COM-VIDA<\/td>\n<td width=\"73\">3.3Na escola.<\/td>\n<\/tr>\n<\/tbody>\n<\/table>\n","protected":false},"excerpt":{"rendered":"<p>E.M.E.F. Dr Al\u00edpio Alfredo Sperb COM-VIDA para A\u00e7\u00e3o do Al\u00edpio: A nossa Agenda 21 escolar A partir da oficina do futuro &#8220;Caminho das Pedras&#8221; os alunos da COM-VIDA levantaram quais os dez principais problemas ambientais da escola. Depois, com a oficina \u00c1rvore dos Sonhos, indicaram dez sonhos que gostariam de realizar tamb\u00e9m na escola. Ap\u00f3s as oficinas responderam a um question\u00e1rio (diagn\u00f3stico socioambiental) referente a escola. Dentre os dez problemas e dez sonhos escolheram os tr\u00eas principais de cada um. Para cada sonho estabeleceram tr\u00eas a\u00e7\u00f5es, determinaram prazos, definiram quem realizaria e onde. Algumas a\u00e7\u00f5es iniciaram no ano passado e ainda est\u00e3o sendo aprimoradas. Segue abaixo o planejamento da Agenda 21 escolar do Al\u00edpio Pedras no caminho Sonhos A\u00e7\u00e3o Quando? Quem? Onde? 1.Falta de separa\u00e7\u00e3o dos res\u00edduos na escola 1. Separa\u00e7\u00e3o dos res\u00edduos em 3 categorias: papel, demais res\u00edduos secos &hellip; <a href=\"https:\/\/redesow.faccat.br\/wordpress\/ceataquara\/arquivos\/1490\">Continua<\/a><\/p>\n","protected":false},"author":175,"featured_media":0,"comment_status":"open","ping_status":"open","sticky":false,"template":"","format":"standard","meta":{"footnotes":""},"categories":[6,1],"tags":[],"class_list":["post-1490","post","type-post","status-publish","format-standard","hentry","category-alipio","category-geral"],"_links":{"self":[{"href":"https:\/\/redesow.faccat.br\/wordpress\/ceataquara\/wp-json\/wp\/v2\/posts\/1490","targetHints":{"allow":["GET"]}}],"collection":[{"href":"https:\/\/redesow.faccat.br\/wordpress\/ceataquara\/wp-json\/wp\/v2\/posts"}],"about":[{"href":"https:\/\/redesow.faccat.br\/wordpress\/ceataquara\/wp-json\/wp\/v2\/types\/post"}],"author":[{"embeddable":true,"href":"https:\/\/redesow.faccat.br\/wordpress\/ceataquara\/wp-json\/wp\/v2\/users\/175"}],"replies":[{"embeddable":true,"href":"https:\/\/redesow.faccat.br\/wordpress\/ceataquara\/wp-json\/wp\/v2\/comments?post=1490"}],"version-history":[{"count":6,"href":"https:\/\/redesow.faccat.br\/wordpress\/ceataquara\/wp-json\/wp\/v2\/posts\/1490\/revisions"}],"predecessor-version":[{"id":1928,"href":"https:\/\/redesow.faccat.br\/wordpress\/ceataquara\/wp-json\/wp\/v2\/posts\/1490\/revisions\/1928"}],"wp:attachment":[{"href":"https:\/\/redesow.faccat.br\/wordpress\/ceataquara\/wp-json\/wp\/v2\/media?parent=1490"}],"wp:term":[{"taxonomy":"category","embeddable":true,"href":"https:\/\/redesow.faccat.br\/wordpress\/ceataquara\/wp-json\/wp\/v2\/categories?post=1490"},{"taxonomy":"post_tag","embeddable":true,"href":"https:\/\/redesow.faccat.br\/wordpress\/ceataquara\/wp-json\/wp\/v2\/tags?post=1490"}],"curies":[{"name":"wp","href":"https:\/\/api.w.org\/{rel}","templated":true}]}}