{"id":150,"date":"2015-04-14T21:43:38","date_gmt":"2015-04-14T18:43:38","guid":{"rendered":"http:\/\/redesow.faccat.br\/wordpress\/ceataquara\/?p=150"},"modified":"2015-04-14T22:10:43","modified_gmt":"2015-04-14T19:10:43","slug":"ecotrilha-rio-do-nosso-bairro-emef-dr-lauro-h-muller","status":"publish","type":"post","link":"https:\/\/redesow.faccat.br\/wordpress\/ceataquara\/arquivos\/150","title":{"rendered":"ECOTRILHA &#8211; 3\u00aa Jornada Rio do Nosso Bairro &#8211; EMEF Dr Lauro H. Muller"},"content":{"rendered":"<p><img loading=\"lazy\" decoding=\"async\" class=\"alignnone size-medium wp-image-190\" src=\"http:\/\/redesow.faccat.br\/wordpress\/ceataquara\/wp-content\/uploads\/sites\/15\/logo-300x168.jpg\" alt=\"logo\" width=\"300\" height=\"168\" srcset=\"https:\/\/redesow.faccat.br\/wordpress\/ceataquara\/wp-content\/uploads\/sites\/15\/logo-300x168.jpg 300w, https:\/\/redesow.faccat.br\/wordpress\/ceataquara\/wp-content\/uploads\/sites\/15\/logo-150x84.jpg 150w, https:\/\/redesow.faccat.br\/wordpress\/ceataquara\/wp-content\/uploads\/sites\/15\/logo-1024x576.jpg 1024w, https:\/\/redesow.faccat.br\/wordpress\/ceataquara\/wp-content\/uploads\/sites\/15\/logo.jpg 1280w\" sizes=\"auto, (max-width: 300px) 100vw, 300px\" \/><\/p>\n<p>Coletivo Educador 2015 \u2013 Rio do Nosso Bairro<\/p>\n<p>Atividade realizada: Trilha de reconhecimento e limpeza de percurso 01 at\u00e9 laje do Rio Paranhana.<\/p>\n<p><strong><a href=\"http:\/\/redesow.faccat.br\/wordpress\/ceataquara\/wp-content\/uploads\/sites\/15\/mapa.jpg\"><img loading=\"lazy\" decoding=\"async\" class=\"alignnone size-medium wp-image-195\" src=\"http:\/\/redesow.faccat.br\/wordpress\/ceataquara\/wp-content\/uploads\/sites\/15\/mapa-300x168.jpg\" alt=\"mapa\" width=\"300\" height=\"168\" srcset=\"https:\/\/redesow.faccat.br\/wordpress\/ceataquara\/wp-content\/uploads\/sites\/15\/mapa-300x168.jpg 300w, https:\/\/redesow.faccat.br\/wordpress\/ceataquara\/wp-content\/uploads\/sites\/15\/mapa-150x84.jpg 150w, https:\/\/redesow.faccat.br\/wordpress\/ceataquara\/wp-content\/uploads\/sites\/15\/mapa-1024x576.jpg 1024w, https:\/\/redesow.faccat.br\/wordpress\/ceataquara\/wp-content\/uploads\/sites\/15\/mapa.jpg 1280w\" sizes=\"auto, (max-width: 300px) 100vw, 300px\" \/><\/a><\/strong><\/p>\n<p>RELAT\u00d3RIO DA ATIVIDADE<\/p>\n<p>Professores orientadores: Joana Laura Conte, Andr\u00e9 T. Machado<br \/>\nAlunos participantes: Grupo de monitoras do COM-VIDA (Eduarda Michaela Kirsh, Cinddy Simonds, Larissa Francisco Klein, Elaize Francisco Klein), Auxiliares e Aspirantes a Monitores do COM-VIDA (Manuela Kleinkauf de Oliveira, Leticia Soares da Silva, Jo\u00e3o Vitor Ferreira, Lais Gabriela Oliveira da Silva, Emanuele Rheinheimer Siqueira, Julio Cesar Soares de Souza, Jo\u00e3o Pedro S. Sebem, Camille da Silva).<\/p>\n<p><a href=\"http:\/\/redesow.faccat.br\/wordpress\/ceataquara\/wp-content\/uploads\/sites\/15\/foto6.jpg\"><img loading=\"lazy\" decoding=\"async\" class=\"alignnone size-medium wp-image-198\" src=\"http:\/\/redesow.faccat.br\/wordpress\/ceataquara\/wp-content\/uploads\/sites\/15\/foto6-300x168.jpg\" alt=\"foto6\" width=\"300\" height=\"168\" srcset=\"https:\/\/redesow.faccat.br\/wordpress\/ceataquara\/wp-content\/uploads\/sites\/15\/foto6-300x168.jpg 300w, https:\/\/redesow.faccat.br\/wordpress\/ceataquara\/wp-content\/uploads\/sites\/15\/foto6-150x84.jpg 150w, https:\/\/redesow.faccat.br\/wordpress\/ceataquara\/wp-content\/uploads\/sites\/15\/foto6-1024x576.jpg 1024w, https:\/\/redesow.faccat.br\/wordpress\/ceataquara\/wp-content\/uploads\/sites\/15\/foto6.jpg 1280w\" sizes=\"auto, (max-width: 300px) 100vw, 300px\" \/><\/a><a href=\"http:\/\/redesow.faccat.br\/wordpress\/ceataquara\/wp-content\/uploads\/sites\/15\/foto1.jpg\"><img loading=\"lazy\" decoding=\"async\" class=\"alignnone size-medium wp-image-199\" src=\"http:\/\/redesow.faccat.br\/wordpress\/ceataquara\/wp-content\/uploads\/sites\/15\/foto1-300x168.jpg\" alt=\"foto1\" width=\"300\" height=\"168\" srcset=\"https:\/\/redesow.faccat.br\/wordpress\/ceataquara\/wp-content\/uploads\/sites\/15\/foto1-300x168.jpg 300w, https:\/\/redesow.faccat.br\/wordpress\/ceataquara\/wp-content\/uploads\/sites\/15\/foto1-150x84.jpg 150w, https:\/\/redesow.faccat.br\/wordpress\/ceataquara\/wp-content\/uploads\/sites\/15\/foto1-1024x576.jpg 1024w, https:\/\/redesow.faccat.br\/wordpress\/ceataquara\/wp-content\/uploads\/sites\/15\/foto1.jpg 1280w\" sizes=\"auto, (max-width: 300px) 100vw, 300px\" \/><\/a> <a href=\"http:\/\/redesow.faccat.br\/wordpress\/ceataquara\/wp-content\/uploads\/sites\/15\/foto3.jpg\"><img loading=\"lazy\" decoding=\"async\" class=\"alignnone size-medium wp-image-200\" src=\"http:\/\/redesow.faccat.br\/wordpress\/ceataquara\/wp-content\/uploads\/sites\/15\/foto3-300x168.jpg\" alt=\"foto3\" width=\"300\" height=\"168\" srcset=\"https:\/\/redesow.faccat.br\/wordpress\/ceataquara\/wp-content\/uploads\/sites\/15\/foto3-300x168.jpg 300w, https:\/\/redesow.faccat.br\/wordpress\/ceataquara\/wp-content\/uploads\/sites\/15\/foto3-150x84.jpg 150w, https:\/\/redesow.faccat.br\/wordpress\/ceataquara\/wp-content\/uploads\/sites\/15\/foto3-1024x576.jpg 1024w, https:\/\/redesow.faccat.br\/wordpress\/ceataquara\/wp-content\/uploads\/sites\/15\/foto3.jpg 1280w\" sizes=\"auto, (max-width: 300px) 100vw, 300px\" \/><\/a> <a href=\"http:\/\/redesow.faccat.br\/wordpress\/ceataquara\/wp-content\/uploads\/sites\/15\/foto5.jpg\"><img loading=\"lazy\" decoding=\"async\" class=\"alignnone size-medium wp-image-201\" src=\"http:\/\/redesow.faccat.br\/wordpress\/ceataquara\/wp-content\/uploads\/sites\/15\/foto5-300x168.jpg\" alt=\"foto5\" width=\"300\" height=\"168\" srcset=\"https:\/\/redesow.faccat.br\/wordpress\/ceataquara\/wp-content\/uploads\/sites\/15\/foto5-300x168.jpg 300w, https:\/\/redesow.faccat.br\/wordpress\/ceataquara\/wp-content\/uploads\/sites\/15\/foto5-150x84.jpg 150w, https:\/\/redesow.faccat.br\/wordpress\/ceataquara\/wp-content\/uploads\/sites\/15\/foto5-1024x576.jpg 1024w, https:\/\/redesow.faccat.br\/wordpress\/ceataquara\/wp-content\/uploads\/sites\/15\/foto5.jpg 1280w\" sizes=\"auto, (max-width: 300px) 100vw, 300px\" \/><\/a><\/p>\n<p>&nbsp;<\/p>\n<p>A proposta de reconhecimento da trilha, muito utilizada por banhistas da regi\u00e3o por possuir um lajeado de pedra gr\u00e9s em diversos pontos das margens, igualmente reconhecidamente como perigosa como \u00e1rea de lazer, vem de encontro \u00e0 conscientiza\u00e7\u00e3o dos recursos presentes na \u00e1rea em que residem e da import\u00e2ncia da manuten\u00e7\u00e3o do rio e seu entorno, al\u00e9m de ser uma \u00f3tima atividade f\u00edsica, l\u00fadica e de car\u00e1ter ecol\u00f3gico, pois aprendem sobre o ambiente, como devem se comportar ao ingressar nele e como devem mant\u00ea-lo minimamente alterado e o porque de tal import\u00e2ncia.<\/p>\n<p><img loading=\"lazy\" decoding=\"async\" class=\"alignnone size-medium wp-image-203\" src=\"http:\/\/redesow.faccat.br\/wordpress\/ceataquara\/wp-content\/uploads\/sites\/15\/foto4-300x168.jpg\" alt=\"foto4\" width=\"300\" height=\"168\" srcset=\"https:\/\/redesow.faccat.br\/wordpress\/ceataquara\/wp-content\/uploads\/sites\/15\/foto4-300x168.jpg 300w, https:\/\/redesow.faccat.br\/wordpress\/ceataquara\/wp-content\/uploads\/sites\/15\/foto4-150x84.jpg 150w, https:\/\/redesow.faccat.br\/wordpress\/ceataquara\/wp-content\/uploads\/sites\/15\/foto4-1024x576.jpg 1024w, https:\/\/redesow.faccat.br\/wordpress\/ceataquara\/wp-content\/uploads\/sites\/15\/foto4.jpg 1280w\" sizes=\"auto, (max-width: 300px) 100vw, 300px\" \/><\/p>\n","protected":false},"excerpt":{"rendered":"<p>Coletivo Educador 2015 \u2013 Rio do Nosso Bairro Atividade realizada: Trilha de reconhecimento e limpeza de percurso 01 at\u00e9 laje do Rio Paranhana. RELAT\u00d3RIO DA ATIVIDADE Professores orientadores: Joana Laura Conte, Andr\u00e9 T. Machado Alunos participantes: Grupo de monitoras do COM-VIDA (Eduarda Michaela Kirsh, Cinddy Simonds, Larissa Francisco Klein, Elaize Francisco Klein), Auxiliares e Aspirantes a Monitores do COM-VIDA (Manuela Kleinkauf de Oliveira, Leticia Soares da Silva, Jo\u00e3o Vitor Ferreira, Lais Gabriela Oliveira da Silva, Emanuele Rheinheimer Siqueira, Julio Cesar Soares de Souza, Jo\u00e3o Pedro S. Sebem, Camille da Silva). &nbsp; A proposta de reconhecimento da trilha, muito utilizada por banhistas da regi\u00e3o por possuir um lajeado de pedra gr\u00e9s em diversos pontos das margens, igualmente reconhecidamente como perigosa como \u00e1rea de lazer, vem de encontro \u00e0 conscientiza\u00e7\u00e3o dos recursos presentes na \u00e1rea em que residem e da import\u00e2ncia da &hellip; <a href=\"https:\/\/redesow.faccat.br\/wordpress\/ceataquara\/arquivos\/150\">Continua<\/a><\/p>\n","protected":false},"author":166,"featured_media":0,"comment_status":"open","ping_status":"open","sticky":false,"template":"","format":"standard","meta":{"footnotes":""},"categories":[1,7],"tags":[],"class_list":["post-150","post","type-post","status-publish","format-standard","hentry","category-geral","category-lauro-muller"],"_links":{"self":[{"href":"https:\/\/redesow.faccat.br\/wordpress\/ceataquara\/wp-json\/wp\/v2\/posts\/150","targetHints":{"allow":["GET"]}}],"collection":[{"href":"https:\/\/redesow.faccat.br\/wordpress\/ceataquara\/wp-json\/wp\/v2\/posts"}],"about":[{"href":"https:\/\/redesow.faccat.br\/wordpress\/ceataquara\/wp-json\/wp\/v2\/types\/post"}],"author":[{"embeddable":true,"href":"https:\/\/redesow.faccat.br\/wordpress\/ceataquara\/wp-json\/wp\/v2\/users\/166"}],"replies":[{"embeddable":true,"href":"https:\/\/redesow.faccat.br\/wordpress\/ceataquara\/wp-json\/wp\/v2\/comments?post=150"}],"version-history":[{"count":3,"href":"https:\/\/redesow.faccat.br\/wordpress\/ceataquara\/wp-json\/wp\/v2\/posts\/150\/revisions"}],"predecessor-version":[{"id":332,"href":"https:\/\/redesow.faccat.br\/wordpress\/ceataquara\/wp-json\/wp\/v2\/posts\/150\/revisions\/332"}],"wp:attachment":[{"href":"https:\/\/redesow.faccat.br\/wordpress\/ceataquara\/wp-json\/wp\/v2\/media?parent=150"}],"wp:term":[{"taxonomy":"category","embeddable":true,"href":"https:\/\/redesow.faccat.br\/wordpress\/ceataquara\/wp-json\/wp\/v2\/categories?post=150"},{"taxonomy":"post_tag","embeddable":true,"href":"https:\/\/redesow.faccat.br\/wordpress\/ceataquara\/wp-json\/wp\/v2\/tags?post=150"}],"curies":[{"name":"wp","href":"https:\/\/api.w.org\/{rel}","templated":true}]}}