{"id":15407,"date":"2020-11-30T23:36:22","date_gmt":"2020-11-30T20:36:22","guid":{"rendered":"http:\/\/redesow.faccat.br\/wordpress\/ceataquara\/?p=15407"},"modified":"2020-11-30T23:36:22","modified_gmt":"2020-11-30T20:36:22","slug":"emef-arlindo-martinicombate-a-dengue","status":"publish","type":"post","link":"https:\/\/redesow.faccat.br\/wordpress\/ceataquara\/arquivos\/15407","title":{"rendered":"Emef Arlindo MartiniCOMBATE \u00c1 #DENGUE"},"content":{"rendered":"\n<p>O aluno Jo\u00e3o Pedro contribuindo para diminuir a prolifera\u00e7\u00e3o do mosquito da dengue, mesmo estando em casa n\u00e3o podemos parar de conscientizar a todos do perigo que o mosquito pode nos transmitir, com simples a\u00e7\u00f5es podemos ajudar no combate #DENGUE.<\/p>\n\n\n\n<figure class=\"wp-block-gallery columns-1 is-cropped wp-block-gallery-1 is-layout-flex wp-block-gallery-is-layout-flex\"><ul class=\"blocks-gallery-grid\"><li class=\"blocks-gallery-item\"><figure><img loading=\"lazy\" decoding=\"async\" width=\"492\" height=\"600\" src=\"https:\/\/redesow.faccat.br\/wordpress\/ceataquara\/wp-content\/uploads\/sites\/15\/FB_IMG_1606768443480-492x600.jpg\" alt=\"\" data-id=\"15408\" data-full-url=\"https:\/\/redesow.faccat.br\/wordpress\/ceataquara\/wp-content\/uploads\/sites\/15\/FB_IMG_1606768443480.jpg\" data-link=\"https:\/\/redesow.faccat.br\/wordpress\/ceataquara\/?attachment_id=15408\" class=\"wp-image-15408\" srcset=\"https:\/\/redesow.faccat.br\/wordpress\/ceataquara\/wp-content\/uploads\/sites\/15\/FB_IMG_1606768443480-492x600.jpg 492w, https:\/\/redesow.faccat.br\/wordpress\/ceataquara\/wp-content\/uploads\/sites\/15\/FB_IMG_1606768443480-246x300.jpg 246w, https:\/\/redesow.faccat.br\/wordpress\/ceataquara\/wp-content\/uploads\/sites\/15\/FB_IMG_1606768443480-123x150.jpg 123w, https:\/\/redesow.faccat.br\/wordpress\/ceataquara\/wp-content\/uploads\/sites\/15\/FB_IMG_1606768443480.jpg 680w\" sizes=\"auto, (max-width: 492px) 100vw, 492px\" \/><\/figure><\/li><\/ul><\/figure>\n\n\n\n<p>*O aluno colocando a taquara do jardin com a abertura para baixo.<\/p>\n\n\n\n<p>*E tamb\u00e9m colocando areia no vaso da folhagem.<\/p>\n\n\n\n<p>CEATaquara<\/p>\n","protected":false},"excerpt":{"rendered":"<p>O aluno Jo\u00e3o Pedro contribuindo para diminuir a prolifera\u00e7\u00e3o do mosquito da dengue, mesmo estando em casa n\u00e3o podemos parar de conscientizar a todos do perigo que o mosquito pode nos transmitir, com simples a\u00e7\u00f5es podemos ajudar no combate #DENGUE. *O aluno colocando a taquara do jardin com a abertura para baixo. *E tamb\u00e9m colocando areia no vaso da folhagem. CEATaquara<\/p>\n","protected":false},"author":262,"featured_media":0,"comment_status":"open","ping_status":"open","sticky":false,"template":"","format":"standard","meta":{"footnotes":""},"categories":[1],"tags":[],"class_list":["post-15407","post","type-post","status-publish","format-standard","hentry","category-geral"],"_links":{"self":[{"href":"https:\/\/redesow.faccat.br\/wordpress\/ceataquara\/wp-json\/wp\/v2\/posts\/15407","targetHints":{"allow":["GET"]}}],"collection":[{"href":"https:\/\/redesow.faccat.br\/wordpress\/ceataquara\/wp-json\/wp\/v2\/posts"}],"about":[{"href":"https:\/\/redesow.faccat.br\/wordpress\/ceataquara\/wp-json\/wp\/v2\/types\/post"}],"author":[{"embeddable":true,"href":"https:\/\/redesow.faccat.br\/wordpress\/ceataquara\/wp-json\/wp\/v2\/users\/262"}],"replies":[{"embeddable":true,"href":"https:\/\/redesow.faccat.br\/wordpress\/ceataquara\/wp-json\/wp\/v2\/comments?post=15407"}],"version-history":[{"count":1,"href":"https:\/\/redesow.faccat.br\/wordpress\/ceataquara\/wp-json\/wp\/v2\/posts\/15407\/revisions"}],"predecessor-version":[{"id":15409,"href":"https:\/\/redesow.faccat.br\/wordpress\/ceataquara\/wp-json\/wp\/v2\/posts\/15407\/revisions\/15409"}],"wp:attachment":[{"href":"https:\/\/redesow.faccat.br\/wordpress\/ceataquara\/wp-json\/wp\/v2\/media?parent=15407"}],"wp:term":[{"taxonomy":"category","embeddable":true,"href":"https:\/\/redesow.faccat.br\/wordpress\/ceataquara\/wp-json\/wp\/v2\/categories?post=15407"},{"taxonomy":"post_tag","embeddable":true,"href":"https:\/\/redesow.faccat.br\/wordpress\/ceataquara\/wp-json\/wp\/v2\/tags?post=15407"}],"curies":[{"name":"wp","href":"https:\/\/api.w.org\/{rel}","templated":true}]}}