{"id":15542,"date":"2020-12-26T15:21:43","date_gmt":"2020-12-26T12:21:43","guid":{"rendered":"http:\/\/redesow.faccat.br\/wordpress\/ceataquara\/?p=15542"},"modified":"2020-12-26T15:30:13","modified_gmt":"2020-12-26T12:30:13","slug":"webnario-de-ea-encerramento-das-acoes-de-ea-na-ed-formal","status":"publish","type":"post","link":"https:\/\/redesow.faccat.br\/wordpress\/ceataquara\/arquivos\/15542","title":{"rendered":"Webn\u00e1rio de EA &#8211; Encerramento das a\u00e7\u00f5es de EA na Ed. Formal"},"content":{"rendered":"\n<p class=\"has-medium-font-size\">Webn\u00e1rio e conclus\u00e3o da forma\u00e7\u00e3o continuada em Educa\u00e7\u00e3o Ambiental 2020 &#8211; Taquara\/RS.<\/p>\n\n\n\n<p class=\"has-vivid-green-cyan-color has-text-color has-large-font-size\"><strong>Palestrantes:<\/strong> <\/p>\n\n\n\n<p class=\"has-medium-font-size\"><strong>Adriana Roveda: <\/strong>Assessora de EA na Secretaria Municipal de Educa\u00e7\u00e3o de Novo Hamburgo\/RS<\/p>\n\n\n\n<p class=\"has-medium-font-size\"><strong>Jo\u00e3o Paulo Angeli:<\/strong> Coletivo educador e Carta da Terra de Foz do Igua\u00e7u\/PR<\/p>\n\n\n\n<p class=\"has-medium-font-size\"><strong>Vivian Battaini: <\/strong>Professora Universidade o estado do Amazonas, pesquisadora ESALQ\/USP e OCA, educadora ambiental o Fundo Brasileiro de Educa\u00e7\u00e3o Ambiental<\/p>\n\n\n\n<p class=\"has-vivid-green-cyan-color has-text-color has-large-font-size\"><strong>Mediadora<\/strong><\/p>\n\n\n\n<p class=\"has-medium-font-size\"><strong>Sabrina Amaral:<\/strong> Coordenadora de Ed. Ambiental e Cient\u00edfica da Sec. Educa\u00e7\u00e3o de Taquara- RS; Facilitadora do Coletivo Educador Ambiental de Taquara.<\/p>\n\n\n\n<p class=\"has-large-font-size\">Assista clicando aqui: <a href=\"https:\/\/fb.watch\/2CVfNWsNCg\/\">https:\/\/fb.watch\/2CVfNWsNCg\/<\/a><\/p>\n\n\n\n<figure class=\"wp-block-image size-large\"><img loading=\"lazy\" decoding=\"async\" width=\"600\" height=\"600\" src=\"https:\/\/redesow.faccat.br\/wordpress\/ceataquara\/wp-content\/uploads\/sites\/15\/WEBNARIO-2020-600x600.png\" alt=\"\" class=\"wp-image-15543\" srcset=\"https:\/\/redesow.faccat.br\/wordpress\/ceataquara\/wp-content\/uploads\/sites\/15\/WEBNARIO-2020-600x600.png 600w, https:\/\/redesow.faccat.br\/wordpress\/ceataquara\/wp-content\/uploads\/sites\/15\/WEBNARIO-2020-300x300.png 300w, https:\/\/redesow.faccat.br\/wordpress\/ceataquara\/wp-content\/uploads\/sites\/15\/WEBNARIO-2020-150x150.png 150w, https:\/\/redesow.faccat.br\/wordpress\/ceataquara\/wp-content\/uploads\/sites\/15\/WEBNARIO-2020-768x768.png 768w, https:\/\/redesow.faccat.br\/wordpress\/ceataquara\/wp-content\/uploads\/sites\/15\/WEBNARIO-2020.png 1080w\" sizes=\"auto, (max-width: 600px) 100vw, 600px\" \/><\/figure>\n","protected":false},"excerpt":{"rendered":"<p>Webn\u00e1rio e conclus\u00e3o da forma\u00e7\u00e3o continuada em Educa\u00e7\u00e3o Ambiental 2020 &#8211; Taquara\/RS. Palestrantes: Adriana Roveda: Assessora de EA na Secretaria Municipal de Educa\u00e7\u00e3o de Novo Hamburgo\/RS Jo\u00e3o Paulo Angeli: Coletivo educador e Carta da Terra de Foz do Igua\u00e7u\/PR Vivian Battaini: Professora Universidade o estado do Amazonas, pesquisadora ESALQ\/USP e OCA, educadora ambiental o Fundo Brasileiro de Educa\u00e7\u00e3o Ambiental Mediadora Sabrina Amaral: Coordenadora de Ed. Ambiental e Cient\u00edfica da Sec. Educa\u00e7\u00e3o de Taquara- RS; Facilitadora do Coletivo Educador Ambiental de Taquara. Assista clicando aqui: https:\/\/fb.watch\/2CVfNWsNCg\/<\/p>\n","protected":false},"author":142,"featured_media":0,"comment_status":"open","ping_status":"open","sticky":false,"template":"","format":"standard","meta":{"footnotes":""},"categories":[1],"tags":[],"class_list":["post-15542","post","type-post","status-publish","format-standard","hentry","category-geral"],"_links":{"self":[{"href":"https:\/\/redesow.faccat.br\/wordpress\/ceataquara\/wp-json\/wp\/v2\/posts\/15542","targetHints":{"allow":["GET"]}}],"collection":[{"href":"https:\/\/redesow.faccat.br\/wordpress\/ceataquara\/wp-json\/wp\/v2\/posts"}],"about":[{"href":"https:\/\/redesow.faccat.br\/wordpress\/ceataquara\/wp-json\/wp\/v2\/types\/post"}],"author":[{"embeddable":true,"href":"https:\/\/redesow.faccat.br\/wordpress\/ceataquara\/wp-json\/wp\/v2\/users\/142"}],"replies":[{"embeddable":true,"href":"https:\/\/redesow.faccat.br\/wordpress\/ceataquara\/wp-json\/wp\/v2\/comments?post=15542"}],"version-history":[{"count":5,"href":"https:\/\/redesow.faccat.br\/wordpress\/ceataquara\/wp-json\/wp\/v2\/posts\/15542\/revisions"}],"predecessor-version":[{"id":15548,"href":"https:\/\/redesow.faccat.br\/wordpress\/ceataquara\/wp-json\/wp\/v2\/posts\/15542\/revisions\/15548"}],"wp:attachment":[{"href":"https:\/\/redesow.faccat.br\/wordpress\/ceataquara\/wp-json\/wp\/v2\/media?parent=15542"}],"wp:term":[{"taxonomy":"category","embeddable":true,"href":"https:\/\/redesow.faccat.br\/wordpress\/ceataquara\/wp-json\/wp\/v2\/categories?post=15542"},{"taxonomy":"post_tag","embeddable":true,"href":"https:\/\/redesow.faccat.br\/wordpress\/ceataquara\/wp-json\/wp\/v2\/tags?post=15542"}],"curies":[{"name":"wp","href":"https:\/\/api.w.org\/{rel}","templated":true}]}}