{"id":1574,"date":"2015-07-06T05:59:23","date_gmt":"2015-07-06T02:59:23","guid":{"rendered":"http:\/\/redesow.faccat.br\/wordpress\/ceataquara\/?p=1574"},"modified":"2015-07-06T06:03:21","modified_gmt":"2015-07-06T03:03:21","slug":"com-vida-para-acao-emef-17-de-abril","status":"publish","type":"post","link":"https:\/\/redesow.faccat.br\/wordpress\/ceataquara\/arquivos\/1574","title":{"rendered":"COM-VIDA para A\u00e7\u00e3o\/ EMEF 17 de Abril"},"content":{"rendered":"<p><strong>Agenda 21 Escolar<\/strong><\/p>\n<p><strong>\u00a0<\/strong><\/p>\n<p><strong>Tendo como ponto de partida a oficina \u201ccaminho das pedras\u201d, a \u201carvore dos sonhos\u201d e um question\u00e1rio (diagn\u00f3stico socioambiental) a COM-VIDA em parceria com a comunidade escolar identificou os principais problemas ambientais da escola e sonhos que gostariam de ver se tornar realidade.<\/strong><\/p>\n<p><strong>De ambos foi escolhido os tr\u00eas principais, estabelecendo a\u00e7\u00f5es e determinando prazos. <\/strong><\/p>\n<p><strong>Planejamento da Agenda 21 da EMEF 17 de Abril.<\/strong><\/p>\n<p><a href=\"http:\/\/redesow.faccat.br\/wordpress\/ceataquara\/wp-content\/uploads\/sites\/15\/21.png\"><img loading=\"lazy\" decoding=\"async\" class=\"alignnone size-medium wp-image-1575\" src=\"http:\/\/redesow.faccat.br\/wordpress\/ceataquara\/wp-content\/uploads\/sites\/15\/21-300x173.png\" alt=\"21\" width=\"300\" height=\"173\" srcset=\"https:\/\/redesow.faccat.br\/wordpress\/ceataquara\/wp-content\/uploads\/sites\/15\/21-300x173.png 300w, https:\/\/redesow.faccat.br\/wordpress\/ceataquara\/wp-content\/uploads\/sites\/15\/21-150x86.png 150w, https:\/\/redesow.faccat.br\/wordpress\/ceataquara\/wp-content\/uploads\/sites\/15\/21-600x345.png 600w, https:\/\/redesow.faccat.br\/wordpress\/ceataquara\/wp-content\/uploads\/sites\/15\/21.png 773w\" sizes=\"auto, (max-width: 300px) 100vw, 300px\" \/><\/a><\/p>\n","protected":false},"excerpt":{"rendered":"<p>Agenda 21 Escolar \u00a0 Tendo como ponto de partida a oficina \u201ccaminho das pedras\u201d, a \u201carvore dos sonhos\u201d e um question\u00e1rio (diagn\u00f3stico socioambiental) a COM-VIDA em parceria com a comunidade escolar identificou os principais problemas ambientais da escola e sonhos que gostariam de ver se tornar realidade. De ambos foi escolhido os tr\u00eas principais, estabelecendo a\u00e7\u00f5es e determinando prazos. Planejamento da Agenda 21 da EMEF 17 de Abril.<\/p>\n","protected":false},"author":157,"featured_media":0,"comment_status":"open","ping_status":"open","sticky":false,"template":"","format":"standard","meta":{"footnotes":""},"categories":[5],"tags":[],"class_list":["post-1574","post","type-post","status-publish","format-standard","hentry","category-dezessete"],"_links":{"self":[{"href":"https:\/\/redesow.faccat.br\/wordpress\/ceataquara\/wp-json\/wp\/v2\/posts\/1574","targetHints":{"allow":["GET"]}}],"collection":[{"href":"https:\/\/redesow.faccat.br\/wordpress\/ceataquara\/wp-json\/wp\/v2\/posts"}],"about":[{"href":"https:\/\/redesow.faccat.br\/wordpress\/ceataquara\/wp-json\/wp\/v2\/types\/post"}],"author":[{"embeddable":true,"href":"https:\/\/redesow.faccat.br\/wordpress\/ceataquara\/wp-json\/wp\/v2\/users\/157"}],"replies":[{"embeddable":true,"href":"https:\/\/redesow.faccat.br\/wordpress\/ceataquara\/wp-json\/wp\/v2\/comments?post=1574"}],"version-history":[{"count":1,"href":"https:\/\/redesow.faccat.br\/wordpress\/ceataquara\/wp-json\/wp\/v2\/posts\/1574\/revisions"}],"predecessor-version":[{"id":1576,"href":"https:\/\/redesow.faccat.br\/wordpress\/ceataquara\/wp-json\/wp\/v2\/posts\/1574\/revisions\/1576"}],"wp:attachment":[{"href":"https:\/\/redesow.faccat.br\/wordpress\/ceataquara\/wp-json\/wp\/v2\/media?parent=1574"}],"wp:term":[{"taxonomy":"category","embeddable":true,"href":"https:\/\/redesow.faccat.br\/wordpress\/ceataquara\/wp-json\/wp\/v2\/categories?post=1574"},{"taxonomy":"post_tag","embeddable":true,"href":"https:\/\/redesow.faccat.br\/wordpress\/ceataquara\/wp-json\/wp\/v2\/tags?post=1574"}],"curies":[{"name":"wp","href":"https:\/\/api.w.org\/{rel}","templated":true}]}}