{"id":2255,"date":"2015-10-16T15:34:18","date_gmt":"2015-10-16T12:34:18","guid":{"rendered":"http:\/\/redesow.faccat.br\/wordpress\/ceataquara\/?p=2255"},"modified":"2015-10-16T15:34:18","modified_gmt":"2015-10-16T12:34:18","slug":"theohilo-sauer-realiza-radio-com-vida","status":"publish","type":"post","link":"https:\/\/redesow.faccat.br\/wordpress\/ceataquara\/arquivos\/2255","title":{"rendered":"The\u00f3hilo Sauer realiza R\u00e1dio Com-Vida"},"content":{"rendered":"<p>No dia 14 de outubro de 2015 os alunos do Com-Vida realizam r\u00e1dio falando sobre o cuidado com o lixo com a tem\u00e1tica: &#8220;Lixo no lixo&#8221;. Foi realizada uma entrevista com a professora de Ci\u00eancias Andr\u00e9ia Pires. Houve tamb\u00e9m uma explica\u00e7\u00e3o do que \u00e9 e como \u00e9 realizado o programa da Com-Vida em nossa escola, ao fim da apresenta\u00e7\u00e3o oferecemos uma m\u00fasica especial cantada pela aluna Alessandra da turma 182 \u00e0 todos os professores e demais integrantes da escola.<a href=\"http:\/\/redesow.faccat.br\/wordpress\/ceataquara\/wp-content\/uploads\/sites\/15\/IMG_20151014_093424771.jpg\"><img loading=\"lazy\" decoding=\"async\" class=\" size-medium wp-image-2256 aligncenter\" src=\"http:\/\/redesow.faccat.br\/wordpress\/ceataquara\/wp-content\/uploads\/sites\/15\/IMG_20151014_093424771-300x169.jpg\" alt=\"IMG_20151014_093424771\" width=\"300\" height=\"169\" srcset=\"https:\/\/redesow.faccat.br\/wordpress\/ceataquara\/wp-content\/uploads\/sites\/15\/IMG_20151014_093424771-300x169.jpg 300w, https:\/\/redesow.faccat.br\/wordpress\/ceataquara\/wp-content\/uploads\/sites\/15\/IMG_20151014_093424771-150x84.jpg 150w, https:\/\/redesow.faccat.br\/wordpress\/ceataquara\/wp-content\/uploads\/sites\/15\/IMG_20151014_093424771-600x338.jpg 600w, https:\/\/redesow.faccat.br\/wordpress\/ceataquara\/wp-content\/uploads\/sites\/15\/IMG_20151014_093424771.jpg 1920w\" sizes=\"auto, (max-width: 300px) 100vw, 300px\" \/><\/a><\/p>\n","protected":false},"excerpt":{"rendered":"<p>No dia 14 de outubro de 2015 os alunos do Com-Vida realizam r\u00e1dio falando sobre o cuidado com o lixo com a tem\u00e1tica: &#8220;Lixo no lixo&#8221;. Foi realizada uma entrevista com a professora de Ci\u00eancias Andr\u00e9ia Pires. Houve tamb\u00e9m uma explica\u00e7\u00e3o do que \u00e9 e como \u00e9 realizado o programa da Com-Vida em nossa escola, ao fim da apresenta\u00e7\u00e3o oferecemos uma m\u00fasica especial cantada pela aluna Alessandra da turma 182 \u00e0 todos os professores e demais integrantes da escola.<\/p>\n","protected":false},"author":199,"featured_media":0,"comment_status":"open","ping_status":"open","sticky":false,"template":"","format":"standard","meta":{"footnotes":""},"categories":[3],"tags":[],"class_list":["post-2255","post","type-post","status-publish","format-standard","hentry","category-theophilo"],"_links":{"self":[{"href":"https:\/\/redesow.faccat.br\/wordpress\/ceataquara\/wp-json\/wp\/v2\/posts\/2255","targetHints":{"allow":["GET"]}}],"collection":[{"href":"https:\/\/redesow.faccat.br\/wordpress\/ceataquara\/wp-json\/wp\/v2\/posts"}],"about":[{"href":"https:\/\/redesow.faccat.br\/wordpress\/ceataquara\/wp-json\/wp\/v2\/types\/post"}],"author":[{"embeddable":true,"href":"https:\/\/redesow.faccat.br\/wordpress\/ceataquara\/wp-json\/wp\/v2\/users\/199"}],"replies":[{"embeddable":true,"href":"https:\/\/redesow.faccat.br\/wordpress\/ceataquara\/wp-json\/wp\/v2\/comments?post=2255"}],"version-history":[{"count":1,"href":"https:\/\/redesow.faccat.br\/wordpress\/ceataquara\/wp-json\/wp\/v2\/posts\/2255\/revisions"}],"predecessor-version":[{"id":2257,"href":"https:\/\/redesow.faccat.br\/wordpress\/ceataquara\/wp-json\/wp\/v2\/posts\/2255\/revisions\/2257"}],"wp:attachment":[{"href":"https:\/\/redesow.faccat.br\/wordpress\/ceataquara\/wp-json\/wp\/v2\/media?parent=2255"}],"wp:term":[{"taxonomy":"category","embeddable":true,"href":"https:\/\/redesow.faccat.br\/wordpress\/ceataquara\/wp-json\/wp\/v2\/categories?post=2255"},{"taxonomy":"post_tag","embeddable":true,"href":"https:\/\/redesow.faccat.br\/wordpress\/ceataquara\/wp-json\/wp\/v2\/tags?post=2255"}],"curies":[{"name":"wp","href":"https:\/\/api.w.org\/{rel}","templated":true}]}}