{"id":3667,"date":"2016-05-12T20:30:00","date_gmt":"2016-05-12T17:30:00","guid":{"rendered":"http:\/\/redesow.faccat.br\/wordpress\/ceataquara\/?p=3667"},"modified":"2016-05-12T20:30:00","modified_gmt":"2016-05-12T17:30:00","slug":"ideias-novas-na-escola-lauro","status":"publish","type":"post","link":"https:\/\/redesow.faccat.br\/wordpress\/ceataquara\/arquivos\/3667","title":{"rendered":"Ideias novas na Escola Lauro!"},"content":{"rendered":"<p>Boa tarde!<\/p>\n<p>Seguem alguns relatos das novidades na Lauro M\u00fcller:<br \/>\nNo dia 5 de maio, a escola retomou suas atividades da COMVIDA, agora com a Professora Andreza Schmitt.<br \/>\nFoi marcado o primeiro encontro para dia 12 para formar a comiss\u00e3o. Ao total tivemos 20 inscritos.<br \/>\nNo dia 12, nosso primeiro encontro oficial, tivemos 15 alunos presentes e a galera mostrou interesse em participar das atividades e (re) construiu a oficina de futuro.<br \/>\nDentre as pedras que apareceram est\u00e3o as situa\u00e7\u00f5es dif\u00edceis de relacionamentos e as d\u00favidas relacionadas a mudan\u00e7a na vida com a chegada da adolesc\u00eancia, a quadra que ainda n\u00e3o ficou pronta e alguns aspectos se mantiveram como a manuten\u00e7\u00e3o da horta e mais cuidado com os res\u00edduos.<br \/>\nComo as coisas est\u00e3o um pouco corridas, e atrasadas, a \u00e1rvore dos sonhos ainda ser\u00e1 terminada, assim podemos partir para um novo plano de a\u00e7\u00e3o para 2016.<br \/>\nAinda no dia 12, os alunos foram desafiados a escolher alguns assuntos, dentro dos ODS, que sejam de interesse de todos, para serem trabalhados na semana do Meio Ambiente. Ainda em organiza\u00e7\u00e3o.<br \/>\nO nosso objetivo \u00e9 que o plano de a\u00e7\u00e3o seja apresentado na semana do meio ambiente, que ocorrer\u00e1 em junho.<br \/>\nEm breve mais novidades!<\/p>\n","protected":false},"excerpt":{"rendered":"<p>Boa tarde! Seguem alguns relatos das novidades na Lauro M\u00fcller: No dia 5 de maio, a escola retomou suas atividades da COMVIDA, agora com a Professora Andreza Schmitt. Foi marcado o primeiro encontro para dia 12 para formar a comiss\u00e3o. Ao total tivemos 20 inscritos. No dia 12, nosso primeiro encontro oficial, tivemos 15 alunos presentes e a galera mostrou interesse em participar das atividades e (re) construiu a oficina de futuro. Dentre as pedras que apareceram est\u00e3o as situa\u00e7\u00f5es dif\u00edceis de relacionamentos e as d\u00favidas relacionadas a mudan\u00e7a na vida com a chegada da adolesc\u00eancia, a quadra que ainda n\u00e3o ficou pronta e alguns aspectos se mantiveram como a manuten\u00e7\u00e3o da horta e mais cuidado com os res\u00edduos. Como as coisas est\u00e3o um pouco corridas, e atrasadas, a \u00e1rvore dos sonhos ainda ser\u00e1 terminada, assim podemos partir para um &hellip; <a href=\"https:\/\/redesow.faccat.br\/wordpress\/ceataquara\/arquivos\/3667\">Continua<\/a><\/p>\n","protected":false},"author":166,"featured_media":0,"comment_status":"open","ping_status":"open","sticky":false,"template":"","format":"standard","meta":{"footnotes":""},"categories":[1],"tags":[],"class_list":["post-3667","post","type-post","status-publish","format-standard","hentry","category-geral"],"_links":{"self":[{"href":"https:\/\/redesow.faccat.br\/wordpress\/ceataquara\/wp-json\/wp\/v2\/posts\/3667","targetHints":{"allow":["GET"]}}],"collection":[{"href":"https:\/\/redesow.faccat.br\/wordpress\/ceataquara\/wp-json\/wp\/v2\/posts"}],"about":[{"href":"https:\/\/redesow.faccat.br\/wordpress\/ceataquara\/wp-json\/wp\/v2\/types\/post"}],"author":[{"embeddable":true,"href":"https:\/\/redesow.faccat.br\/wordpress\/ceataquara\/wp-json\/wp\/v2\/users\/166"}],"replies":[{"embeddable":true,"href":"https:\/\/redesow.faccat.br\/wordpress\/ceataquara\/wp-json\/wp\/v2\/comments?post=3667"}],"version-history":[{"count":2,"href":"https:\/\/redesow.faccat.br\/wordpress\/ceataquara\/wp-json\/wp\/v2\/posts\/3667\/revisions"}],"predecessor-version":[{"id":3670,"href":"https:\/\/redesow.faccat.br\/wordpress\/ceataquara\/wp-json\/wp\/v2\/posts\/3667\/revisions\/3670"}],"wp:attachment":[{"href":"https:\/\/redesow.faccat.br\/wordpress\/ceataquara\/wp-json\/wp\/v2\/media?parent=3667"}],"wp:term":[{"taxonomy":"category","embeddable":true,"href":"https:\/\/redesow.faccat.br\/wordpress\/ceataquara\/wp-json\/wp\/v2\/categories?post=3667"},{"taxonomy":"post_tag","embeddable":true,"href":"https:\/\/redesow.faccat.br\/wordpress\/ceataquara\/wp-json\/wp\/v2\/tags?post=3667"}],"curies":[{"name":"wp","href":"https:\/\/api.w.org\/{rel}","templated":true}]}}