{"id":3747,"date":"2016-05-16T22:04:21","date_gmt":"2016-05-16T19:04:21","guid":{"rendered":"http:\/\/redesow.faccat.br\/wordpress\/ceataquara\/?p=3747"},"modified":"2016-05-16T22:04:21","modified_gmt":"2016-05-16T19:04:21","slug":"escola-antonio-martins-rangel","status":"publish","type":"post","link":"https:\/\/redesow.faccat.br\/wordpress\/ceataquara\/arquivos\/3747","title":{"rendered":"ESCOLA ANT\u00d4NIO MARTINS RANGEL"},"content":{"rendered":"<p><strong>PLANEJAMENTO DA SEMANA DO MEIO AMBIENTE\u00a0<\/strong><\/p>\n<p>Ap\u00f3s a discuss\u00e3o com os professores da Ant\u00f4nio Martins Rangel elaboramos um planejamento para ser trabalhado na semana do Meio Ambiente. Este planejamento sera trabalhado na escola no per\u00edodo de 06 a 11 de junho, com alunos, professores e em certos momentos a comunidade ser\u00e1 envolvida para maior conscientiza\u00e7\u00e3o<\/p>\n<p><a href=\"http:\/\/redesow.faccat.br\/wordpress\/ceataquara\/wp-content\/uploads\/sites\/15\/PLANEJAMENTO-MEIO-AMBIENTE.jpg\"><img loading=\"lazy\" decoding=\"async\" class=\"alignnone size-medium wp-image-3748\" src=\"http:\/\/redesow.faccat.br\/wordpress\/ceataquara\/wp-content\/uploads\/sites\/15\/PLANEJAMENTO-MEIO-AMBIENTE-300x195.jpg\" alt=\"PLANEJAMENTO MEIO AMBIENTE\" width=\"300\" height=\"195\" srcset=\"https:\/\/redesow.faccat.br\/wordpress\/ceataquara\/wp-content\/uploads\/sites\/15\/PLANEJAMENTO-MEIO-AMBIENTE-300x195.jpg 300w, https:\/\/redesow.faccat.br\/wordpress\/ceataquara\/wp-content\/uploads\/sites\/15\/PLANEJAMENTO-MEIO-AMBIENTE-150x97.jpg 150w, https:\/\/redesow.faccat.br\/wordpress\/ceataquara\/wp-content\/uploads\/sites\/15\/PLANEJAMENTO-MEIO-AMBIENTE-600x390.jpg 600w\" sizes=\"auto, (max-width: 300px) 100vw, 300px\" \/><\/a>.<\/p>\n<p>&nbsp;<\/p>\n","protected":false},"excerpt":{"rendered":"<p>PLANEJAMENTO DA SEMANA DO MEIO AMBIENTE\u00a0 Ap\u00f3s a discuss\u00e3o com os professores da Ant\u00f4nio Martins Rangel elaboramos um planejamento para ser trabalhado na semana do Meio Ambiente. Este planejamento sera trabalhado na escola no per\u00edodo de 06 a 11 de junho, com alunos, professores e em certos momentos a comunidade ser\u00e1 envolvida para maior conscientiza\u00e7\u00e3o . &nbsp;<\/p>\n","protected":false},"author":202,"featured_media":0,"comment_status":"open","ping_status":"open","sticky":false,"template":"","format":"standard","meta":{"footnotes":""},"categories":[13],"tags":[],"class_list":["post-3747","post","type-post","status-publish","format-standard","hentry","category-antonio"],"_links":{"self":[{"href":"https:\/\/redesow.faccat.br\/wordpress\/ceataquara\/wp-json\/wp\/v2\/posts\/3747","targetHints":{"allow":["GET"]}}],"collection":[{"href":"https:\/\/redesow.faccat.br\/wordpress\/ceataquara\/wp-json\/wp\/v2\/posts"}],"about":[{"href":"https:\/\/redesow.faccat.br\/wordpress\/ceataquara\/wp-json\/wp\/v2\/types\/post"}],"author":[{"embeddable":true,"href":"https:\/\/redesow.faccat.br\/wordpress\/ceataquara\/wp-json\/wp\/v2\/users\/202"}],"replies":[{"embeddable":true,"href":"https:\/\/redesow.faccat.br\/wordpress\/ceataquara\/wp-json\/wp\/v2\/comments?post=3747"}],"version-history":[{"count":1,"href":"https:\/\/redesow.faccat.br\/wordpress\/ceataquara\/wp-json\/wp\/v2\/posts\/3747\/revisions"}],"predecessor-version":[{"id":3749,"href":"https:\/\/redesow.faccat.br\/wordpress\/ceataquara\/wp-json\/wp\/v2\/posts\/3747\/revisions\/3749"}],"wp:attachment":[{"href":"https:\/\/redesow.faccat.br\/wordpress\/ceataquara\/wp-json\/wp\/v2\/media?parent=3747"}],"wp:term":[{"taxonomy":"category","embeddable":true,"href":"https:\/\/redesow.faccat.br\/wordpress\/ceataquara\/wp-json\/wp\/v2\/categories?post=3747"},{"taxonomy":"post_tag","embeddable":true,"href":"https:\/\/redesow.faccat.br\/wordpress\/ceataquara\/wp-json\/wp\/v2\/tags?post=3747"}],"curies":[{"name":"wp","href":"https:\/\/api.w.org\/{rel}","templated":true}]}}