{"id":3967,"date":"2016-05-30T06:31:57","date_gmt":"2016-05-30T03:31:57","guid":{"rendered":"http:\/\/redesow.faccat.br\/wordpress\/ceataquara\/?p=3967"},"modified":"2016-05-30T06:31:57","modified_gmt":"2016-05-30T03:31:57","slug":"semana-do-meio-ambiente-4","status":"publish","type":"post","link":"https:\/\/redesow.faccat.br\/wordpress\/ceataquara\/arquivos\/3967","title":{"rendered":"SEMANA DO MEIO AMBIENTE"},"content":{"rendered":"<p><strong>A Semana do Meio Ambiente da EMEF 17 de Abril aborda o tema res\u00edduos<\/strong><\/p>\n<p><strong>\u00a0<\/strong><\/p>\n<p>Com o objetivo de conscientizar a comunidade escolar sobre a import\u00e2ncia da destina\u00e7\u00e3o adequada de todos os tipos de res\u00edduos e promover uma mudan\u00e7a de comportamento em rela\u00e7\u00e3o ao Meio Ambiente, transformando os envolvidos em aliados no processo de redu\u00e7\u00e3o na gera\u00e7\u00e3o de lixo, a escola desenvolve entre os dias 06 a 10 de junho uma s\u00e9rie de atividades relacionadas ao tema.<\/p>\n<p><a href=\"http:\/\/redesow.faccat.br\/wordpress\/ceataquara\/wp-content\/uploads\/sites\/15\/Z.png\"><img loading=\"lazy\" decoding=\"async\" class=\"alignnone size-medium wp-image-3968\" src=\"http:\/\/redesow.faccat.br\/wordpress\/ceataquara\/wp-content\/uploads\/sites\/15\/Z-300x200.png\" alt=\"Z\" width=\"300\" height=\"200\" srcset=\"https:\/\/redesow.faccat.br\/wordpress\/ceataquara\/wp-content\/uploads\/sites\/15\/Z-300x200.png 300w, https:\/\/redesow.faccat.br\/wordpress\/ceataquara\/wp-content\/uploads\/sites\/15\/Z-150x100.png 150w, https:\/\/redesow.faccat.br\/wordpress\/ceataquara\/wp-content\/uploads\/sites\/15\/Z-600x400.png 600w, https:\/\/redesow.faccat.br\/wordpress\/ceataquara\/wp-content\/uploads\/sites\/15\/Z.png 802w\" sizes=\"auto, (max-width: 300px) 100vw, 300px\" \/><\/a><\/p>\n","protected":false},"excerpt":{"rendered":"<p>A Semana do Meio Ambiente da EMEF 17 de Abril aborda o tema res\u00edduos \u00a0 Com o objetivo de conscientizar a comunidade escolar sobre a import\u00e2ncia da destina\u00e7\u00e3o adequada de todos os tipos de res\u00edduos e promover uma mudan\u00e7a de comportamento em rela\u00e7\u00e3o ao Meio Ambiente, transformando os envolvidos em aliados no processo de redu\u00e7\u00e3o na gera\u00e7\u00e3o de lixo, a escola desenvolve entre os dias 06 a 10 de junho uma s\u00e9rie de atividades relacionadas ao tema.<\/p>\n","protected":false},"author":157,"featured_media":0,"comment_status":"open","ping_status":"open","sticky":false,"template":"","format":"standard","meta":{"footnotes":""},"categories":[5],"tags":[],"class_list":["post-3967","post","type-post","status-publish","format-standard","hentry","category-dezessete"],"_links":{"self":[{"href":"https:\/\/redesow.faccat.br\/wordpress\/ceataquara\/wp-json\/wp\/v2\/posts\/3967","targetHints":{"allow":["GET"]}}],"collection":[{"href":"https:\/\/redesow.faccat.br\/wordpress\/ceataquara\/wp-json\/wp\/v2\/posts"}],"about":[{"href":"https:\/\/redesow.faccat.br\/wordpress\/ceataquara\/wp-json\/wp\/v2\/types\/post"}],"author":[{"embeddable":true,"href":"https:\/\/redesow.faccat.br\/wordpress\/ceataquara\/wp-json\/wp\/v2\/users\/157"}],"replies":[{"embeddable":true,"href":"https:\/\/redesow.faccat.br\/wordpress\/ceataquara\/wp-json\/wp\/v2\/comments?post=3967"}],"version-history":[{"count":1,"href":"https:\/\/redesow.faccat.br\/wordpress\/ceataquara\/wp-json\/wp\/v2\/posts\/3967\/revisions"}],"predecessor-version":[{"id":3969,"href":"https:\/\/redesow.faccat.br\/wordpress\/ceataquara\/wp-json\/wp\/v2\/posts\/3967\/revisions\/3969"}],"wp:attachment":[{"href":"https:\/\/redesow.faccat.br\/wordpress\/ceataquara\/wp-json\/wp\/v2\/media?parent=3967"}],"wp:term":[{"taxonomy":"category","embeddable":true,"href":"https:\/\/redesow.faccat.br\/wordpress\/ceataquara\/wp-json\/wp\/v2\/categories?post=3967"},{"taxonomy":"post_tag","embeddable":true,"href":"https:\/\/redesow.faccat.br\/wordpress\/ceataquara\/wp-json\/wp\/v2\/tags?post=3967"}],"curies":[{"name":"wp","href":"https:\/\/api.w.org\/{rel}","templated":true}]}}