{"id":3980,"date":"2016-05-30T22:17:26","date_gmt":"2016-05-30T19:17:26","guid":{"rendered":"http:\/\/redesow.faccat.br\/wordpress\/ceataquara\/?p=3980"},"modified":"2016-05-30T22:17:26","modified_gmt":"2016-05-30T19:17:26","slug":"programacao-da-semana-do-meio-ambiente-e-m-e-f-getulio-vargas","status":"publish","type":"post","link":"https:\/\/redesow.faccat.br\/wordpress\/ceataquara\/arquivos\/3980","title":{"rendered":"Programa\u00e7\u00e3o da Semana do Meio Ambiente    E.M.E.F.Get\u00falio Vargas"},"content":{"rendered":"<p>CRONOGRAMA SEMANA DO MEIO AMBIENTE\u00a0 E.M.E.F. GET\u00daLIO VARGAS<\/p>\n<table style=\"height: 399px\" width=\"752\">\n<tbody>\n<tr>\n<td width=\"143\">\n<p style=\"text-align: center\"><strong>DATA<\/strong><\/p>\n<\/td>\n<td width=\"490\">\n<p style=\"text-align: left\"><strong>\u00a0 \u00a0 \u00a0 \u00a0 \u00a0 \u00a0 \u00a0 \u00a0 \u00a0 \u00a0 \u00a0 \u00a0 \u00a0 \u00a0 \u00a0 \u00a0 \u00a0 \u00a0ATIVIDADES<\/strong><\/p>\n<\/td>\n<\/tr>\n<tr>\n<td width=\"143\">\n<p style=\"text-align: center\"><strong>*06\/06<\/strong><\/p>\n<\/td>\n<td style=\"text-align: left\" width=\"490\">&nbsp;<\/p>\n<p>-Abertura da Semana do Meio Ambiente e in\u00edcio da gincana ecol\u00f3gica.<\/p>\n<p>-Hora c\u00edvica: Mensagem sobre a preserva\u00e7\u00e3o do Meio ambiente<\/p>\n<p>-Par\u00f3dia Peixe Vivo com a prof\u00aa Valquiria e alunos do 6\u00ba ano.<\/p>\n<p>-Teatro com os alunos da COM-VIDA.<\/p>\n<p>&nbsp;<\/td>\n<\/tr>\n<tr>\n<td width=\"143\">\n<p style=\"text-align: center\"><strong>07\/06<\/strong><\/p>\n<\/td>\n<td width=\"490\">-Exposi\u00e7\u00e3o dos trabalhos dos alunos.<\/td>\n<\/tr>\n<tr>\n<td width=\"143\">\n<p style=\"text-align: center\"><strong>08\/06<\/strong><\/p>\n<\/td>\n<td width=\"490\">&nbsp;<\/p>\n<p>-Quiz com os alunos da manh\u00e3 e brincadeiras com res\u00edduos com os alunos da tarde.<\/p>\n<p>&nbsp;<\/td>\n<\/tr>\n<tr>\n<td width=\"143\">\n<p style=\"text-align: center\"><strong>09\/06<\/strong><\/p>\n<\/td>\n<td width=\"490\">-Desfile de roupas com material reciclado.<\/td>\n<\/tr>\n<tr>\n<td style=\"text-align: left\" width=\"143\">\n<p style=\"text-align: center\"><strong>*10\/06<\/strong><\/p>\n<\/td>\n<td width=\"490\">\n<p style=\"text-align: left\">\n<p style=\"text-align: left\">\n<p style=\"text-align: left\">\n<p style=\"text-align: left\">-Palestra com a prof\u00aa Andresa sobre res\u00edduos;<\/p>\n<p style=\"text-align: left\">-Distribui\u00e7\u00e3o de fanzines no bairro.<\/p>\n<p style=\"text-align: left\">-Resultado da gincana do meio ambiente.<\/p>\n<\/td>\n<\/tr>\n<\/tbody>\n<\/table>\n","protected":false},"excerpt":{"rendered":"<p>CRONOGRAMA SEMANA DO MEIO AMBIENTE\u00a0 E.M.E.F. GET\u00daLIO VARGAS DATA \u00a0 \u00a0 \u00a0 \u00a0 \u00a0 \u00a0 \u00a0 \u00a0 \u00a0 \u00a0 \u00a0 \u00a0 \u00a0 \u00a0 \u00a0 \u00a0 \u00a0 \u00a0ATIVIDADES *06\/06 &nbsp; -Abertura da Semana do Meio Ambiente e in\u00edcio da gincana ecol\u00f3gica. -Hora c\u00edvica: Mensagem sobre a preserva\u00e7\u00e3o do Meio ambiente -Par\u00f3dia Peixe Vivo com a prof\u00aa Valquiria e alunos do 6\u00ba ano. -Teatro com os alunos da COM-VIDA. &nbsp; 07\/06 -Exposi\u00e7\u00e3o dos trabalhos dos alunos. 08\/06 &nbsp; -Quiz com os alunos da manh\u00e3 e brincadeiras com res\u00edduos com os alunos da tarde. &nbsp; 09\/06 -Desfile de roupas com material reciclado. *10\/06 -Palestra com a prof\u00aa Andresa sobre res\u00edduos; -Distribui\u00e7\u00e3o de fanzines no bairro. -Resultado da gincana do meio ambiente.<\/p>\n","protected":false},"author":173,"featured_media":0,"comment_status":"open","ping_status":"open","sticky":false,"template":"","format":"standard","meta":{"footnotes":""},"categories":[8],"tags":[],"class_list":["post-3980","post","type-post","status-publish","format-standard","hentry","category-getulio"],"_links":{"self":[{"href":"https:\/\/redesow.faccat.br\/wordpress\/ceataquara\/wp-json\/wp\/v2\/posts\/3980","targetHints":{"allow":["GET"]}}],"collection":[{"href":"https:\/\/redesow.faccat.br\/wordpress\/ceataquara\/wp-json\/wp\/v2\/posts"}],"about":[{"href":"https:\/\/redesow.faccat.br\/wordpress\/ceataquara\/wp-json\/wp\/v2\/types\/post"}],"author":[{"embeddable":true,"href":"https:\/\/redesow.faccat.br\/wordpress\/ceataquara\/wp-json\/wp\/v2\/users\/173"}],"replies":[{"embeddable":true,"href":"https:\/\/redesow.faccat.br\/wordpress\/ceataquara\/wp-json\/wp\/v2\/comments?post=3980"}],"version-history":[{"count":5,"href":"https:\/\/redesow.faccat.br\/wordpress\/ceataquara\/wp-json\/wp\/v2\/posts\/3980\/revisions"}],"predecessor-version":[{"id":3985,"href":"https:\/\/redesow.faccat.br\/wordpress\/ceataquara\/wp-json\/wp\/v2\/posts\/3980\/revisions\/3985"}],"wp:attachment":[{"href":"https:\/\/redesow.faccat.br\/wordpress\/ceataquara\/wp-json\/wp\/v2\/media?parent=3980"}],"wp:term":[{"taxonomy":"category","embeddable":true,"href":"https:\/\/redesow.faccat.br\/wordpress\/ceataquara\/wp-json\/wp\/v2\/categories?post=3980"},{"taxonomy":"post_tag","embeddable":true,"href":"https:\/\/redesow.faccat.br\/wordpress\/ceataquara\/wp-json\/wp\/v2\/tags?post=3980"}],"curies":[{"name":"wp","href":"https:\/\/api.w.org\/{rel}","templated":true}]}}