{"id":4210,"date":"2016-06-14T06:19:21","date_gmt":"2016-06-14T03:19:21","guid":{"rendered":"http:\/\/redesow.faccat.br\/wordpress\/ceataquara\/?p=4210"},"modified":"2016-06-14T06:19:21","modified_gmt":"2016-06-14T03:19:21","slug":"semana-do-meio-ambiente-da-e-m-e-f-getulio-vargas","status":"publish","type":"post","link":"https:\/\/redesow.faccat.br\/wordpress\/ceataquara\/arquivos\/4210","title":{"rendered":"Semana do Meio Ambiente da E.M.E.F. Get\u00falio Vargas"},"content":{"rendered":"<p>Entre os dias 06 e 10 de junho realizamos na E.M.E.F. Get\u00falio Vargas a Semana do Meio Ambiente. A programa\u00e7\u00e3o envolveu todas as turmas dos dois turnos, pessoas da comunidade e professores. Esta semana foi organizada com a ajuda dos alunos do Com- vida.<\/p>\n<p>Na abertura tivemos uma hora c\u00edvica, onde teve apresenta\u00e7\u00f5es da par\u00f3dia Peixe Vivo e teatro com os alunos da Com- Vida. Tamb\u00e9m foi lido uma mensagem de preserva\u00e7\u00e3o e conscientiza\u00e7\u00e3o sobre o meio ambiente.Neste mesmo dia foi dada a largada para a gincana ecol\u00f3gica que aconteceu no decorrer da semana.<\/p>\n<p>No encerramento da Semana do Meio Ambiente, no turno da manh\u00e3, os alunos assistiram uma palestra com o tema res\u00edduos s\u00f3lidos com a professora Andreza. \u00a0Logo ap\u00f3s os alunos visitaram as exposi\u00e7\u00f5es de trabalhos realizados durante a semana. Esta semana do meio ambiente foi muito importante para toda a comunidade escolar, onde todos de uma forma ou de outra acabaram se envolvendo e fazendo a diferen\u00e7a na escola, foi um momento de muita participa\u00e7\u00e3o, conscientiza\u00e7\u00e3o e aprendizagem.<\/p>\n<figure id=\"attachment_4211\" class=\"thumbnail wp-caption alignnone\" style=\"width: 300px\"><a href=\"http:\/\/redesow.faccat.br\/wordpress\/ceataquara\/wp-content\/uploads\/sites\/15\/20160610_080320.jpg\"><img loading=\"lazy\" decoding=\"async\" class=\"size-medium wp-image-4211\" src=\"http:\/\/redesow.faccat.br\/wordpress\/ceataquara\/wp-content\/uploads\/sites\/15\/20160610_080320-300x169.jpg\" alt=\"Palestra com a Prof\u00aa Andreza, sobre res\u00edduos s\u00f3lidos!\" width=\"300\" height=\"169\" srcset=\"https:\/\/redesow.faccat.br\/wordpress\/ceataquara\/wp-content\/uploads\/sites\/15\/20160610_080320-300x169.jpg 300w, https:\/\/redesow.faccat.br\/wordpress\/ceataquara\/wp-content\/uploads\/sites\/15\/20160610_080320-150x85.jpg 150w, https:\/\/redesow.faccat.br\/wordpress\/ceataquara\/wp-content\/uploads\/sites\/15\/20160610_080320-600x338.jpg 600w\" sizes=\"auto, (max-width: 300px) 100vw, 300px\" \/><\/a><figcaption class=\"caption wp-caption-text\">Palestra com a Prof\u00aa Andreza, sobre res\u00edduos s\u00f3lidos!<\/figcaption><\/figure>\n<figure id=\"attachment_4212\" class=\"thumbnail wp-caption alignnone\" style=\"width: 300px\"><a href=\"http:\/\/redesow.faccat.br\/wordpress\/ceataquara\/wp-content\/uploads\/sites\/15\/IMG-20160613-WA0032.jpg\"><img loading=\"lazy\" decoding=\"async\" class=\"size-medium wp-image-4212\" src=\"http:\/\/redesow.faccat.br\/wordpress\/ceataquara\/wp-content\/uploads\/sites\/15\/IMG-20160613-WA0032-300x169.jpg\" alt=\"Apresenta\u00e7\u00e3o da par\u00f3dia Peixe Vivo!\" width=\"300\" height=\"169\" srcset=\"https:\/\/redesow.faccat.br\/wordpress\/ceataquara\/wp-content\/uploads\/sites\/15\/IMG-20160613-WA0032-300x169.jpg 300w, https:\/\/redesow.faccat.br\/wordpress\/ceataquara\/wp-content\/uploads\/sites\/15\/IMG-20160613-WA0032-150x84.jpg 150w, https:\/\/redesow.faccat.br\/wordpress\/ceataquara\/wp-content\/uploads\/sites\/15\/IMG-20160613-WA0032-600x338.jpg 600w, https:\/\/redesow.faccat.br\/wordpress\/ceataquara\/wp-content\/uploads\/sites\/15\/IMG-20160613-WA0032.jpg 1032w\" sizes=\"auto, (max-width: 300px) 100vw, 300px\" \/><\/a><figcaption class=\"caption wp-caption-text\">Apresenta\u00e7\u00e3o da par\u00f3dia Peixe Vivo!<\/figcaption><\/figure>\n<figure id=\"attachment_4213\" class=\"thumbnail wp-caption alignnone\" style=\"width: 169px\"><a href=\"http:\/\/redesow.faccat.br\/wordpress\/ceataquara\/wp-content\/uploads\/sites\/15\/IMG-20160613-WA0038.jpg\"><img loading=\"lazy\" decoding=\"async\" class=\"size-medium wp-image-4213\" src=\"http:\/\/redesow.faccat.br\/wordpress\/ceataquara\/wp-content\/uploads\/sites\/15\/IMG-20160613-WA0038-169x300.jpg\" alt=\"Quiz de perguntas e respostas sobre o meio ambiente!\" width=\"169\" height=\"300\" srcset=\"https:\/\/redesow.faccat.br\/wordpress\/ceataquara\/wp-content\/uploads\/sites\/15\/IMG-20160613-WA0038-169x300.jpg 169w, https:\/\/redesow.faccat.br\/wordpress\/ceataquara\/wp-content\/uploads\/sites\/15\/IMG-20160613-WA0038-84x150.jpg 84w, https:\/\/redesow.faccat.br\/wordpress\/ceataquara\/wp-content\/uploads\/sites\/15\/IMG-20160613-WA0038-338x600.jpg 338w, https:\/\/redesow.faccat.br\/wordpress\/ceataquara\/wp-content\/uploads\/sites\/15\/IMG-20160613-WA0038.jpg 581w\" sizes=\"auto, (max-width: 169px) 100vw, 169px\" \/><\/a><figcaption class=\"caption wp-caption-text\">Quiz de perguntas e respostas sobre o meio ambiente!<\/figcaption><\/figure>\n<figure id=\"attachment_4214\" class=\"thumbnail wp-caption alignnone\" style=\"width: 300px\"><a href=\"http:\/\/redesow.faccat.br\/wordpress\/ceataquara\/wp-content\/uploads\/sites\/15\/20160610_160101.jpg\"><img loading=\"lazy\" decoding=\"async\" class=\"size-medium wp-image-4214\" src=\"http:\/\/redesow.faccat.br\/wordpress\/ceataquara\/wp-content\/uploads\/sites\/15\/20160610_160101-300x169.jpg\" alt=\"Mascotes feitos com material recicl\u00e1vel!\" width=\"300\" height=\"169\" srcset=\"https:\/\/redesow.faccat.br\/wordpress\/ceataquara\/wp-content\/uploads\/sites\/15\/20160610_160101-300x169.jpg 300w, https:\/\/redesow.faccat.br\/wordpress\/ceataquara\/wp-content\/uploads\/sites\/15\/20160610_160101-150x85.jpg 150w, https:\/\/redesow.faccat.br\/wordpress\/ceataquara\/wp-content\/uploads\/sites\/15\/20160610_160101-600x338.jpg 600w\" sizes=\"auto, (max-width: 300px) 100vw, 300px\" \/><\/a><figcaption class=\"caption wp-caption-text\">Mascotes feitos com material recicl\u00e1vel!<\/figcaption><\/figure>\n<figure id=\"attachment_4215\" class=\"thumbnail wp-caption alignnone\" style=\"width: 300px\"><a href=\"http:\/\/redesow.faccat.br\/wordpress\/ceataquara\/wp-content\/uploads\/sites\/15\/20160610_160336.jpg\"><img loading=\"lazy\" decoding=\"async\" class=\"size-medium wp-image-4215\" src=\"http:\/\/redesow.faccat.br\/wordpress\/ceataquara\/wp-content\/uploads\/sites\/15\/20160610_160336-300x169.jpg\" alt=\"Painel utilizando materiais recicl\u00e1veis!\" width=\"300\" height=\"169\" srcset=\"https:\/\/redesow.faccat.br\/wordpress\/ceataquara\/wp-content\/uploads\/sites\/15\/20160610_160336-300x169.jpg 300w, https:\/\/redesow.faccat.br\/wordpress\/ceataquara\/wp-content\/uploads\/sites\/15\/20160610_160336-150x85.jpg 150w, https:\/\/redesow.faccat.br\/wordpress\/ceataquara\/wp-content\/uploads\/sites\/15\/20160610_160336-600x338.jpg 600w\" sizes=\"auto, (max-width: 300px) 100vw, 300px\" \/><\/a><figcaption class=\"caption wp-caption-text\">Painel utilizando materiais recicl\u00e1veis!<\/figcaption><\/figure>\n<p>&nbsp;<\/p>\n","protected":false},"excerpt":{"rendered":"<p>Entre os dias 06 e 10 de junho realizamos na E.M.E.F. Get\u00falio Vargas a Semana do Meio Ambiente. A programa\u00e7\u00e3o envolveu todas as turmas dos dois turnos, pessoas da comunidade e professores. Esta semana foi organizada com a ajuda dos alunos do Com- vida. Na abertura tivemos uma hora c\u00edvica, onde teve apresenta\u00e7\u00f5es da par\u00f3dia Peixe Vivo e teatro com os alunos da Com- Vida. Tamb\u00e9m foi lido uma mensagem de preserva\u00e7\u00e3o e conscientiza\u00e7\u00e3o sobre o meio ambiente.Neste mesmo dia foi dada a largada para a gincana ecol\u00f3gica que aconteceu no decorrer da semana. No encerramento da Semana do Meio Ambiente, no turno da manh\u00e3, os alunos assistiram uma palestra com o tema res\u00edduos s\u00f3lidos com a professora Andreza. \u00a0Logo ap\u00f3s os alunos visitaram as exposi\u00e7\u00f5es de trabalhos realizados durante a semana. Esta semana do meio ambiente foi muito importante &hellip; <a href=\"https:\/\/redesow.faccat.br\/wordpress\/ceataquara\/arquivos\/4210\">Continua<\/a><\/p>\n","protected":false},"author":173,"featured_media":0,"comment_status":"open","ping_status":"open","sticky":false,"template":"","format":"standard","meta":{"footnotes":""},"categories":[8],"tags":[],"class_list":["post-4210","post","type-post","status-publish","format-standard","hentry","category-getulio"],"_links":{"self":[{"href":"https:\/\/redesow.faccat.br\/wordpress\/ceataquara\/wp-json\/wp\/v2\/posts\/4210","targetHints":{"allow":["GET"]}}],"collection":[{"href":"https:\/\/redesow.faccat.br\/wordpress\/ceataquara\/wp-json\/wp\/v2\/posts"}],"about":[{"href":"https:\/\/redesow.faccat.br\/wordpress\/ceataquara\/wp-json\/wp\/v2\/types\/post"}],"author":[{"embeddable":true,"href":"https:\/\/redesow.faccat.br\/wordpress\/ceataquara\/wp-json\/wp\/v2\/users\/173"}],"replies":[{"embeddable":true,"href":"https:\/\/redesow.faccat.br\/wordpress\/ceataquara\/wp-json\/wp\/v2\/comments?post=4210"}],"version-history":[{"count":1,"href":"https:\/\/redesow.faccat.br\/wordpress\/ceataquara\/wp-json\/wp\/v2\/posts\/4210\/revisions"}],"predecessor-version":[{"id":4216,"href":"https:\/\/redesow.faccat.br\/wordpress\/ceataquara\/wp-json\/wp\/v2\/posts\/4210\/revisions\/4216"}],"wp:attachment":[{"href":"https:\/\/redesow.faccat.br\/wordpress\/ceataquara\/wp-json\/wp\/v2\/media?parent=4210"}],"wp:term":[{"taxonomy":"category","embeddable":true,"href":"https:\/\/redesow.faccat.br\/wordpress\/ceataquara\/wp-json\/wp\/v2\/categories?post=4210"},{"taxonomy":"post_tag","embeddable":true,"href":"https:\/\/redesow.faccat.br\/wordpress\/ceataquara\/wp-json\/wp\/v2\/tags?post=4210"}],"curies":[{"name":"wp","href":"https:\/\/api.w.org\/{rel}","templated":true}]}}