{"id":4294,"date":"2016-06-14T22:14:59","date_gmt":"2016-06-14T19:14:59","guid":{"rendered":"http:\/\/redesow.faccat.br\/wordpress\/ceataquara\/?p=4294"},"modified":"2016-06-14T22:17:18","modified_gmt":"2016-06-14T19:17:18","slug":"semana-do-meio-ambiente-12","status":"publish","type":"post","link":"https:\/\/redesow.faccat.br\/wordpress\/ceataquara\/arquivos\/4294","title":{"rendered":"Semana do Meio Ambiente"},"content":{"rendered":"<p style=\"text-align: left\">Escola Municipal de Ensino Fundamental Arlindo Martini<\/p>\n<p style=\"text-align: center\">Semana do Meio Ambiente<\/p>\n<figure id=\"attachment_4297\" class=\"thumbnail wp-caption alignright\" style=\"width: 84px\"><a href=\"http:\/\/redesow.faccat.br\/wordpress\/ceataquara\/wp-content\/uploads\/sites\/15\/WP_20160607_007.jpg\"><img loading=\"lazy\" decoding=\"async\" class=\"wp-image-4297 size-thumbnail\" src=\"http:\/\/redesow.faccat.br\/wordpress\/ceataquara\/wp-content\/uploads\/sites\/15\/WP_20160607_007-84x150.jpg\" alt=\"WP_20160607_007\" width=\"84\" height=\"150\" srcset=\"https:\/\/redesow.faccat.br\/wordpress\/ceataquara\/wp-content\/uploads\/sites\/15\/WP_20160607_007-84x150.jpg 84w, https:\/\/redesow.faccat.br\/wordpress\/ceataquara\/wp-content\/uploads\/sites\/15\/WP_20160607_007-169x300.jpg 169w, https:\/\/redesow.faccat.br\/wordpress\/ceataquara\/wp-content\/uploads\/sites\/15\/WP_20160607_007-337x600.jpg 337w, https:\/\/redesow.faccat.br\/wordpress\/ceataquara\/wp-content\/uploads\/sites\/15\/WP_20160607_007.jpg 1456w\" sizes=\"auto, (max-width: 84px) 100vw, 84px\" \/><\/a><figcaption class=\"caption wp-caption-text\">Preparando o solo para o plantio<\/figcaption><\/figure>\n<p>Durante a Semana do Meio Ambiente toda escola se engajou nas atividades planejadas. O grupo do COM-VIDA realizou a \u00a0abertura com poesia e roda de conversa sobre o meio ambiente. Preparou os canteiros, afofando a terra e adubando para que as demais turmas pudessem realizar o plantio das mudas, assim como cada integrante participou em sua sala de aula e no grande grupo das demais tarefas realizadas em prol do meio ambiente.<\/p>\n<figure id=\"attachment_4309\" class=\"thumbnail wp-caption alignleft\" style=\"width: 150px\"><a href=\"http:\/\/redesow.faccat.br\/wordpress\/ceataquara\/wp-content\/uploads\/sites\/15\/WP_20160606_088.jpg\"><img loading=\"lazy\" decoding=\"async\" class=\"wp-image-4309 size-thumbnail\" src=\"http:\/\/redesow.faccat.br\/wordpress\/ceataquara\/wp-content\/uploads\/sites\/15\/WP_20160606_088-150x84.jpg\" alt=\"Palestra Funda\u00e7\u00e3o Zoobot\u00e2nica\" width=\"150\" height=\"84\" srcset=\"https:\/\/redesow.faccat.br\/wordpress\/ceataquara\/wp-content\/uploads\/sites\/15\/WP_20160606_088-150x84.jpg 150w, https:\/\/redesow.faccat.br\/wordpress\/ceataquara\/wp-content\/uploads\/sites\/15\/WP_20160606_088-300x169.jpg 300w, https:\/\/redesow.faccat.br\/wordpress\/ceataquara\/wp-content\/uploads\/sites\/15\/WP_20160606_088-600x337.jpg 600w\" sizes=\"auto, (max-width: 150px) 100vw, 150px\" \/><\/a><figcaption class=\"caption wp-caption-text\">Exposi\u00e7\u00e3o de Materiais da Funda\u00e7\u00e3o Zoobot\u00e2nica<\/figcaption><\/figure>\n<p>A nossa escola tamb\u00e9m teve o privil\u00e9gio de receber a Funda\u00e7\u00e3o Zoobot\u00e2nica do Rio Grande do Sul, onde realizaram uma palestra sobre os animais selvagens, esta que cativou e despertou o interesse dos alunos de nossa escola, que adoraram a oportunidade. Neste mesmo dia recebemos para assistir a palestra conosco a visita das escolas EMEF Luis B\u00f6es e EMEF Rudi Lindenmeyer.<\/p>\n<p>Assistimos v\u00eddeos do Circuito Sala Tela Verde voltados a tem\u00e1tica dos Res\u00edduos (\u201cTransforma\u00e7\u00e3o\u201d- da retirada de elementos da natureza at\u00e9 o destino final (reutilizar, reciclar ou apenas descartar); \u201cJo\u00e3o em:<\/p>\n<figure id=\"attachment_4312\" class=\"thumbnail wp-caption alignright\" style=\"width: 150px\"><a href=\"http:\/\/redesow.faccat.br\/wordpress\/ceataquara\/wp-content\/uploads\/sites\/15\/WP_20160607_027.jpg\"><img loading=\"lazy\" decoding=\"async\" class=\"size-thumbnail wp-image-4312\" src=\"http:\/\/redesow.faccat.br\/wordpress\/ceataquara\/wp-content\/uploads\/sites\/15\/WP_20160607_027-150x84.jpg\" alt=\"Cartaz produzido a partir do que foi assistido no Circuito Tela Verde\" width=\"150\" height=\"84\" srcset=\"https:\/\/redesow.faccat.br\/wordpress\/ceataquara\/wp-content\/uploads\/sites\/15\/WP_20160607_027-150x84.jpg 150w, https:\/\/redesow.faccat.br\/wordpress\/ceataquara\/wp-content\/uploads\/sites\/15\/WP_20160607_027-300x169.jpg 300w, https:\/\/redesow.faccat.br\/wordpress\/ceataquara\/wp-content\/uploads\/sites\/15\/WP_20160607_027-600x337.jpg 600w\" sizes=\"auto, (max-width: 150px) 100vw, 150px\" \/><\/a><figcaption class=\"caption wp-caption-text\">Cartaz produzido a partir do que foi assistido no Circuito Tela Verde<\/figcaption><\/figure>\n<p>O descarte\u201d \u2013 separa\u00e7\u00e3o dos res\u00edduos; \u201cA Terra a Gastar\u201d- consumo desenfreado X males causados ao planeta \/ consumo consciente X benef\u00edcios para o planeta; \u201cO Caminho dos Res\u00edduos em Taquara\u201d, que veio muito a contribuir com o aprendizado das crian\u00e7as em rela\u00e7\u00e3o a esse tema, onde a seguir realizaram atividades com sua professora em aula a partir do que assistiram, sendo os trabalhos expostos no mural do corredor da escola.<\/p>\n<p>Ainda realizamos o plantio na horta, onde cada turma auxiliada pelo grupo COM-VIDA plantou diferentes mudas(beterraba, alface, salsinha, cebolinha, cenoura, morango e couve) realizando o estudo sobre os benef\u00edcios destes para nossa sa\u00fade, com o objetivo de montarmos um livro, a partir do que cada turma estudou.<\/p>\n<figure id=\"attachment_4314\" class=\"thumbnail wp-caption alignleft\" style=\"width: 150px\"><a href=\"http:\/\/redesow.faccat.br\/wordpress\/ceataquara\/wp-content\/uploads\/sites\/15\/WP_20160608_097.jpg\"><img loading=\"lazy\" decoding=\"async\" class=\"size-thumbnail wp-image-4314\" src=\"http:\/\/redesow.faccat.br\/wordpress\/ceataquara\/wp-content\/uploads\/sites\/15\/WP_20160608_097-150x84.jpg\" alt=\"Cartaz coletivo &quot;Aprendendo a Separar o Lixo&quot;\" width=\"150\" height=\"84\" srcset=\"https:\/\/redesow.faccat.br\/wordpress\/ceataquara\/wp-content\/uploads\/sites\/15\/WP_20160608_097-150x84.jpg 150w, https:\/\/redesow.faccat.br\/wordpress\/ceataquara\/wp-content\/uploads\/sites\/15\/WP_20160608_097-300x169.jpg 300w, https:\/\/redesow.faccat.br\/wordpress\/ceataquara\/wp-content\/uploads\/sites\/15\/WP_20160608_097-600x337.jpg 600w\" sizes=\"auto, (max-width: 150px) 100vw, 150px\" \/><\/a><figcaption class=\"caption wp-caption-text\">Cartaz coletivo &#8220;Aprendendo a Separar o Lixo&#8221;<\/figcaption><\/figure>\n<p>Tamb\u00e9m assistimos aos v\u00eddeos \u201cUm Plano para Salvar o Planeta\u201d- Turma da M\u00f4nica, que tratava da regra dos 3 R\u2019s (Reduzir, Reutilizar e Reciclar) e \u201cLixo \u00e9 no Lixo\u201d- tia Cec\u00e9u, que falava da import\u00e2ncia de colocarmos os res\u00edduos nos lugares corretos, visando n\u00e3o poluir o meio ambiente. A partir dos v\u00eddeos, realizamos roda de conversa e confeccionamos um cartaz sobre a Separa\u00e7\u00e3o do Lixo, incentivando os alunos a passar esse conhecimento em suas casas.<\/p>\n<p><a href=\"http:\/\/redesow.faccat.br\/wordpress\/ceataquara\/wp-content\/uploads\/sites\/15\/WP_20160610_042.jpg\"><img loading=\"lazy\" decoding=\"async\" class=\"alignright size-thumbnail wp-image-4313\" src=\"http:\/\/redesow.faccat.br\/wordpress\/ceataquara\/wp-content\/uploads\/sites\/15\/WP_20160610_042-150x84.jpg\" alt=\"WP_20160610_042\" width=\"150\" height=\"84\" srcset=\"https:\/\/redesow.faccat.br\/wordpress\/ceataquara\/wp-content\/uploads\/sites\/15\/WP_20160610_042-150x84.jpg 150w, https:\/\/redesow.faccat.br\/wordpress\/ceataquara\/wp-content\/uploads\/sites\/15\/WP_20160610_042-300x169.jpg 300w, https:\/\/redesow.faccat.br\/wordpress\/ceataquara\/wp-content\/uploads\/sites\/15\/WP_20160610_042-600x337.jpg 600w\" sizes=\"auto, (max-width: 150px) 100vw, 150px\" \/><\/a>Em continua\u00e7\u00e3o da ideia de reutilizar e reciclar, os alunos assistiram um Power Point onde foi trabalhado esse conceito, dando sugest\u00f5es do que pod\u00edamos fazer com garrafas pet e outros materiais recicl\u00e1veis (vasinhos, lumin\u00e1rias, pulseiras, jogos, brinquedos), e foi visto com os alunos o que fazem na sua casa para reaproveitar materiais. Ent\u00e3o cada turma confeccionou com pet um vasinho, levando para casa com o objetivo de plantarem uma mudinha para trazerem e realizarem a troca com os colegas no fechamento da Semana do Meio Ambiente, atrav\u00e9s da brincadeira Amigo Secreto.<\/p>\n<figure id=\"attachment_4315\" class=\"thumbnail wp-caption alignleft\" style=\"width: 150px\"><a href=\"http:\/\/redesow.faccat.br\/wordpress\/ceataquara\/wp-content\/uploads\/sites\/15\/WP_20160610_030.jpg\"><img loading=\"lazy\" decoding=\"async\" class=\"size-thumbnail wp-image-4315\" src=\"http:\/\/redesow.faccat.br\/wordpress\/ceataquara\/wp-content\/uploads\/sites\/15\/WP_20160610_030-150x84.jpg\" alt=\"Brinquedos Construidos pelo 1\u00ba e 2\u00ba ano a partir do estudo dos 5R's\" width=\"150\" height=\"84\" srcset=\"https:\/\/redesow.faccat.br\/wordpress\/ceataquara\/wp-content\/uploads\/sites\/15\/WP_20160610_030-150x84.jpg 150w, https:\/\/redesow.faccat.br\/wordpress\/ceataquara\/wp-content\/uploads\/sites\/15\/WP_20160610_030-300x169.jpg 300w, https:\/\/redesow.faccat.br\/wordpress\/ceataquara\/wp-content\/uploads\/sites\/15\/WP_20160610_030-600x337.jpg 600w\" sizes=\"auto, (max-width: 150px) 100vw, 150px\" \/><\/a><figcaption class=\"caption wp-caption-text\">Brinquedos Construidos pelo 1\u00ba e 2\u00ba ano a partir do estudo dos 5 R&#8217;s<\/figcaption><\/figure>\n<p>Cada turma tamb\u00e9m ficou com uma tem\u00e1tica para estudar em sala de aula e apresentar no encerramento das atividades da Semana do Meio Ambiente. As tem\u00e1ticas trabalhadas foram (Porque \u00e9 importante separarmos o lixo?; Lixo Seco e Lixo Org\u00e2nico; Os 5 R\u2019s; Tempo de decomposi\u00e7\u00e3o dos Res\u00edduos; Quais s\u00e3o os benef\u00edcios para a natureza quando reciclamos?). As turmas da pr\u00e9-escola ao 5\u00ba ano estudaram um dos temas e fizeram a apresenta\u00e7\u00e3o do que trabalharam em sala de aula, compartilhando com os demais atrav\u00e9s de cartazes, jogos e brinquedos confeccionados com sucata, televis\u00e3o (confeccionada com caixa) com hist\u00f3ria sequenciada, di\u00e1logo, etc. A professora Sandra do 5\u00ba ano tamb\u00e9m realizou com seus alunos uma oficina de reciclagem de garrafas de vidro com colagem de tecido, sendo que os alunos do 3\u00ba ano tamb\u00e9m participaram como ouvintes.<\/p>\n<p>A Semana do Meio Ambiente foi bem produtiva, integrando toda escola com o objetivo de semear aprendizagens que os alunos possam colocar em pr\u00e1tica no seu dia-a-dia em prol das quest\u00f5es ambientais, onde pode-se ver a participa\u00e7\u00e3o e o empenho de todos, sendo que cada um contribuiu um pouquinho para que tudo isso acontecesse.<\/p>\n<figure id=\"attachment_4316\" class=\"thumbnail wp-caption aligncenter\" style=\"width: 150px\"><a href=\"http:\/\/redesow.faccat.br\/wordpress\/ceataquara\/wp-content\/uploads\/sites\/15\/WP_20160607_035.jpg\"><img loading=\"lazy\" decoding=\"async\" class=\"size-thumbnail wp-image-4316\" src=\"http:\/\/redesow.faccat.br\/wordpress\/ceataquara\/wp-content\/uploads\/sites\/15\/WP_20160607_035-150x84.jpg\" alt=\"Pllantio de cebolinha na horta\" width=\"150\" height=\"84\" srcset=\"https:\/\/redesow.faccat.br\/wordpress\/ceataquara\/wp-content\/uploads\/sites\/15\/WP_20160607_035-150x84.jpg 150w, https:\/\/redesow.faccat.br\/wordpress\/ceataquara\/wp-content\/uploads\/sites\/15\/WP_20160607_035-300x169.jpg 300w, https:\/\/redesow.faccat.br\/wordpress\/ceataquara\/wp-content\/uploads\/sites\/15\/WP_20160607_035-600x337.jpg 600w\" sizes=\"auto, (max-width: 150px) 100vw, 150px\" \/><\/a><figcaption class=\"caption wp-caption-text\">Pllantio de cebolinha na horta<\/figcaption><\/figure>\n","protected":false},"excerpt":{"rendered":"<p>Escola Municipal de Ensino Fundamental Arlindo Martini Semana do Meio Ambiente Durante a Semana do Meio Ambiente toda escola se engajou nas atividades planejadas. O grupo do COM-VIDA realizou a \u00a0abertura com poesia e roda de conversa sobre o meio ambiente. Preparou os canteiros, afofando a terra e adubando para que as demais turmas pudessem realizar o plantio das mudas, assim como cada integrante participou em sua sala de aula e no grande grupo das demais tarefas realizadas em prol do meio ambiente. A nossa escola tamb\u00e9m teve o privil\u00e9gio de receber a Funda\u00e7\u00e3o Zoobot\u00e2nica do Rio Grande do Sul, onde realizaram uma palestra sobre os animais selvagens, esta que cativou e despertou o interesse dos alunos de nossa escola, que adoraram a oportunidade. Neste mesmo dia recebemos para assistir a palestra conosco a visita das escolas EMEF Luis B\u00f6es &hellip; <a href=\"https:\/\/redesow.faccat.br\/wordpress\/ceataquara\/arquivos\/4294\">Continua<\/a><\/p>\n","protected":false},"author":151,"featured_media":0,"comment_status":"open","ping_status":"open","sticky":false,"template":"","format":"standard","meta":{"footnotes":""},"categories":[14],"tags":[],"class_list":["post-4294","post","type-post","status-publish","format-standard","hentry","category-arlindo"],"_links":{"self":[{"href":"https:\/\/redesow.faccat.br\/wordpress\/ceataquara\/wp-json\/wp\/v2\/posts\/4294","targetHints":{"allow":["GET"]}}],"collection":[{"href":"https:\/\/redesow.faccat.br\/wordpress\/ceataquara\/wp-json\/wp\/v2\/posts"}],"about":[{"href":"https:\/\/redesow.faccat.br\/wordpress\/ceataquara\/wp-json\/wp\/v2\/types\/post"}],"author":[{"embeddable":true,"href":"https:\/\/redesow.faccat.br\/wordpress\/ceataquara\/wp-json\/wp\/v2\/users\/151"}],"replies":[{"embeddable":true,"href":"https:\/\/redesow.faccat.br\/wordpress\/ceataquara\/wp-json\/wp\/v2\/comments?post=4294"}],"version-history":[{"count":3,"href":"https:\/\/redesow.faccat.br\/wordpress\/ceataquara\/wp-json\/wp\/v2\/posts\/4294\/revisions"}],"predecessor-version":[{"id":4319,"href":"https:\/\/redesow.faccat.br\/wordpress\/ceataquara\/wp-json\/wp\/v2\/posts\/4294\/revisions\/4319"}],"wp:attachment":[{"href":"https:\/\/redesow.faccat.br\/wordpress\/ceataquara\/wp-json\/wp\/v2\/media?parent=4294"}],"wp:term":[{"taxonomy":"category","embeddable":true,"href":"https:\/\/redesow.faccat.br\/wordpress\/ceataquara\/wp-json\/wp\/v2\/categories?post=4294"},{"taxonomy":"post_tag","embeddable":true,"href":"https:\/\/redesow.faccat.br\/wordpress\/ceataquara\/wp-json\/wp\/v2\/tags?post=4294"}],"curies":[{"name":"wp","href":"https:\/\/api.w.org\/{rel}","templated":true}]}}