{"id":4343,"date":"2016-06-16T00:20:51","date_gmt":"2016-06-15T21:20:51","guid":{"rendered":"http:\/\/redesow.faccat.br\/wordpress\/ceataquara\/?p=4343"},"modified":"2016-06-16T00:20:51","modified_gmt":"2016-06-15T21:20:51","slug":"semana-do-meio-ambiente-theophilo-sauer-2","status":"publish","type":"post","link":"https:\/\/redesow.faccat.br\/wordpress\/ceataquara\/arquivos\/4343","title":{"rendered":"SEMANA DO MEIO AMBIENTE &#8211; THE\u00d3PHILO SAUER"},"content":{"rendered":"<p style=\"text-align: justify;text-indent: 35.4pt;line-height: 150%\">A Semana do Meio Ambiente teve in\u00edcio no dia 06 (segunda feira) e terminou no dia 10 (sexta feira) de junho com a realiza\u00e7\u00e3o de diversas atividades.<\/p>\n<p style=\"text-align: justify;text-indent: 35.4pt;line-height: 150%\">O trabalho come\u00e7ou com um diagn\u00f3stico\/planejamento de como esta semana aconteceria, e de maneira especial como, impactaria a nossa comunidade escolar.<\/p>\n<p style=\"text-align: justify;line-height: 150%\"><span style=\"font-family: 'Arial','sans-serif'\">\u00a0Ao longo desta Semana, realizamos mini gincana, com arrecada\u00e7\u00e3o de materiais pl\u00e1sticos, especialmente garrafas PET. Tamb\u00e9m foi realizado por uma turma do 5\u00b0 ano um trabalho sobre o combate ao mosquito Aedes Egypti, na qual utilizamos os cartazes e mascote do mosquito confeccionados por estes. Realizamos teatro, par\u00f3dia, apresenta\u00e7\u00e3o musical com latas. Os alunos da Com Vida tamb\u00e9m participaram de plantio de mudas de \u00e1rvore na frente da escola e limpeza no entorno da escola. Para a realiza\u00e7\u00e3o das apresenta\u00e7\u00f5es na escola e da palestra da Sabrina Amaral foram confeccionados quatro pain\u00e9is e alguns cartazes.<br \/>\n<\/span><\/p>\n<p style=\"text-align: justify;text-indent: 35.4pt;line-height: 150%\"><span style=\"font-family: 'Arial','sans-serif'\">S\u00f3 alcan\u00e7amos nossos objetivos com esta semana, porque todos \u00e0 medida do poss\u00edvel foram envolvidos a fim de conscientizar e mudar a realidade da escola.<\/span><\/p>\n<figure id=\"attachment_4346\" class=\"thumbnail wp-caption alignnone\" style=\"width: 300px\"><a href=\"http:\/\/redesow.faccat.br\/wordpress\/ceataquara\/wp-content\/uploads\/sites\/15\/IMG_20160607_161338694_HDR.jpg\"><img loading=\"lazy\" decoding=\"async\" class=\"wp-image-4346 size-medium\" src=\"http:\/\/redesow.faccat.br\/wordpress\/ceataquara\/wp-content\/uploads\/sites\/15\/IMG_20160607_161338694_HDR-300x169.jpg\" alt=\"IMG_20160607_161338694_HDR\" width=\"300\" height=\"169\" srcset=\"https:\/\/redesow.faccat.br\/wordpress\/ceataquara\/wp-content\/uploads\/sites\/15\/IMG_20160607_161338694_HDR-300x169.jpg 300w, https:\/\/redesow.faccat.br\/wordpress\/ceataquara\/wp-content\/uploads\/sites\/15\/IMG_20160607_161338694_HDR-150x84.jpg 150w, https:\/\/redesow.faccat.br\/wordpress\/ceataquara\/wp-content\/uploads\/sites\/15\/IMG_20160607_161338694_HDR-600x338.jpg 600w\" sizes=\"auto, (max-width: 300px) 100vw, 300px\" \/><\/a><figcaption class=\"caption wp-caption-text\">Palestra de Conscientiza\u00e7\u00e3o Sobre Res\u00edduos S\u00f3lidos<\/figcaption><\/figure>\n<figure id=\"attachment_4348\" class=\"thumbnail wp-caption alignnone\" style=\"width: 300px\"><a href=\"http:\/\/redesow.faccat.br\/wordpress\/ceataquara\/wp-content\/uploads\/sites\/15\/IMG_20160419_150738091.jpg\"><img loading=\"lazy\" decoding=\"async\" class=\"wp-image-4348 size-medium\" src=\"http:\/\/redesow.faccat.br\/wordpress\/ceataquara\/wp-content\/uploads\/sites\/15\/IMG_20160419_150738091-300x169.jpg\" alt=\"IMG_20160419_150738091\" width=\"300\" height=\"169\" srcset=\"https:\/\/redesow.faccat.br\/wordpress\/ceataquara\/wp-content\/uploads\/sites\/15\/IMG_20160419_150738091-300x169.jpg 300w, https:\/\/redesow.faccat.br\/wordpress\/ceataquara\/wp-content\/uploads\/sites\/15\/IMG_20160419_150738091-150x84.jpg 150w, https:\/\/redesow.faccat.br\/wordpress\/ceataquara\/wp-content\/uploads\/sites\/15\/IMG_20160419_150738091-600x338.jpg 600w\" sizes=\"auto, (max-width: 300px) 100vw, 300px\" \/><\/a><figcaption class=\"caption wp-caption-text\">Divulga\u00e7\u00e3o da mini gincana (Recolhendo garrafas PET)<\/figcaption><\/figure>\n<figure id=\"attachment_4349\" class=\"thumbnail wp-caption alignleft\" style=\"width: 169px\"><a href=\"http:\/\/redesow.faccat.br\/wordpress\/ceataquara\/wp-content\/uploads\/sites\/15\/IMG_20160503_142656756_HDR.jpg\"><img loading=\"lazy\" decoding=\"async\" class=\"wp-image-4349 size-medium\" src=\"http:\/\/redesow.faccat.br\/wordpress\/ceataquara\/wp-content\/uploads\/sites\/15\/IMG_20160503_142656756_HDR-169x300.jpg\" alt=\"IMG_20160503_142656756_HDR\" width=\"169\" height=\"300\" srcset=\"https:\/\/redesow.faccat.br\/wordpress\/ceataquara\/wp-content\/uploads\/sites\/15\/IMG_20160503_142656756_HDR-169x300.jpg 169w, https:\/\/redesow.faccat.br\/wordpress\/ceataquara\/wp-content\/uploads\/sites\/15\/IMG_20160503_142656756_HDR-84x150.jpg 84w, https:\/\/redesow.faccat.br\/wordpress\/ceataquara\/wp-content\/uploads\/sites\/15\/IMG_20160503_142656756_HDR-338x600.jpg 338w, https:\/\/redesow.faccat.br\/wordpress\/ceataquara\/wp-content\/uploads\/sites\/15\/IMG_20160503_142656756_HDR.jpg 1836w\" sizes=\"auto, (max-width: 169px) 100vw, 169px\" \/><\/a><figcaption class=\"caption wp-caption-text\">Plantando \u00e1rvores na frente da escola<\/figcaption><\/figure>\n<figure id=\"attachment_4347\" class=\"thumbnail wp-caption alignright\" style=\"width: 173px\"><a href=\"http:\/\/redesow.faccat.br\/wordpress\/ceataquara\/wp-content\/uploads\/sites\/15\/IMG_20160607_135027994.jpg\"><img loading=\"lazy\" decoding=\"async\" class=\"wp-image-4347\" src=\"http:\/\/redesow.faccat.br\/wordpress\/ceataquara\/wp-content\/uploads\/sites\/15\/IMG_20160607_135027994-169x300.jpg\" alt=\"IMG_20160607_135027994\" width=\"173\" height=\"307\" srcset=\"https:\/\/redesow.faccat.br\/wordpress\/ceataquara\/wp-content\/uploads\/sites\/15\/IMG_20160607_135027994-169x300.jpg 169w, https:\/\/redesow.faccat.br\/wordpress\/ceataquara\/wp-content\/uploads\/sites\/15\/IMG_20160607_135027994-84x150.jpg 84w, https:\/\/redesow.faccat.br\/wordpress\/ceataquara\/wp-content\/uploads\/sites\/15\/IMG_20160607_135027994-338x600.jpg 338w, https:\/\/redesow.faccat.br\/wordpress\/ceataquara\/wp-content\/uploads\/sites\/15\/IMG_20160607_135027994.jpg 1836w\" sizes=\"auto, (max-width: 173px) 100vw, 173px\" \/><\/a><figcaption class=\"caption wp-caption-text\">Confeccionando pain\u00e9is para apresenta\u00e7\u00f5es e palestra<\/figcaption><\/figure>\n<figure id=\"attachment_4350\" class=\"thumbnail wp-caption alignnone\" style=\"width: 300px\"><a href=\"http:\/\/redesow.faccat.br\/wordpress\/ceataquara\/wp-content\/uploads\/sites\/15\/IMG_20160419_153157240_HDR.jpg\"><img loading=\"lazy\" decoding=\"async\" class=\"wp-image-4350 size-medium\" src=\"http:\/\/redesow.faccat.br\/wordpress\/ceataquara\/wp-content\/uploads\/sites\/15\/IMG_20160419_153157240_HDR-300x169.jpg\" alt=\"IMG_20160419_153157240_HDR\" width=\"300\" height=\"169\" srcset=\"https:\/\/redesow.faccat.br\/wordpress\/ceataquara\/wp-content\/uploads\/sites\/15\/IMG_20160419_153157240_HDR-300x169.jpg 300w, https:\/\/redesow.faccat.br\/wordpress\/ceataquara\/wp-content\/uploads\/sites\/15\/IMG_20160419_153157240_HDR-150x84.jpg 150w, https:\/\/redesow.faccat.br\/wordpress\/ceataquara\/wp-content\/uploads\/sites\/15\/IMG_20160419_153157240_HDR-600x338.jpg 600w\" sizes=\"auto, (max-width: 300px) 100vw, 300px\" \/><\/a><figcaption class=\"caption wp-caption-text\">Planejando da Semana do Meio Ambiente<\/figcaption><\/figure>\n<p>&nbsp;<\/p>\n<figure id=\"attachment_4351\" class=\"thumbnail wp-caption alignnone\" style=\"width: 300px\"><a href=\"http:\/\/redesow.faccat.br\/wordpress\/ceataquara\/wp-content\/uploads\/sites\/15\/conscientiza\u00e7\u00e3o-sobre-o-lixo.jpg\"><img loading=\"lazy\" decoding=\"async\" class=\"wp-image-4351 size-medium\" src=\"http:\/\/redesow.faccat.br\/wordpress\/ceataquara\/wp-content\/uploads\/sites\/15\/conscientiza\u00e7\u00e3o-sobre-o-lixo-300x169.jpg\" alt=\"conscientiza\u00e7\u00e3o sobre o lixo\" width=\"300\" height=\"169\" srcset=\"https:\/\/redesow.faccat.br\/wordpress\/ceataquara\/wp-content\/uploads\/sites\/15\/conscientiza\u00e7\u00e3o-sobre-o-lixo-300x169.jpg 300w, https:\/\/redesow.faccat.br\/wordpress\/ceataquara\/wp-content\/uploads\/sites\/15\/conscientiza\u00e7\u00e3o-sobre-o-lixo-150x84.jpg 150w, https:\/\/redesow.faccat.br\/wordpress\/ceataquara\/wp-content\/uploads\/sites\/15\/conscientiza\u00e7\u00e3o-sobre-o-lixo-600x338.jpg 600w, https:\/\/redesow.faccat.br\/wordpress\/ceataquara\/wp-content\/uploads\/sites\/15\/conscientiza\u00e7\u00e3o-sobre-o-lixo.jpg 1920w\" sizes=\"auto, (max-width: 300px) 100vw, 300px\" \/><\/a><figcaption class=\"caption wp-caption-text\">Conscientizando a separa\u00e7\u00e3o de lixo<\/figcaption><\/figure>\n<p style=\"text-align: justify;text-indent: 35.4pt;line-height: 150%\"><span style=\"font-family: 'Arial','sans-serif'\"> <a href=\"http:\/\/redesow.faccat.br\/wordpress\/ceataquara\/wp-content\/uploads\/sites\/15\/IMG_20160419_150738091.jpg\">\u00a0 <\/a><\/span><\/p>\n","protected":false},"excerpt":{"rendered":"<p>A Semana do Meio Ambiente teve in\u00edcio no dia 06 (segunda feira) e terminou no dia 10 (sexta feira) de junho com a realiza\u00e7\u00e3o de diversas atividades. O trabalho come\u00e7ou com um diagn\u00f3stico\/planejamento de como esta semana aconteceria, e de maneira especial como, impactaria a nossa comunidade escolar. \u00a0Ao longo desta Semana, realizamos mini gincana, com arrecada\u00e7\u00e3o de materiais pl\u00e1sticos, especialmente garrafas PET. Tamb\u00e9m foi realizado por uma turma do 5\u00b0 ano um trabalho sobre o combate ao mosquito Aedes Egypti, na qual utilizamos os cartazes e mascote do mosquito confeccionados por estes. Realizamos teatro, par\u00f3dia, apresenta\u00e7\u00e3o musical com latas. Os alunos da Com Vida tamb\u00e9m participaram de plantio de mudas de \u00e1rvore na frente da escola e limpeza no entorno da escola. Para a realiza\u00e7\u00e3o das apresenta\u00e7\u00f5es na escola e da palestra da Sabrina Amaral foram confeccionados quatro pain\u00e9is &hellip; <a href=\"https:\/\/redesow.faccat.br\/wordpress\/ceataquara\/arquivos\/4343\">Continua<\/a><\/p>\n","protected":false},"author":199,"featured_media":0,"comment_status":"open","ping_status":"open","sticky":false,"template":"","format":"standard","meta":{"footnotes":""},"categories":[3],"tags":[],"class_list":["post-4343","post","type-post","status-publish","format-standard","hentry","category-theophilo"],"_links":{"self":[{"href":"https:\/\/redesow.faccat.br\/wordpress\/ceataquara\/wp-json\/wp\/v2\/posts\/4343","targetHints":{"allow":["GET"]}}],"collection":[{"href":"https:\/\/redesow.faccat.br\/wordpress\/ceataquara\/wp-json\/wp\/v2\/posts"}],"about":[{"href":"https:\/\/redesow.faccat.br\/wordpress\/ceataquara\/wp-json\/wp\/v2\/types\/post"}],"author":[{"embeddable":true,"href":"https:\/\/redesow.faccat.br\/wordpress\/ceataquara\/wp-json\/wp\/v2\/users\/199"}],"replies":[{"embeddable":true,"href":"https:\/\/redesow.faccat.br\/wordpress\/ceataquara\/wp-json\/wp\/v2\/comments?post=4343"}],"version-history":[{"count":4,"href":"https:\/\/redesow.faccat.br\/wordpress\/ceataquara\/wp-json\/wp\/v2\/posts\/4343\/revisions"}],"predecessor-version":[{"id":4354,"href":"https:\/\/redesow.faccat.br\/wordpress\/ceataquara\/wp-json\/wp\/v2\/posts\/4343\/revisions\/4354"}],"wp:attachment":[{"href":"https:\/\/redesow.faccat.br\/wordpress\/ceataquara\/wp-json\/wp\/v2\/media?parent=4343"}],"wp:term":[{"taxonomy":"category","embeddable":true,"href":"https:\/\/redesow.faccat.br\/wordpress\/ceataquara\/wp-json\/wp\/v2\/categories?post=4343"},{"taxonomy":"post_tag","embeddable":true,"href":"https:\/\/redesow.faccat.br\/wordpress\/ceataquara\/wp-json\/wp\/v2\/tags?post=4343"}],"curies":[{"name":"wp","href":"https:\/\/api.w.org\/{rel}","templated":true}]}}