{"id":4736,"date":"2016-07-12T02:54:10","date_gmt":"2016-07-11T23:54:10","guid":{"rendered":"http:\/\/redesow.faccat.br\/wordpress\/ceataquara\/?p=4736"},"modified":"2016-07-12T02:54:10","modified_gmt":"2016-07-11T23:54:10","slug":"aedes-aegypti-um-problema-de-saude-publica","status":"publish","type":"post","link":"https:\/\/redesow.faccat.br\/wordpress\/ceataquara\/arquivos\/4736","title":{"rendered":"\u201cAedes aegypti: um problema de sa\u00fade p\u00fablica\u201d."},"content":{"rendered":"<p>A ESCOLA MUNICIPAL DE ENSINO FUNDAMENTAL ANT\u00d4NIO MARTINS RANGEL est\u00e1 desenvolvendo o projeto: \u201cAedes aegypti: um problema de sa\u00fade p\u00fablica\u201d.<\/p>\n<p>Tendo conhecimento que o ano de 2016 come\u00e7ou com aumento dos casos de dengue e divulga\u00e7\u00e3o do surgimento de casos da chikungunya e zika e sabendo da epidemia que assola v\u00e1rias regi\u00f5es do Brasil e a necessidade de esclarecimento \u00e0 popula\u00e7\u00e3o escolar, torna-se de alta relev\u00e2ncia este projeto, que tem como OBJETIVOS: Trabalhar junto \u00e0 comunidade escolar esclarecendo sobre o vetor e a doen\u00e7a que vem causando muitas mortes. Contribuir para a preserva\u00e7\u00e3o da sa\u00fade e incentivar atitudes de preven\u00e7\u00e3o ao mosquito da dengue e tamb\u00e9m prevenir a prolifera\u00e7\u00e3o do mosquito e como consequ\u00eancia a doen\u00e7a.<\/p>\n<p>Depois do tema ser trabalhado em sala de aula com o apoio de todos professores e alunos, foi realizada uma caminhada pela comunidade escolar afim de aprimorar os conhecimentos sobre a import\u00e2ncia de prevenir a prolifera\u00e7\u00e3o do mosquito que \u00e9 o transmissor de doen\u00e7as que podem trazer graves consequ\u00eancias.<\/p>\n<p><a href=\"http:\/\/redesow.faccat.br\/wordpress\/ceataquara\/wp-content\/uploads\/sites\/15\/Dengue-1.jpg\"><img loading=\"lazy\" decoding=\"async\" class=\"size-medium wp-image-4731 alignleft\" src=\"http:\/\/redesow.faccat.br\/wordpress\/ceataquara\/wp-content\/uploads\/sites\/15\/Dengue-1-225x300.jpg\" alt=\"Dengue 1\" width=\"225\" height=\"300\" srcset=\"https:\/\/redesow.faccat.br\/wordpress\/ceataquara\/wp-content\/uploads\/sites\/15\/Dengue-1-225x300.jpg 225w, https:\/\/redesow.faccat.br\/wordpress\/ceataquara\/wp-content\/uploads\/sites\/15\/Dengue-1-113x150.jpg 113w, https:\/\/redesow.faccat.br\/wordpress\/ceataquara\/wp-content\/uploads\/sites\/15\/Dengue-1-450x600.jpg 450w, https:\/\/redesow.faccat.br\/wordpress\/ceataquara\/wp-content\/uploads\/sites\/15\/Dengue-1.jpg 960w\" sizes=\"auto, (max-width: 225px) 100vw, 225px\" \/><\/a><a href=\"http:\/\/redesow.faccat.br\/wordpress\/ceataquara\/wp-content\/uploads\/sites\/15\/Dengue-2.jpg\"><img loading=\"lazy\" decoding=\"async\" class=\"alignnone size-medium wp-image-4732\" src=\"http:\/\/redesow.faccat.br\/wordpress\/ceataquara\/wp-content\/uploads\/sites\/15\/Dengue-2-225x300.jpg\" alt=\"Dengue 2\" width=\"225\" height=\"300\" srcset=\"https:\/\/redesow.faccat.br\/wordpress\/ceataquara\/wp-content\/uploads\/sites\/15\/Dengue-2-225x300.jpg 225w, https:\/\/redesow.faccat.br\/wordpress\/ceataquara\/wp-content\/uploads\/sites\/15\/Dengue-2-113x150.jpg 113w, https:\/\/redesow.faccat.br\/wordpress\/ceataquara\/wp-content\/uploads\/sites\/15\/Dengue-2-450x600.jpg 450w, https:\/\/redesow.faccat.br\/wordpress\/ceataquara\/wp-content\/uploads\/sites\/15\/Dengue-2.jpg 960w\" sizes=\"auto, (max-width: 225px) 100vw, 225px\" \/><\/a><\/p>\n<p>CAMINHADA PELA COMUNIDADE<\/p>\n","protected":false},"excerpt":{"rendered":"<p>A ESCOLA MUNICIPAL DE ENSINO FUNDAMENTAL ANT\u00d4NIO MARTINS RANGEL est\u00e1 desenvolvendo o projeto: \u201cAedes aegypti: um problema de sa\u00fade p\u00fablica\u201d. Tendo conhecimento que o ano de 2016 come\u00e7ou com aumento dos casos de dengue e divulga\u00e7\u00e3o do surgimento de casos da chikungunya e zika e sabendo da epidemia que assola v\u00e1rias regi\u00f5es do Brasil e a necessidade de esclarecimento \u00e0 popula\u00e7\u00e3o escolar, torna-se de alta relev\u00e2ncia este projeto, que tem como OBJETIVOS: Trabalhar junto \u00e0 comunidade escolar esclarecendo sobre o vetor e a doen\u00e7a que vem causando muitas mortes. Contribuir para a preserva\u00e7\u00e3o da sa\u00fade e incentivar atitudes de preven\u00e7\u00e3o ao mosquito da dengue e tamb\u00e9m prevenir a prolifera\u00e7\u00e3o do mosquito e como consequ\u00eancia a doen\u00e7a. Depois do tema ser trabalhado em sala de aula com o apoio de todos professores e alunos, foi realizada uma caminhada pela comunidade escolar &hellip; <a href=\"https:\/\/redesow.faccat.br\/wordpress\/ceataquara\/arquivos\/4736\">Continua<\/a><\/p>\n","protected":false},"author":202,"featured_media":0,"comment_status":"open","ping_status":"open","sticky":false,"template":"","format":"standard","meta":{"footnotes":""},"categories":[13],"tags":[],"class_list":["post-4736","post","type-post","status-publish","format-standard","hentry","category-antonio"],"_links":{"self":[{"href":"https:\/\/redesow.faccat.br\/wordpress\/ceataquara\/wp-json\/wp\/v2\/posts\/4736","targetHints":{"allow":["GET"]}}],"collection":[{"href":"https:\/\/redesow.faccat.br\/wordpress\/ceataquara\/wp-json\/wp\/v2\/posts"}],"about":[{"href":"https:\/\/redesow.faccat.br\/wordpress\/ceataquara\/wp-json\/wp\/v2\/types\/post"}],"author":[{"embeddable":true,"href":"https:\/\/redesow.faccat.br\/wordpress\/ceataquara\/wp-json\/wp\/v2\/users\/202"}],"replies":[{"embeddable":true,"href":"https:\/\/redesow.faccat.br\/wordpress\/ceataquara\/wp-json\/wp\/v2\/comments?post=4736"}],"version-history":[{"count":1,"href":"https:\/\/redesow.faccat.br\/wordpress\/ceataquara\/wp-json\/wp\/v2\/posts\/4736\/revisions"}],"predecessor-version":[{"id":4737,"href":"https:\/\/redesow.faccat.br\/wordpress\/ceataquara\/wp-json\/wp\/v2\/posts\/4736\/revisions\/4737"}],"wp:attachment":[{"href":"https:\/\/redesow.faccat.br\/wordpress\/ceataquara\/wp-json\/wp\/v2\/media?parent=4736"}],"wp:term":[{"taxonomy":"category","embeddable":true,"href":"https:\/\/redesow.faccat.br\/wordpress\/ceataquara\/wp-json\/wp\/v2\/categories?post=4736"},{"taxonomy":"post_tag","embeddable":true,"href":"https:\/\/redesow.faccat.br\/wordpress\/ceataquara\/wp-json\/wp\/v2\/tags?post=4736"}],"curies":[{"name":"wp","href":"https:\/\/api.w.org\/{rel}","templated":true}]}}