{"id":4988,"date":"2016-08-16T01:30:01","date_gmt":"2016-08-15T22:30:01","guid":{"rendered":"http:\/\/redesow.faccat.br\/wordpress\/ceataquara\/?p=4988"},"modified":"2016-11-26T05:30:59","modified_gmt":"2016-11-26T02:30:59","slug":"4988","status":"publish","type":"post","link":"https:\/\/redesow.faccat.br\/wordpress\/ceataquara\/arquivos\/4988","title":{"rendered":"INCENTIVANDO A ALIMENTA\u00c7\u00c3O SAUD\u00c1VEL"},"content":{"rendered":"<p style=\"text-align: center\">ESCOLA MUNICIPAL DE ENSINO FUNDAMENTAL ARLINDO MARTINI<\/p>\n<p style=\"text-align: center\">SA\u00daDE DE QUALIDADE: INCENTIVO A UMA ALIMENTA\u00c7\u00c3O SAUD\u00c1VEL \u2013 SONHO 4\/ A\u00c7\u00c3O 1<\/p>\n<p>&nbsp;<\/p>\n<p>Ter uma alimenta\u00e7\u00e3o saud\u00e1vel \u00e9 algo que precisa ser ensinado e incentivado desde pequeno. E como a fam\u00edlia, a escola tamb\u00e9m exerce um importante papel em prol de uma alimenta\u00e7\u00e3o que seja de qualidade e venha beneficiar a sa\u00fade. Esta meta se estende ao longo do ano letivo, sendo realizada paralela as outras atividades previstas conforme os sonhos escolhidos para alcan\u00e7armos em 2016.<\/p>\n<p>O grupo do COM-VIDA iniciou a limpeza e revitaliza\u00e7\u00e3o da horta com organiza\u00e7\u00e3o de canteiros, coloca\u00e7\u00e3o de adubo org\u00e2nico retirado da nossa composteira e plantio de mudas. E na Semana do Meio Ambiente foram realizadas atividades com todas as turmas da escola (pr\u00e9 ao 5\u00ba ano), onde cada turma fez o plantio e estudou sobre os benef\u00edcios para a sa\u00fade, conforme o que plantou. A turma da pr\u00e9-escola plantou mudinhas de beterraba; 1\u00ba e 2\u00ba ano plantaram alface; 3\u00ba ano semeou cenoura e plantou temperinhos (salsinha e cebolinha); a turma do 4\u00ba ano plantou morango e os alunos do 5\u00ba ano fizeram o plantio de couve.<\/p>\n<p>Os alunos da escola ficam respons\u00e1veis pela irriga\u00e7\u00e3o dos canteiros quando preciso, conforme a professora respons\u00e1vel pelo COM-VIDA solicita.<\/p>\n<p>Em julho\u00a0realizamos\u00a0a colheita de alface, que foi plantada na Semana do Meio Ambiente pelos alunos da 111 e 121.\u00a0Quem ajudou na colheita foram\u00a0os alunos da turma 131 e da COM-VIDA, levando at\u00e9 a cozinha para a merendeira preparar um gostoso lanche.<\/p>\n<figure id=\"attachment_5003\" class=\"thumbnail wp-caption alignnone\" style=\"width: 337px\"><a href=\"http:\/\/redesow.faccat.br\/wordpress\/ceataquara\/wp-content\/uploads\/sites\/15\/WP_20160705_041.jpg\"><img loading=\"lazy\" decoding=\"async\" class=\"size-large wp-image-5003\" src=\"http:\/\/redesow.faccat.br\/wordpress\/ceataquara\/wp-content\/uploads\/sites\/15\/WP_20160705_041-337x600.jpg\" alt=\"CANTEIRO DE ALFACES PLANTADO PELO 1\u00ba E 2\u00ba ANO\" width=\"337\" height=\"600\" srcset=\"https:\/\/redesow.faccat.br\/wordpress\/ceataquara\/wp-content\/uploads\/sites\/15\/WP_20160705_041-337x600.jpg 337w, https:\/\/redesow.faccat.br\/wordpress\/ceataquara\/wp-content\/uploads\/sites\/15\/WP_20160705_041-84x150.jpg 84w, https:\/\/redesow.faccat.br\/wordpress\/ceataquara\/wp-content\/uploads\/sites\/15\/WP_20160705_041-169x300.jpg 169w, https:\/\/redesow.faccat.br\/wordpress\/ceataquara\/wp-content\/uploads\/sites\/15\/WP_20160705_041.jpg 1456w\" sizes=\"auto, (max-width: 337px) 100vw, 337px\" \/><\/a><figcaption class=\"caption wp-caption-text\">CANTEIRO DE ALFACES PLANTADO PELO 1\u00ba E 2\u00ba ANO<\/figcaption><\/figure>\n<figure id=\"attachment_4990\" class=\"thumbnail wp-caption alignnone\" style=\"width: 600px\"><a href=\"http:\/\/redesow.faccat.br\/wordpress\/ceataquara\/wp-content\/uploads\/sites\/15\/WP_20160705_068.jpg\"><img loading=\"lazy\" decoding=\"async\" class=\"size-large wp-image-4990\" src=\"http:\/\/redesow.faccat.br\/wordpress\/ceataquara\/wp-content\/uploads\/sites\/15\/WP_20160705_068-600x337.jpg\" alt=\"Aluno COM-VIDA colhendo alface\" width=\"600\" height=\"337\" srcset=\"https:\/\/redesow.faccat.br\/wordpress\/ceataquara\/wp-content\/uploads\/sites\/15\/WP_20160705_068-600x337.jpg 600w, https:\/\/redesow.faccat.br\/wordpress\/ceataquara\/wp-content\/uploads\/sites\/15\/WP_20160705_068-150x84.jpg 150w, https:\/\/redesow.faccat.br\/wordpress\/ceataquara\/wp-content\/uploads\/sites\/15\/WP_20160705_068-300x169.jpg 300w\" sizes=\"auto, (max-width: 600px) 100vw, 600px\" \/><\/a><figcaption class=\"caption wp-caption-text\">Aluno da COM-VIDA colhendo alface<\/figcaption><\/figure>\n<p>&nbsp;<\/p>\n<figure id=\"attachment_5001\" class=\"thumbnail wp-caption alignnone\" style=\"width: 337px\"><a href=\"http:\/\/redesow.faccat.br\/wordpress\/ceataquara\/wp-content\/uploads\/sites\/15\/WP_20160711_009.jpg\"><img loading=\"lazy\" decoding=\"async\" class=\"size-large wp-image-5001\" src=\"http:\/\/redesow.faccat.br\/wordpress\/ceataquara\/wp-content\/uploads\/sites\/15\/WP_20160711_009-337x600.jpg\" alt=\"ALUNA DA TURMA 131 FAZENDO A COLHEITA\" width=\"337\" height=\"600\" srcset=\"https:\/\/redesow.faccat.br\/wordpress\/ceataquara\/wp-content\/uploads\/sites\/15\/WP_20160711_009-337x600.jpg 337w, https:\/\/redesow.faccat.br\/wordpress\/ceataquara\/wp-content\/uploads\/sites\/15\/WP_20160711_009-84x150.jpg 84w, https:\/\/redesow.faccat.br\/wordpress\/ceataquara\/wp-content\/uploads\/sites\/15\/WP_20160711_009-169x300.jpg 169w, https:\/\/redesow.faccat.br\/wordpress\/ceataquara\/wp-content\/uploads\/sites\/15\/WP_20160711_009.jpg 1456w\" sizes=\"auto, (max-width: 337px) 100vw, 337px\" \/><\/a><figcaption class=\"caption wp-caption-text\">ALUNA DA TURMA 131 FAZENDO A COLHEITA<\/figcaption><\/figure>\n<p>&nbsp;<\/p>\n<figure id=\"attachment_4996\" class=\"thumbnail wp-caption alignnone\" style=\"width: 600px\"><a href=\"http:\/\/redesow.faccat.br\/wordpress\/ceataquara\/wp-content\/uploads\/sites\/15\/WP_20160705_016.jpg\"><img loading=\"lazy\" decoding=\"async\" class=\"size-large wp-image-4996\" src=\"http:\/\/redesow.faccat.br\/wordpress\/ceataquara\/wp-content\/uploads\/sites\/15\/WP_20160705_016-600x337.jpg\" alt=\"NOSSA COLHEITA\" width=\"600\" height=\"337\" srcset=\"https:\/\/redesow.faccat.br\/wordpress\/ceataquara\/wp-content\/uploads\/sites\/15\/WP_20160705_016-600x337.jpg 600w, https:\/\/redesow.faccat.br\/wordpress\/ceataquara\/wp-content\/uploads\/sites\/15\/WP_20160705_016-150x84.jpg 150w, https:\/\/redesow.faccat.br\/wordpress\/ceataquara\/wp-content\/uploads\/sites\/15\/WP_20160705_016-300x169.jpg 300w\" sizes=\"auto, (max-width: 600px) 100vw, 600px\" \/><\/a><figcaption class=\"caption wp-caption-text\">NOSSA COLHEITA<\/figcaption><\/figure>\n<p>&nbsp;<\/p>\n<figure id=\"attachment_4997\" class=\"thumbnail wp-caption alignnone\" style=\"width: 600px\"><a href=\"http:\/\/redesow.faccat.br\/wordpress\/ceataquara\/wp-content\/uploads\/sites\/15\/WP_20160705_017.jpg\"><img loading=\"lazy\" decoding=\"async\" class=\"size-large wp-image-4997\" src=\"http:\/\/redesow.faccat.br\/wordpress\/ceataquara\/wp-content\/uploads\/sites\/15\/WP_20160705_017-600x337.jpg\" alt=\"ENTREGANDO PARA A MERENDEIRA\" width=\"600\" height=\"337\" srcset=\"https:\/\/redesow.faccat.br\/wordpress\/ceataquara\/wp-content\/uploads\/sites\/15\/WP_20160705_017-600x337.jpg 600w, https:\/\/redesow.faccat.br\/wordpress\/ceataquara\/wp-content\/uploads\/sites\/15\/WP_20160705_017-150x84.jpg 150w, https:\/\/redesow.faccat.br\/wordpress\/ceataquara\/wp-content\/uploads\/sites\/15\/WP_20160705_017-300x169.jpg 300w\" sizes=\"auto, (max-width: 600px) 100vw, 600px\" \/><\/a><figcaption class=\"caption wp-caption-text\">ENTREGANDO PARA A MERENDEIRA<\/figcaption><\/figure>\n<p>&nbsp;<\/p>\n<figure id=\"attachment_4998\" class=\"thumbnail wp-caption alignnone\" style=\"width: 337px\"><a href=\"http:\/\/redesow.faccat.br\/wordpress\/ceataquara\/wp-content\/uploads\/sites\/15\/WP_20160705_056.jpg\"><img loading=\"lazy\" decoding=\"async\" class=\"size-large wp-image-4998\" src=\"http:\/\/redesow.faccat.br\/wordpress\/ceataquara\/wp-content\/uploads\/sites\/15\/WP_20160705_056-337x600.jpg\" alt=\"MOMENTO DE SABOREAR\" width=\"337\" height=\"600\" srcset=\"https:\/\/redesow.faccat.br\/wordpress\/ceataquara\/wp-content\/uploads\/sites\/15\/WP_20160705_056-337x600.jpg 337w, https:\/\/redesow.faccat.br\/wordpress\/ceataquara\/wp-content\/uploads\/sites\/15\/WP_20160705_056-84x150.jpg 84w, https:\/\/redesow.faccat.br\/wordpress\/ceataquara\/wp-content\/uploads\/sites\/15\/WP_20160705_056-169x300.jpg 169w, https:\/\/redesow.faccat.br\/wordpress\/ceataquara\/wp-content\/uploads\/sites\/15\/WP_20160705_056.jpg 1456w\" sizes=\"auto, (max-width: 337px) 100vw, 337px\" \/><\/a><figcaption class=\"caption wp-caption-text\">MOMENTO DE SABOREAR<\/figcaption><\/figure>\n<p>&nbsp;<\/p>\n<figure id=\"attachment_5002\" class=\"thumbnail wp-caption alignnone\" style=\"width: 337px\"><a href=\"http:\/\/redesow.faccat.br\/wordpress\/ceataquara\/wp-content\/uploads\/sites\/15\/WP_20160712_001.jpg\"><img loading=\"lazy\" decoding=\"async\" class=\"size-large wp-image-5002\" src=\"http:\/\/redesow.faccat.br\/wordpress\/ceataquara\/wp-content\/uploads\/sites\/15\/WP_20160712_001-337x600.jpg\" alt=\"MOMENTO DE SABOREAR II - ALUNA DO 2\u00ba ANO\" width=\"337\" height=\"600\" srcset=\"https:\/\/redesow.faccat.br\/wordpress\/ceataquara\/wp-content\/uploads\/sites\/15\/WP_20160712_001-337x600.jpg 337w, https:\/\/redesow.faccat.br\/wordpress\/ceataquara\/wp-content\/uploads\/sites\/15\/WP_20160712_001-84x150.jpg 84w, https:\/\/redesow.faccat.br\/wordpress\/ceataquara\/wp-content\/uploads\/sites\/15\/WP_20160712_001-169x300.jpg 169w, https:\/\/redesow.faccat.br\/wordpress\/ceataquara\/wp-content\/uploads\/sites\/15\/WP_20160712_001.jpg 1456w\" sizes=\"auto, (max-width: 337px) 100vw, 337px\" \/><\/a><figcaption class=\"caption wp-caption-text\">MOMENTO DE SABOREAR II &#8211; ALUNA DO 2\u00ba ANO<\/figcaption><\/figure>\n<p>&nbsp;<\/p>\n","protected":false},"excerpt":{"rendered":"<p>ESCOLA MUNICIPAL DE ENSINO FUNDAMENTAL ARLINDO MARTINI SA\u00daDE DE QUALIDADE: INCENTIVO A UMA ALIMENTA\u00c7\u00c3O SAUD\u00c1VEL \u2013 SONHO 4\/ A\u00c7\u00c3O 1 &nbsp; Ter uma alimenta\u00e7\u00e3o saud\u00e1vel \u00e9 algo que precisa ser ensinado e incentivado desde pequeno. E como a fam\u00edlia, a escola tamb\u00e9m exerce um importante papel em prol de uma alimenta\u00e7\u00e3o que seja de qualidade e venha beneficiar a sa\u00fade. Esta meta se estende ao longo do ano letivo, sendo realizada paralela as outras atividades previstas conforme os sonhos escolhidos para alcan\u00e7armos em 2016. O grupo do COM-VIDA iniciou a limpeza e revitaliza\u00e7\u00e3o da horta com organiza\u00e7\u00e3o de canteiros, coloca\u00e7\u00e3o de adubo org\u00e2nico retirado da nossa composteira e plantio de mudas. E na Semana do Meio Ambiente foram realizadas atividades com todas as turmas da escola (pr\u00e9 ao 5\u00ba ano), onde cada turma fez o plantio e estudou sobre os &hellip; <a href=\"https:\/\/redesow.faccat.br\/wordpress\/ceataquara\/arquivos\/4988\">Continua<\/a><\/p>\n","protected":false},"author":151,"featured_media":0,"comment_status":"open","ping_status":"open","sticky":false,"template":"","format":"standard","meta":{"footnotes":""},"categories":[14],"tags":[],"class_list":["post-4988","post","type-post","status-publish","format-standard","hentry","category-arlindo"],"_links":{"self":[{"href":"https:\/\/redesow.faccat.br\/wordpress\/ceataquara\/wp-json\/wp\/v2\/posts\/4988","targetHints":{"allow":["GET"]}}],"collection":[{"href":"https:\/\/redesow.faccat.br\/wordpress\/ceataquara\/wp-json\/wp\/v2\/posts"}],"about":[{"href":"https:\/\/redesow.faccat.br\/wordpress\/ceataquara\/wp-json\/wp\/v2\/types\/post"}],"author":[{"embeddable":true,"href":"https:\/\/redesow.faccat.br\/wordpress\/ceataquara\/wp-json\/wp\/v2\/users\/151"}],"replies":[{"embeddable":true,"href":"https:\/\/redesow.faccat.br\/wordpress\/ceataquara\/wp-json\/wp\/v2\/comments?post=4988"}],"version-history":[{"count":3,"href":"https:\/\/redesow.faccat.br\/wordpress\/ceataquara\/wp-json\/wp\/v2\/posts\/4988\/revisions"}],"predecessor-version":[{"id":6058,"href":"https:\/\/redesow.faccat.br\/wordpress\/ceataquara\/wp-json\/wp\/v2\/posts\/4988\/revisions\/6058"}],"wp:attachment":[{"href":"https:\/\/redesow.faccat.br\/wordpress\/ceataquara\/wp-json\/wp\/v2\/media?parent=4988"}],"wp:term":[{"taxonomy":"category","embeddable":true,"href":"https:\/\/redesow.faccat.br\/wordpress\/ceataquara\/wp-json\/wp\/v2\/categories?post=4988"},{"taxonomy":"post_tag","embeddable":true,"href":"https:\/\/redesow.faccat.br\/wordpress\/ceataquara\/wp-json\/wp\/v2\/tags?post=4988"}],"curies":[{"name":"wp","href":"https:\/\/api.w.org\/{rel}","templated":true}]}}