{"id":5053,"date":"2016-08-19T01:51:37","date_gmt":"2016-08-18T22:51:37","guid":{"rendered":"http:\/\/redesow.faccat.br\/wordpress\/ceataquara\/?p=5053"},"modified":"2016-08-19T01:51:37","modified_gmt":"2016-08-18T22:51:37","slug":"projeto-cientifico-da-com-vida","status":"publish","type":"post","link":"https:\/\/redesow.faccat.br\/wordpress\/ceataquara\/arquivos\/5053","title":{"rendered":"Projeto Cient\u00edfico da COM VIDA"},"content":{"rendered":"<p>No decorrer das semanas de agosto, na EMEF Zeferino Vicente Neves Filho, a professora Milena, juntamente com os alunos da COM VIDA e demais professores e funcion\u00e1rios da escola, escolheram qual seria o projeto do grupo.<\/p>\n<p>Levando em conta os ODS&#8217;s e as principais &#8220;Pedras no Caminho&#8221; da nossa institui\u00e7\u00e3o, segue abaixo o tema escolhido.<\/p>\n<p><strong>TEMA:<\/strong> Horta escolar na EMEF Zeferino Vicente Neves Filho<\/p>\n<p><strong>PROBLEMA:<\/strong>\u00a0 Por que na nossa horta n\u00e3o d\u00e1 plantas?<\/p>\n<p><strong>HIP\u00d3TESES:<\/strong> 1- Porque a terra n\u00e3o \u00e9 f\u00e9rtil. 2- Devido aos maus cuidados com a terra e as plantas. 3- Porque os alunos n\u00e3o cuidam e acabam passando no meio da horta.<\/p>\n<p><strong>OBJETIVO GRAL:<\/strong> Colher plantas da horta at\u00e9 o final do ano letivo.<\/p>\n<p><strong>OBJETIVO ESPEC\u00cdFICO: <\/strong>Conseguir deixar a terra f\u00e9rtil para o ano de 2017.<\/p>\n<p><strong>METODOLOGIA:<\/strong> Ap\u00f3s uma an\u00e1lise com os alunos da Com Vida, verificamos que nossa escola estava precisando de uma horta saud\u00e1vel que rendesse boas plantas para as nossas refei\u00e7\u00f5es. Como a escola fica no interior, \u00e9 normal vermos nas casas modelos de hortas convencionais e foi nestes modelos que nos baseamos para imaginarmos a nossa. \u00a0Primeiramente a professora fez com os alunos uma \u201cbrincadeira de degusta\u00e7\u00e3o\u201d para que eles experimentassem os produtos que eram vi\u00e1veis para o plantio. Mas nosso solo \u00e9 pouco f\u00e9rtil, precisamos pedir areia preta (ou areia com adubo) para nossa vizinha que sempre nos ajuda com estes recursos. Com isso come\u00e7amos a fazer os canteiros e at\u00e9 umas planta\u00e7\u00f5es com a ajuda da pr\u00e9 &#8211; escola, mas os canteiros n\u00e3o estavam atraentes, ent\u00e3o resolvemos mudar tudo.<\/p>\n<p>Pensando no meio ambiente, tivemos a ideia de utilizar garrafas pet nos canteiros, achamos um modelo de canteiro na internet com variadas (cora\u00e7\u00e3o, estrela, ret\u00e2ngulo) que nos agradou. A partir da\u00ed come\u00e7aremos as medi\u00e7\u00f5es com a ajuda do professor de matem\u00e1tica para padronizar a horta. Depois, espalharemos a areia preta \u00a0por dentro dos canteiros e adubaremos com adubo da nossa composteira e em seguida iniciaremos o plantio e a observa\u00e7\u00e3o com a ajuda do projeto fiscal da \u00e1gua, que vai molhar as plantas e cuid\u00e1-las nos dias em que a COM VIDA n\u00e3o se encontra na escola para o projeto.<\/p>\n<p><strong>\u00a0<\/strong><\/p>\n<p><strong>CRONOGRAMA:<\/strong><\/p>\n<table>\n<tbody>\n<tr>\n<td width=\"288\">Dia e m\u00eas<\/td>\n<td width=\"288\">O que fazer?<\/td>\n<\/tr>\n<tr>\n<td width=\"288\">09\/08\/2016<\/td>\n<td width=\"288\">In\u00edcio das formas para a horta.<\/td>\n<\/tr>\n<tr>\n<td width=\"288\">16\/08\/2016<\/td>\n<td width=\"288\">Coloca\u00e7\u00e3o das garrafas pet, prepara\u00e7\u00e3o e aduba\u00e7\u00e3o org\u00e2nico da \u00e1rea.<\/td>\n<\/tr>\n<tr>\n<td width=\"288\">23\/08\/2016<\/td>\n<td width=\"288\">Aduba\u00e7\u00e3o da horta (mexer a terra) e in\u00edcio do plantio.<\/td>\n<\/tr>\n<tr>\n<td width=\"288\">30\/08\/2016<\/td>\n<td width=\"288\">Final do plantio e mexer a terra.<\/td>\n<\/tr>\n<tr>\n<td width=\"288\">06\/09\/2016<\/td>\n<td width=\"288\">Mexer a terra e molhar as plantas.<\/td>\n<\/tr>\n<tr>\n<td width=\"288\">13\/09\/2016<\/td>\n<td width=\"288\">Mexer a terra e molhar as plantas.<\/td>\n<\/tr>\n<tr>\n<td width=\"288\">20\/09\/2016<\/td>\n<td width=\"288\">Mexer a terra e molhar as plantas.<\/td>\n<\/tr>\n<tr>\n<td width=\"288\">27\/09\/2016<\/td>\n<td width=\"288\">Mexer a terra e molhar as plantas.<\/td>\n<\/tr>\n<tr>\n<td width=\"288\">04\/10\/2016<\/td>\n<td width=\"288\">In\u00edcio da colheita.<\/td>\n<\/tr>\n<\/tbody>\n<\/table>\n<p>&nbsp;<\/p>\n<p>&nbsp;<\/p>\n<p>&nbsp;<\/p>\n<p><strong>RECURSOS:<\/strong> Em valores reais, vai custar na base de R$1,50 a cada 12 unidades de mudas.<\/p>\n<p><strong>RESULTADOS ESPERADOS:<\/strong> Esperamos at\u00e9 o final do projeto, conscientizar os alunos para n\u00e3o estragarem os canteiros e tamb\u00e9m conseguirmos fazer uma refei\u00e7\u00e3o com aquilo que colhermos do nosso pr\u00f3prio plantio.<\/p>\n<p><strong>REFERENCIAS:<\/strong><\/p>\n<p>bvsms.saude.gov.br\/bvs\/publicacoes\/horta.pdf<\/p>\n<p>www1.palhoca.sc.gov.br\/editais\/files\/projeto_horta_escolar_palhoca.pdf<\/p>\n<p>www.educacao.go.gov.br\/documentos\/nucleomeioambiente\/Caderno_horta.pdf<\/p>\n<p>portal.mec.gov.br\/component\/tags\/tag\/33451<\/p>\n<p>BRASIL.\u00a0<em>Diretrizes Curriculares Nacionais Gerais da Educa\u00e7\u00e3o B\u00e1sica.<\/em>\u00a0Bras\u00edlia: MEC, SEB, DICEI, 2013.<\/p>\n<p>&nbsp;<\/p>\n","protected":false},"excerpt":{"rendered":"<p>No decorrer das semanas de agosto, na EMEF Zeferino Vicente Neves Filho, a professora Milena, juntamente com os alunos da COM VIDA e demais professores e funcion\u00e1rios da escola, escolheram qual seria o projeto do grupo. Levando em conta os ODS&#8217;s e as principais &#8220;Pedras no Caminho&#8221; da nossa institui\u00e7\u00e3o, segue abaixo o tema escolhido. TEMA: Horta escolar na EMEF Zeferino Vicente Neves Filho PROBLEMA:\u00a0 Por que na nossa horta n\u00e3o d\u00e1 plantas? HIP\u00d3TESES: 1- Porque a terra n\u00e3o \u00e9 f\u00e9rtil. 2- Devido aos maus cuidados com a terra e as plantas. 3- Porque os alunos n\u00e3o cuidam e acabam passando no meio da horta. OBJETIVO GRAL: Colher plantas da horta at\u00e9 o final do ano letivo. OBJETIVO ESPEC\u00cdFICO: Conseguir deixar a terra f\u00e9rtil para o ano de 2017. METODOLOGIA: Ap\u00f3s uma an\u00e1lise com os alunos da Com Vida, verificamos &hellip; <a href=\"https:\/\/redesow.faccat.br\/wordpress\/ceataquara\/arquivos\/5053\">Continua<\/a><\/p>\n","protected":false},"author":208,"featured_media":0,"comment_status":"open","ping_status":"open","sticky":false,"template":"","format":"standard","meta":{"footnotes":""},"categories":[29],"tags":[],"class_list":["post-5053","post","type-post","status-publish","format-standard","hentry","category-zeferino"],"_links":{"self":[{"href":"https:\/\/redesow.faccat.br\/wordpress\/ceataquara\/wp-json\/wp\/v2\/posts\/5053","targetHints":{"allow":["GET"]}}],"collection":[{"href":"https:\/\/redesow.faccat.br\/wordpress\/ceataquara\/wp-json\/wp\/v2\/posts"}],"about":[{"href":"https:\/\/redesow.faccat.br\/wordpress\/ceataquara\/wp-json\/wp\/v2\/types\/post"}],"author":[{"embeddable":true,"href":"https:\/\/redesow.faccat.br\/wordpress\/ceataquara\/wp-json\/wp\/v2\/users\/208"}],"replies":[{"embeddable":true,"href":"https:\/\/redesow.faccat.br\/wordpress\/ceataquara\/wp-json\/wp\/v2\/comments?post=5053"}],"version-history":[{"count":1,"href":"https:\/\/redesow.faccat.br\/wordpress\/ceataquara\/wp-json\/wp\/v2\/posts\/5053\/revisions"}],"predecessor-version":[{"id":5054,"href":"https:\/\/redesow.faccat.br\/wordpress\/ceataquara\/wp-json\/wp\/v2\/posts\/5053\/revisions\/5054"}],"wp:attachment":[{"href":"https:\/\/redesow.faccat.br\/wordpress\/ceataquara\/wp-json\/wp\/v2\/media?parent=5053"}],"wp:term":[{"taxonomy":"category","embeddable":true,"href":"https:\/\/redesow.faccat.br\/wordpress\/ceataquara\/wp-json\/wp\/v2\/categories?post=5053"},{"taxonomy":"post_tag","embeddable":true,"href":"https:\/\/redesow.faccat.br\/wordpress\/ceataquara\/wp-json\/wp\/v2\/tags?post=5053"}],"curies":[{"name":"wp","href":"https:\/\/api.w.org\/{rel}","templated":true}]}}