{"id":5314,"date":"2016-10-12T01:41:21","date_gmt":"2016-10-11T22:41:21","guid":{"rendered":"http:\/\/redesow.faccat.br\/wordpress\/ceataquara\/?p=5314"},"modified":"2016-10-12T01:43:56","modified_gmt":"2016-10-11T22:43:56","slug":"mostra-de-trabalhos-com-vida-para-acao","status":"publish","type":"post","link":"https:\/\/redesow.faccat.br\/wordpress\/ceataquara\/arquivos\/5314","title":{"rendered":"Mostra de Trabalhos &#8211; COM-VIDA para A\u00e7\u00e3o"},"content":{"rendered":"<p>\tEscola Em\u00edlio Leichtveis \u2013 EMEL<br \/>\n\tNo dia 30 de setembro, a noite, juntamente com uma janta, ocorreu a Mostra de Trabalhos da escola, para aprecia\u00e7\u00e3o da comunidade.<br \/>\n\tMomento em que pais e demais alunos e professores puderam verificar o que os alunos da COM-VIDA fizeram com os res\u00edduos, em termos de reutiliza\u00e7\u00e3o, al\u00e9m de tomarem conhecimento do Projeto de Pesquisa realizado.<br \/>\n\tEssa atividade contempla uma das propostas do COM-VIDA para A\u00e7\u00e3o.<\/p>\n<figure id=\"attachment_5317\" class=\"thumbnail wp-caption alignright\" style=\"width: 150px\"><a href=\"http:\/\/redesow.faccat.br\/wordpress\/ceataquara\/wp-content\/uploads\/sites\/15\/DSCN1338.jpg\"><img loading=\"lazy\" decoding=\"async\" src=\"http:\/\/redesow.faccat.br\/wordpress\/ceataquara\/wp-content\/uploads\/sites\/15\/DSCN1338-150x113.jpg\" alt=\"Estande da COM-VIDA  e das demais turmas da escola na Mostra de Trabalhos\" width=\"150\" height=\"113\" class=\"size-thumbnail wp-image-5317\" srcset=\"https:\/\/redesow.faccat.br\/wordpress\/ceataquara\/wp-content\/uploads\/sites\/15\/DSCN1338-150x113.jpg 150w, https:\/\/redesow.faccat.br\/wordpress\/ceataquara\/wp-content\/uploads\/sites\/15\/DSCN1338-300x225.jpg 300w, https:\/\/redesow.faccat.br\/wordpress\/ceataquara\/wp-content\/uploads\/sites\/15\/DSCN1338-600x450.jpg 600w\" sizes=\"auto, (max-width: 150px) 100vw, 150px\" \/><\/a><figcaption class=\"caption wp-caption-text\">Estande da COM-VIDA  e das demais turmas da escola na Mostra de Trabalhos<\/figcaption><\/figure>\n<figure id=\"attachment_5316\" class=\"thumbnail wp-caption alignright\" style=\"width: 150px\"><a href=\"http:\/\/redesow.faccat.br\/wordpress\/ceataquara\/wp-content\/uploads\/sites\/15\/DSCN1331.jpg\"><img loading=\"lazy\" decoding=\"async\" src=\"http:\/\/redesow.faccat.br\/wordpress\/ceataquara\/wp-content\/uploads\/sites\/15\/DSCN1331-150x113.jpg\" alt=\"Estande da COM-VIDA na Mostra de Trabalhos \" width=\"150\" height=\"113\" class=\"size-thumbnail wp-image-5316\" srcset=\"https:\/\/redesow.faccat.br\/wordpress\/ceataquara\/wp-content\/uploads\/sites\/15\/DSCN1331-150x113.jpg 150w, https:\/\/redesow.faccat.br\/wordpress\/ceataquara\/wp-content\/uploads\/sites\/15\/DSCN1331-300x225.jpg 300w, https:\/\/redesow.faccat.br\/wordpress\/ceataquara\/wp-content\/uploads\/sites\/15\/DSCN1331-600x450.jpg 600w\" sizes=\"auto, (max-width: 150px) 100vw, 150px\" \/><\/a><figcaption class=\"caption wp-caption-text\">Estande da COM-VIDA na Mostra de Trabalhos<\/figcaption><\/figure>\n<figure id=\"attachment_5315\" class=\"thumbnail wp-caption alignright\" style=\"width: 150px\"><a href=\"http:\/\/redesow.faccat.br\/wordpress\/ceataquara\/wp-content\/uploads\/sites\/15\/DSCN1367.jpg\"><img loading=\"lazy\" decoding=\"async\" src=\"http:\/\/redesow.faccat.br\/wordpress\/ceataquara\/wp-content\/uploads\/sites\/15\/DSCN1367-150x113.jpg\" alt=\"Presen\u00e7a da comunidade na Mostra de Trabalhos\" width=\"150\" height=\"113\" class=\"size-thumbnail wp-image-5315\" srcset=\"https:\/\/redesow.faccat.br\/wordpress\/ceataquara\/wp-content\/uploads\/sites\/15\/DSCN1367-150x113.jpg 150w, https:\/\/redesow.faccat.br\/wordpress\/ceataquara\/wp-content\/uploads\/sites\/15\/DSCN1367-300x225.jpg 300w, https:\/\/redesow.faccat.br\/wordpress\/ceataquara\/wp-content\/uploads\/sites\/15\/DSCN1367-600x450.jpg 600w\" sizes=\"auto, (max-width: 150px) 100vw, 150px\" \/><\/a><figcaption class=\"caption wp-caption-text\">Presen\u00e7a da comunidade na Mostra de Trabalhos<\/figcaption><\/figure>\n","protected":false},"excerpt":{"rendered":"<p>Escola Em\u00edlio Leichtveis \u2013 EMEL No dia 30 de setembro, a noite, juntamente com uma janta, ocorreu a Mostra de Trabalhos da escola, para aprecia\u00e7\u00e3o da comunidade. Momento em que pais e demais alunos e professores puderam verificar o que os alunos da COM-VIDA fizeram com os res\u00edduos, em termos de reutiliza\u00e7\u00e3o, al\u00e9m de tomarem conhecimento do Projeto de Pesquisa realizado. Essa atividade contempla uma das propostas do COM-VIDA para A\u00e7\u00e3o.<\/p>\n","protected":false},"author":152,"featured_media":0,"comment_status":"open","ping_status":"open","sticky":false,"template":"","format":"standard","meta":{"footnotes":""},"categories":[19],"tags":[],"class_list":["post-5314","post","type-post","status-publish","format-standard","hentry","category-emilio"],"_links":{"self":[{"href":"https:\/\/redesow.faccat.br\/wordpress\/ceataquara\/wp-json\/wp\/v2\/posts\/5314","targetHints":{"allow":["GET"]}}],"collection":[{"href":"https:\/\/redesow.faccat.br\/wordpress\/ceataquara\/wp-json\/wp\/v2\/posts"}],"about":[{"href":"https:\/\/redesow.faccat.br\/wordpress\/ceataquara\/wp-json\/wp\/v2\/types\/post"}],"author":[{"embeddable":true,"href":"https:\/\/redesow.faccat.br\/wordpress\/ceataquara\/wp-json\/wp\/v2\/users\/152"}],"replies":[{"embeddable":true,"href":"https:\/\/redesow.faccat.br\/wordpress\/ceataquara\/wp-json\/wp\/v2\/comments?post=5314"}],"version-history":[{"count":3,"href":"https:\/\/redesow.faccat.br\/wordpress\/ceataquara\/wp-json\/wp\/v2\/posts\/5314\/revisions"}],"predecessor-version":[{"id":5320,"href":"https:\/\/redesow.faccat.br\/wordpress\/ceataquara\/wp-json\/wp\/v2\/posts\/5314\/revisions\/5320"}],"wp:attachment":[{"href":"https:\/\/redesow.faccat.br\/wordpress\/ceataquara\/wp-json\/wp\/v2\/media?parent=5314"}],"wp:term":[{"taxonomy":"category","embeddable":true,"href":"https:\/\/redesow.faccat.br\/wordpress\/ceataquara\/wp-json\/wp\/v2\/categories?post=5314"},{"taxonomy":"post_tag","embeddable":true,"href":"https:\/\/redesow.faccat.br\/wordpress\/ceataquara\/wp-json\/wp\/v2\/tags?post=5314"}],"curies":[{"name":"wp","href":"https:\/\/api.w.org\/{rel}","templated":true}]}}