{"id":6140,"date":"2016-12-07T02:54:46","date_gmt":"2016-12-06T23:54:46","guid":{"rendered":"http:\/\/redesow.faccat.br\/wordpress\/ceataquara\/?p=6140"},"modified":"2016-12-12T23:46:08","modified_gmt":"2016-12-12T20:46:08","slug":"aedes-aegypti-iii","status":"publish","type":"post","link":"https:\/\/redesow.faccat.br\/wordpress\/ceataquara\/arquivos\/6140","title":{"rendered":"Aedes Aegypti III"},"content":{"rendered":"<p style=\"text-align: center\">ESCOLA MUNICIPAL DE ENSINO FUNDAMENTAL ARLINDO MARTINI<\/p>\n<p style=\"text-align: center\"><em>LEMBRANDO DOS CUIDADOS PARA COMBATER O MOSQUITO AEDES AEGYPTI<\/em><\/p>\n<p style=\"text-align: left\">COM O CALOR, OS MOSQUITOS VOLTAM A APARECER, E \u00c9 IMPORTANTE LEMBRAR DOS CUIDADOS QUE DEVEMOS TER, PRINCIPALMENTE COM A QUEST\u00c3O DE N\u00c3O DEIXARMOS LOCAIS COM \u00c1GUA PARADA PARA O MOSQUITO N\u00c3O SE PROLIFERAR.<\/p>\n<p style=\"text-align: left\">O GRUPO DA COM-VIDA DA NOSSA ESCOLA, CONFECCIONOU EM EVA UMA LEMBRANCINHA PARA TODOS OS ALUNOS DA ESCOLA, LEMBRANDO ASSIM DOS CUIDADOS QUE DEVEMOS TER PARA ACABARMOS COM O MOSQUITO E CONSEQUENTEMENTE COM AS DOEN\u00c7AS QUE O MESMO TRANSMITE.<\/p>\n<p style=\"text-align: left\">FOI FEITO UM MOSQUITO EM EVA, ONDE FOI ESCRITO &#8220;X\u00d4 DENGUE!!!&#8221;, ESTE QUE FOI COLADO NUM PALITINHO DE CHURRASQUINHO, PARA LEVAREM PARA SUAS CASAS E COLOCAREM DE ENFEITE NOS VASOS DE FLOR, LEMBRANDO ASSIM SUAS FAM\u00cdLIAS TAMB\u00c9M.<\/p>\n<figure id=\"attachment_6142\" class=\"thumbnail wp-caption alignnone\" style=\"width: 600px\"><a href=\"http:\/\/redesow.faccat.br\/wordpress\/ceataquara\/wp-content\/uploads\/sites\/15\/WP_20161206_002.jpg\"><img loading=\"lazy\" decoding=\"async\" class=\"size-large wp-image-6142\" src=\"http:\/\/redesow.faccat.br\/wordpress\/ceataquara\/wp-content\/uploads\/sites\/15\/WP_20161206_002-600x337.jpg\" alt=\"COM - VIDA CONFECCIONANDO A LEMBRAN\u00c7A\" width=\"600\" height=\"337\" srcset=\"https:\/\/redesow.faccat.br\/wordpress\/ceataquara\/wp-content\/uploads\/sites\/15\/WP_20161206_002-600x337.jpg 600w, https:\/\/redesow.faccat.br\/wordpress\/ceataquara\/wp-content\/uploads\/sites\/15\/WP_20161206_002-150x84.jpg 150w, https:\/\/redesow.faccat.br\/wordpress\/ceataquara\/wp-content\/uploads\/sites\/15\/WP_20161206_002-300x169.jpg 300w\" sizes=\"auto, (max-width: 600px) 100vw, 600px\" \/><\/a><figcaption class=\"caption wp-caption-text\">COM &#8211; VIDA CONFECCIONANDO A LEMBRAN\u00c7A<\/figcaption><\/figure>\n<p>&nbsp;<\/p>\n<figure id=\"attachment_6143\" class=\"thumbnail wp-caption alignnone\" style=\"width: 600px\"><a href=\"http:\/\/redesow.faccat.br\/wordpress\/ceataquara\/wp-content\/uploads\/sites\/15\/WP_20161206_005.jpg\"><img loading=\"lazy\" decoding=\"async\" class=\"size-large wp-image-6143\" src=\"http:\/\/redesow.faccat.br\/wordpress\/ceataquara\/wp-content\/uploads\/sites\/15\/WP_20161206_005-600x337.jpg\" alt=\"MODELO DA LEMBRANCINHA\" width=\"600\" height=\"337\" srcset=\"https:\/\/redesow.faccat.br\/wordpress\/ceataquara\/wp-content\/uploads\/sites\/15\/WP_20161206_005-600x337.jpg 600w, https:\/\/redesow.faccat.br\/wordpress\/ceataquara\/wp-content\/uploads\/sites\/15\/WP_20161206_005-150x84.jpg 150w, https:\/\/redesow.faccat.br\/wordpress\/ceataquara\/wp-content\/uploads\/sites\/15\/WP_20161206_005-300x169.jpg 300w\" sizes=\"auto, (max-width: 600px) 100vw, 600px\" \/><\/a><figcaption class=\"caption wp-caption-text\">MODELO DA LEMBRANCINHA<\/figcaption><\/figure>\n<p>&nbsp;<\/p>\n<figure id=\"attachment_6144\" class=\"thumbnail wp-caption alignnone\" style=\"width: 600px\"><a href=\"http:\/\/redesow.faccat.br\/wordpress\/ceataquara\/wp-content\/uploads\/sites\/15\/WP_20161206_007.jpg\"><img loading=\"lazy\" decoding=\"async\" class=\"size-large wp-image-6144\" src=\"http:\/\/redesow.faccat.br\/wordpress\/ceataquara\/wp-content\/uploads\/sites\/15\/WP_20161206_007-600x337.jpg\" alt=\"COM-VIDA ENTREGANDO A LEMBRANCINHA PARA LEVAREM PARA AS FAM\u00cdLIAS\" width=\"600\" height=\"337\" srcset=\"https:\/\/redesow.faccat.br\/wordpress\/ceataquara\/wp-content\/uploads\/sites\/15\/WP_20161206_007-600x337.jpg 600w, https:\/\/redesow.faccat.br\/wordpress\/ceataquara\/wp-content\/uploads\/sites\/15\/WP_20161206_007-150x84.jpg 150w, https:\/\/redesow.faccat.br\/wordpress\/ceataquara\/wp-content\/uploads\/sites\/15\/WP_20161206_007-300x169.jpg 300w\" sizes=\"auto, (max-width: 600px) 100vw, 600px\" \/><\/a><figcaption class=\"caption wp-caption-text\">COM-VIDA ENTREGANDO A LEMBRANCINHA PARA LEVAREM PARA AS FAM\u00cdLIAS<\/figcaption><\/figure>\n<p>&nbsp;<\/p>\n<figure id=\"attachment_6172\" class=\"thumbnail wp-caption alignnone\" style=\"width: 600px\"><a href=\"http:\/\/redesow.faccat.br\/wordpress\/ceataquara\/wp-content\/uploads\/sites\/15\/WP_20161207_012.jpg\"><img loading=\"lazy\" decoding=\"async\" class=\"size-large wp-image-6172\" src=\"http:\/\/redesow.faccat.br\/wordpress\/ceataquara\/wp-content\/uploads\/sites\/15\/WP_20161207_012-600x337.jpg\" alt=\"Aluno da COM-VIDA entregando lembrete contra a dengue para aluno do 5\u00ba ano\" width=\"600\" height=\"337\" srcset=\"https:\/\/redesow.faccat.br\/wordpress\/ceataquara\/wp-content\/uploads\/sites\/15\/WP_20161207_012-600x337.jpg 600w, https:\/\/redesow.faccat.br\/wordpress\/ceataquara\/wp-content\/uploads\/sites\/15\/WP_20161207_012-150x84.jpg 150w, https:\/\/redesow.faccat.br\/wordpress\/ceataquara\/wp-content\/uploads\/sites\/15\/WP_20161207_012-300x169.jpg 300w\" sizes=\"auto, (max-width: 600px) 100vw, 600px\" \/><\/a><figcaption class=\"caption wp-caption-text\">Aluno da COM-VIDA entregando lembrete contra a dengue para aluno do 5\u00ba ano<\/figcaption><\/figure>\n<p>&nbsp;<\/p>\n<figure id=\"attachment_6174\" class=\"thumbnail wp-caption alignnone\" style=\"width: 337px\"><a href=\"http:\/\/redesow.faccat.br\/wordpress\/ceataquara\/wp-content\/uploads\/sites\/15\/WP_20161207_013.jpg\"><img loading=\"lazy\" decoding=\"async\" class=\"size-large wp-image-6174\" src=\"http:\/\/redesow.faccat.br\/wordpress\/ceataquara\/wp-content\/uploads\/sites\/15\/WP_20161207_013-337x600.jpg\" alt=\"Aluno do 5\u00ba ano com lembrete ao Combate do Aedes\" width=\"337\" height=\"600\" srcset=\"https:\/\/redesow.faccat.br\/wordpress\/ceataquara\/wp-content\/uploads\/sites\/15\/WP_20161207_013-337x600.jpg 337w, https:\/\/redesow.faccat.br\/wordpress\/ceataquara\/wp-content\/uploads\/sites\/15\/WP_20161207_013-84x150.jpg 84w, https:\/\/redesow.faccat.br\/wordpress\/ceataquara\/wp-content\/uploads\/sites\/15\/WP_20161207_013-169x300.jpg 169w, https:\/\/redesow.faccat.br\/wordpress\/ceataquara\/wp-content\/uploads\/sites\/15\/WP_20161207_013.jpg 1456w\" sizes=\"auto, (max-width: 337px) 100vw, 337px\" \/><\/a><figcaption class=\"caption wp-caption-text\">Aluno do 5\u00ba ano com lembrete ao Combate do Aedes<\/figcaption><\/figure>\n<p>&nbsp;<\/p>\n<p>&nbsp;<\/p>\n<p>&nbsp;<\/p>\n","protected":false},"excerpt":{"rendered":"<p>ESCOLA MUNICIPAL DE ENSINO FUNDAMENTAL ARLINDO MARTINI LEMBRANDO DOS CUIDADOS PARA COMBATER O MOSQUITO AEDES AEGYPTI COM O CALOR, OS MOSQUITOS VOLTAM A APARECER, E \u00c9 IMPORTANTE LEMBRAR DOS CUIDADOS QUE DEVEMOS TER, PRINCIPALMENTE COM A QUEST\u00c3O DE N\u00c3O DEIXARMOS LOCAIS COM \u00c1GUA PARADA PARA O MOSQUITO N\u00c3O SE PROLIFERAR. O GRUPO DA COM-VIDA DA NOSSA ESCOLA, CONFECCIONOU EM EVA UMA LEMBRANCINHA PARA TODOS OS ALUNOS DA ESCOLA, LEMBRANDO ASSIM DOS CUIDADOS QUE DEVEMOS TER PARA ACABARMOS COM O MOSQUITO E CONSEQUENTEMENTE COM AS DOEN\u00c7AS QUE O MESMO TRANSMITE. FOI FEITO UM MOSQUITO EM EVA, ONDE FOI ESCRITO &#8220;X\u00d4 DENGUE!!!&#8221;, ESTE QUE FOI COLADO NUM PALITINHO DE CHURRASQUINHO, PARA LEVAREM PARA SUAS CASAS E COLOCAREM DE ENFEITE NOS VASOS DE FLOR, LEMBRANDO ASSIM SUAS FAM\u00cdLIAS TAMB\u00c9M. &nbsp; &nbsp; &nbsp; &nbsp; &nbsp; &nbsp; &nbsp;<\/p>\n","protected":false},"author":151,"featured_media":0,"comment_status":"open","ping_status":"open","sticky":false,"template":"","format":"standard","meta":{"footnotes":""},"categories":[14],"tags":[],"class_list":["post-6140","post","type-post","status-publish","format-standard","hentry","category-arlindo"],"_links":{"self":[{"href":"https:\/\/redesow.faccat.br\/wordpress\/ceataquara\/wp-json\/wp\/v2\/posts\/6140","targetHints":{"allow":["GET"]}}],"collection":[{"href":"https:\/\/redesow.faccat.br\/wordpress\/ceataquara\/wp-json\/wp\/v2\/posts"}],"about":[{"href":"https:\/\/redesow.faccat.br\/wordpress\/ceataquara\/wp-json\/wp\/v2\/types\/post"}],"author":[{"embeddable":true,"href":"https:\/\/redesow.faccat.br\/wordpress\/ceataquara\/wp-json\/wp\/v2\/users\/151"}],"replies":[{"embeddable":true,"href":"https:\/\/redesow.faccat.br\/wordpress\/ceataquara\/wp-json\/wp\/v2\/comments?post=6140"}],"version-history":[{"count":4,"href":"https:\/\/redesow.faccat.br\/wordpress\/ceataquara\/wp-json\/wp\/v2\/posts\/6140\/revisions"}],"predecessor-version":[{"id":6175,"href":"https:\/\/redesow.faccat.br\/wordpress\/ceataquara\/wp-json\/wp\/v2\/posts\/6140\/revisions\/6175"}],"wp:attachment":[{"href":"https:\/\/redesow.faccat.br\/wordpress\/ceataquara\/wp-json\/wp\/v2\/media?parent=6140"}],"wp:term":[{"taxonomy":"category","embeddable":true,"href":"https:\/\/redesow.faccat.br\/wordpress\/ceataquara\/wp-json\/wp\/v2\/categories?post=6140"},{"taxonomy":"post_tag","embeddable":true,"href":"https:\/\/redesow.faccat.br\/wordpress\/ceataquara\/wp-json\/wp\/v2\/tags?post=6140"}],"curies":[{"name":"wp","href":"https:\/\/api.w.org\/{rel}","templated":true}]}}