{"id":6153,"date":"2016-12-08T00:54:11","date_gmt":"2016-12-07T21:54:11","guid":{"rendered":"http:\/\/redesow.faccat.br\/wordpress\/ceataquara\/?p=6153"},"modified":"2017-04-12T01:24:38","modified_gmt":"2017-04-11T22:24:38","slug":"maos-em-acao-utilizacao-consciente-da-agua-e-preciso-economizar-agua","status":"publish","type":"post","link":"https:\/\/redesow.faccat.br\/wordpress\/ceataquara\/arquivos\/6153","title":{"rendered":"M\u00e3os em a\u00e7\u00e3o (Utiliza\u00e7\u00e3o consciente da \u00e1gua): \u00c9 preciso economizar \u00e1gua&#8230;"},"content":{"rendered":"<p>Outra a\u00e7\u00e3o da Agenda 21 teve que ser substitu\u00edda (constru\u00e7\u00e3o de uma cisterna). Organizamos um material sobre a economia da \u00e1gua. A ODS envolvida foi: ODS 12: Consumo e Produ\u00e7\u00e3o Respons\u00e1veis.<\/p>\n<p>A turma da COM-VIDA conversou com os alunos do Mater II e tamb\u00e9m com as funcion\u00e1rias sobre a import\u00e2ncia de economizar \u00e1gua, pois ela \u00e9 um bem muito precioso e se n\u00e3o cuidarmos um dia pode faltar. Posteriormente, entregaram gotinhas com frases de conscientiza\u00e7\u00e3o sobre o tema.<\/p>\n<p>&nbsp;<\/p>\n<figure id=\"attachment_6154\" class=\"thumbnail wp-caption aligncenter\" style=\"width: 300px\"><a href=\"http:\/\/redesow.faccat.br\/wordpress\/ceataquara\/wp-content\/uploads\/sites\/15\/20161104_094310.jpg\"><img loading=\"lazy\" decoding=\"async\" class=\"size-medium wp-image-6154\" src=\"http:\/\/redesow.faccat.br\/wordpress\/ceataquara\/wp-content\/uploads\/sites\/15\/20161104_094310-300x225.jpg\" alt=\"Conscientiza\u00e7\u00e3o sobre a economia de \u00e1gua \" width=\"300\" height=\"225\" srcset=\"https:\/\/redesow.faccat.br\/wordpress\/ceataquara\/wp-content\/uploads\/sites\/15\/20161104_094310-300x225.jpg 300w, https:\/\/redesow.faccat.br\/wordpress\/ceataquara\/wp-content\/uploads\/sites\/15\/20161104_094310-150x113.jpg 150w, https:\/\/redesow.faccat.br\/wordpress\/ceataquara\/wp-content\/uploads\/sites\/15\/20161104_094310-600x450.jpg 600w\" sizes=\"auto, (max-width: 300px) 100vw, 300px\" \/><\/a><figcaption class=\"caption wp-caption-text\">Conscientiza\u00e7\u00e3o sobre a economia de \u00e1gua<\/figcaption><\/figure>\n<figure id=\"attachment_6155\" class=\"thumbnail wp-caption aligncenter\" style=\"width: 300px\"><a href=\"http:\/\/redesow.faccat.br\/wordpress\/ceataquara\/wp-content\/uploads\/sites\/15\/WP_20161118_14_52_57_Pro.jpg\"><img loading=\"lazy\" decoding=\"async\" class=\"size-medium wp-image-6155\" src=\"http:\/\/redesow.faccat.br\/wordpress\/ceataquara\/wp-content\/uploads\/sites\/15\/WP_20161118_14_52_57_Pro-300x169.jpg\" alt=\"Entrega das gotinhas para alunos do Mater\" width=\"300\" height=\"169\" srcset=\"https:\/\/redesow.faccat.br\/wordpress\/ceataquara\/wp-content\/uploads\/sites\/15\/WP_20161118_14_52_57_Pro-300x169.jpg 300w, https:\/\/redesow.faccat.br\/wordpress\/ceataquara\/wp-content\/uploads\/sites\/15\/WP_20161118_14_52_57_Pro-150x84.jpg 150w, https:\/\/redesow.faccat.br\/wordpress\/ceataquara\/wp-content\/uploads\/sites\/15\/WP_20161118_14_52_57_Pro-600x337.jpg 600w\" sizes=\"auto, (max-width: 300px) 100vw, 300px\" \/><\/a><figcaption class=\"caption wp-caption-text\">Entrega das gotinhas para alunos do Mater<\/figcaption><\/figure>\n","protected":false},"excerpt":{"rendered":"<p>Outra a\u00e7\u00e3o da Agenda 21 teve que ser substitu\u00edda (constru\u00e7\u00e3o de uma cisterna). Organizamos um material sobre a economia da \u00e1gua. A ODS envolvida foi: ODS 12: Consumo e Produ\u00e7\u00e3o Respons\u00e1veis. A turma da COM-VIDA conversou com os alunos do Mater II e tamb\u00e9m com as funcion\u00e1rias sobre a import\u00e2ncia de economizar \u00e1gua, pois ela \u00e9 um bem muito precioso e se n\u00e3o cuidarmos um dia pode faltar. Posteriormente, entregaram gotinhas com frases de conscientiza\u00e7\u00e3o sobre o tema. &nbsp;<\/p>\n","protected":false},"author":160,"featured_media":0,"comment_status":"open","ping_status":"open","sticky":false,"template":"","format":"standard","meta":{"footnotes":""},"categories":[33],"tags":[],"class_list":["post-6153","post","type-post","status-publish","format-standard","hentry","category-mathilde"],"_links":{"self":[{"href":"https:\/\/redesow.faccat.br\/wordpress\/ceataquara\/wp-json\/wp\/v2\/posts\/6153","targetHints":{"allow":["GET"]}}],"collection":[{"href":"https:\/\/redesow.faccat.br\/wordpress\/ceataquara\/wp-json\/wp\/v2\/posts"}],"about":[{"href":"https:\/\/redesow.faccat.br\/wordpress\/ceataquara\/wp-json\/wp\/v2\/types\/post"}],"author":[{"embeddable":true,"href":"https:\/\/redesow.faccat.br\/wordpress\/ceataquara\/wp-json\/wp\/v2\/users\/160"}],"replies":[{"embeddable":true,"href":"https:\/\/redesow.faccat.br\/wordpress\/ceataquara\/wp-json\/wp\/v2\/comments?post=6153"}],"version-history":[{"count":1,"href":"https:\/\/redesow.faccat.br\/wordpress\/ceataquara\/wp-json\/wp\/v2\/posts\/6153\/revisions"}],"predecessor-version":[{"id":6156,"href":"https:\/\/redesow.faccat.br\/wordpress\/ceataquara\/wp-json\/wp\/v2\/posts\/6153\/revisions\/6156"}],"wp:attachment":[{"href":"https:\/\/redesow.faccat.br\/wordpress\/ceataquara\/wp-json\/wp\/v2\/media?parent=6153"}],"wp:term":[{"taxonomy":"category","embeddable":true,"href":"https:\/\/redesow.faccat.br\/wordpress\/ceataquara\/wp-json\/wp\/v2\/categories?post=6153"},{"taxonomy":"post_tag","embeddable":true,"href":"https:\/\/redesow.faccat.br\/wordpress\/ceataquara\/wp-json\/wp\/v2\/tags?post=6153"}],"curies":[{"name":"wp","href":"https:\/\/api.w.org\/{rel}","templated":true}]}}