{"id":643,"date":"2015-05-19T19:28:03","date_gmt":"2015-05-19T16:28:03","guid":{"rendered":"http:\/\/redesow.faccat.br\/wordpress\/ceataquara\/?p=643"},"modified":"2015-06-03T14:55:06","modified_gmt":"2015-06-03T11:55:06","slug":"semana-do-meio-ambiente-da-escola-calisto-elalio-letti","status":"publish","type":"post","link":"https:\/\/redesow.faccat.br\/wordpress\/ceataquara\/arquivos\/643","title":{"rendered":"Semana do Meio Ambiente Da Escola Calisto Eol\u00e1lio Letti."},"content":{"rendered":"<p class=\"western\" style=\"text-align: center\"><span style=\"font-size: large\"><span style=\"text-decoration: underline\"><b>Semana do Meio Ambiente<\/b><\/span><\/span><\/p>\n<p class=\"western\" style=\"text-align: center\"><a href=\"http:\/\/redesow.faccat.br\/wordpress\/ceataquara\/wp-content\/uploads\/sites\/15\/Calisto-Faixa-e-Banner-Logo-Novo-011.jpg\"><img loading=\"lazy\" decoding=\"async\" class=\"alignnone size-medium wp-image-760\" src=\"http:\/\/redesow.faccat.br\/wordpress\/ceataquara\/wp-content\/uploads\/sites\/15\/Calisto-Faixa-e-Banner-Logo-Novo-011-300x245.jpg\" alt=\"Calisto - Faixa e Banner  - Logo Novo 01[1]\" width=\"300\" height=\"245\" srcset=\"https:\/\/redesow.faccat.br\/wordpress\/ceataquara\/wp-content\/uploads\/sites\/15\/Calisto-Faixa-e-Banner-Logo-Novo-011-300x245.jpg 300w, https:\/\/redesow.faccat.br\/wordpress\/ceataquara\/wp-content\/uploads\/sites\/15\/Calisto-Faixa-e-Banner-Logo-Novo-011-150x122.jpg 150w, https:\/\/redesow.faccat.br\/wordpress\/ceataquara\/wp-content\/uploads\/sites\/15\/Calisto-Faixa-e-Banner-Logo-Novo-011.jpg 600w\" sizes=\"auto, (max-width: 300px) 100vw, 300px\" \/><\/a><\/p>\n<p>&nbsp;<\/p>\n<table style=\"height: 344px\" border=\"1\" width=\"778\">\n<tbody>\n<tr>\n<td width=\"121\"><strong>SEGUNDA<\/strong><strong>\u00a01\u00ba\/06<\/strong><\/td>\n<td width=\"255\">Sa\u00edda para Usina do Lixo com o grupo do Com-vida, e atividades com a caixa da Sala.<\/td>\n<\/tr>\n<tr>\n<td width=\"121\"><strong>TER\u00c7A\u00a0<\/strong><strong>2\/06<\/strong><\/td>\n<td width=\"255\">Palestra com a Bi\u00f3loga Andreza Schmit.<\/p>\n<p>Assunto: Espa\u00e7os Verdes e Horta Sustent\u00e1vel.<\/td>\n<\/tr>\n<tr>\n<td width=\"121\"><strong>QUARTA\u00a0<\/strong><strong>3\/06<\/strong><\/td>\n<td width=\"255\">Culin\u00e1ria com reaproveitamento de alimentos.<\/td>\n<\/tr>\n<tr>\n<td width=\"121\"><strong>SEGUNDA\u00a0<\/strong><strong>8\/06<\/strong><\/td>\n<td width=\"255\">Planejamento, organiza\u00e7\u00e3o e execu\u00e7\u00e3o do Jardim Suspenso.<\/td>\n<\/tr>\n<tr>\n<td width=\"121\"><strong>QUARTA\u00a0<\/strong><strong>10\/06<\/strong><\/td>\n<td width=\"255\">Filme sobre Meio Ambiente.Atividades recreativas e de express\u00f5es culturais sobre o Meio Ambiente.<\/td>\n<\/tr>\n<\/tbody>\n<\/table>\n","protected":false},"excerpt":{"rendered":"<p>Semana do Meio Ambiente &nbsp; SEGUNDA\u00a01\u00ba\/06 Sa\u00edda para Usina do Lixo com o grupo do Com-vida, e atividades com a caixa da Sala. TER\u00c7A\u00a02\/06 Palestra com a Bi\u00f3loga Andreza Schmit. Assunto: Espa\u00e7os Verdes e Horta Sustent\u00e1vel. QUARTA\u00a03\/06 Culin\u00e1ria com reaproveitamento de alimentos. SEGUNDA\u00a08\/06 Planejamento, organiza\u00e7\u00e3o e execu\u00e7\u00e3o do Jardim Suspenso. QUARTA\u00a010\/06 Filme sobre Meio Ambiente.Atividades recreativas e de express\u00f5es culturais sobre o Meio Ambiente.<\/p>\n","protected":false},"author":154,"featured_media":0,"comment_status":"open","ping_status":"open","sticky":false,"template":"","format":"standard","meta":{"footnotes":""},"categories":[4,1],"tags":[],"class_list":["post-643","post","type-post","status-publish","format-standard","hentry","category-calisto","category-geral"],"_links":{"self":[{"href":"https:\/\/redesow.faccat.br\/wordpress\/ceataquara\/wp-json\/wp\/v2\/posts\/643","targetHints":{"allow":["GET"]}}],"collection":[{"href":"https:\/\/redesow.faccat.br\/wordpress\/ceataquara\/wp-json\/wp\/v2\/posts"}],"about":[{"href":"https:\/\/redesow.faccat.br\/wordpress\/ceataquara\/wp-json\/wp\/v2\/types\/post"}],"author":[{"embeddable":true,"href":"https:\/\/redesow.faccat.br\/wordpress\/ceataquara\/wp-json\/wp\/v2\/users\/154"}],"replies":[{"embeddable":true,"href":"https:\/\/redesow.faccat.br\/wordpress\/ceataquara\/wp-json\/wp\/v2\/comments?post=643"}],"version-history":[{"count":10,"href":"https:\/\/redesow.faccat.br\/wordpress\/ceataquara\/wp-json\/wp\/v2\/posts\/643\/revisions"}],"predecessor-version":[{"id":762,"href":"https:\/\/redesow.faccat.br\/wordpress\/ceataquara\/wp-json\/wp\/v2\/posts\/643\/revisions\/762"}],"wp:attachment":[{"href":"https:\/\/redesow.faccat.br\/wordpress\/ceataquara\/wp-json\/wp\/v2\/media?parent=643"}],"wp:term":[{"taxonomy":"category","embeddable":true,"href":"https:\/\/redesow.faccat.br\/wordpress\/ceataquara\/wp-json\/wp\/v2\/categories?post=643"},{"taxonomy":"post_tag","embeddable":true,"href":"https:\/\/redesow.faccat.br\/wordpress\/ceataquara\/wp-json\/wp\/v2\/tags?post=643"}],"curies":[{"name":"wp","href":"https:\/\/api.w.org\/{rel}","templated":true}]}}