{"id":6514,"date":"2017-05-09T05:16:03","date_gmt":"2017-05-09T02:16:03","guid":{"rendered":"http:\/\/redesow.faccat.br\/wordpress\/ceataquara\/?p=6514"},"modified":"2019-06-17T19:31:31","modified_gmt":"2019-06-17T16:31:31","slug":"com-vida-para-acao-a-nossa-agenda-21-na-escola","status":"publish","type":"post","link":"https:\/\/redesow.faccat.br\/wordpress\/ceataquara\/arquivos\/6514","title":{"rendered":"COM-VIDA para a\u00e7\u00e3o  &#8211; &#8220;A nossa Agenda 21 na Escola&#8221; &#8211; (ODS 11)"},"content":{"rendered":"<p style=\"text-align: center\">\n<p style=\"text-align: center\">&nbsp;&nbsp; &nbsp; &nbsp; &nbsp; &nbsp; &nbsp; &nbsp; &nbsp; &nbsp; &nbsp; &nbsp; &nbsp; &nbsp; &nbsp; &nbsp; &nbsp; &nbsp; &nbsp; &nbsp; &nbsp; &nbsp; &nbsp; &nbsp; &nbsp;<strong><em><span style=\"text-decoration: underline\">PEDRAS NO CAMINHO &nbsp; &nbsp; &nbsp; &nbsp; &nbsp;<\/span><\/em><\/strong><\/p>\n<p style=\"text-align: center\"><strong>&nbsp; &nbsp; &nbsp; &nbsp; &nbsp; &nbsp; &nbsp; &nbsp; &nbsp; &nbsp; &nbsp; &nbsp; &nbsp; &nbsp; &nbsp; &nbsp; &nbsp; &nbsp; &nbsp; &nbsp; &nbsp; &nbsp; &nbsp; &nbsp; &nbsp; &nbsp; &nbsp; &nbsp; &nbsp; &nbsp; &nbsp; &nbsp; 1. Lixo misturado nas lixeiras &nbsp; &nbsp; &nbsp; &nbsp; &nbsp; &nbsp; &nbsp; &nbsp; &nbsp; &nbsp; &nbsp; &nbsp; &nbsp; &nbsp; &nbsp; &nbsp; &nbsp; &nbsp; &nbsp; &nbsp; &nbsp; &nbsp; &nbsp; &nbsp; &nbsp; &nbsp; &nbsp; &nbsp;<\/strong><\/p>\n<p style=\"text-align: center\"><strong>&nbsp; &nbsp; &nbsp; &nbsp; &nbsp; &nbsp; &nbsp; &nbsp; &nbsp; &nbsp; &nbsp; &nbsp; &nbsp; &nbsp; &nbsp; &nbsp; &nbsp; &nbsp; &nbsp; &nbsp; &nbsp; &nbsp; &nbsp; &nbsp; &nbsp; &nbsp; &nbsp; &nbsp; &nbsp; &nbsp;2.Pracinha com sol na maioria do tempo &nbsp; &nbsp; &nbsp; &nbsp; &nbsp; &nbsp; &nbsp; &nbsp; &nbsp; &nbsp; &nbsp; &nbsp; &nbsp; &nbsp; &nbsp; &nbsp;&nbsp;<\/strong><\/p>\n<p style=\"text-align: center\"><strong>&nbsp; &nbsp; &nbsp; &nbsp; &nbsp; &nbsp; &nbsp; &nbsp; &nbsp; &nbsp; &nbsp; &nbsp; &nbsp; &nbsp; &nbsp; &nbsp; &nbsp; &nbsp; &nbsp; &nbsp; &nbsp; &nbsp; &nbsp; &nbsp; 3.Sala verde com pouca estrutura e acesso limitado &nbsp;<\/strong><\/p>\n<p style=\"text-align: center\"><strong> &nbsp;<\/strong> &nbsp; <em><strong>&nbsp;&nbsp;<\/strong><span style=\"text-decoration: underline\"><strong> &nbsp;SONHOS<\/strong><\/span><\/em><\/p>\n<p style=\"text-align: center\"><strong>&nbsp; &nbsp; &nbsp; &nbsp; &nbsp; &nbsp; &nbsp; 1.Coleta Seletiva na Escola<\/strong><\/p>\n<p style=\"text-align: center\"><strong>&nbsp; &nbsp; &nbsp; &nbsp; &nbsp; &nbsp; &nbsp;2.\u00c1rvores para dar sombra<\/strong><\/p>\n<p style=\"text-align: center\"><strong>&nbsp; &nbsp; &nbsp; &nbsp; &nbsp; &nbsp; &nbsp; &nbsp; &nbsp; &nbsp; &nbsp; &nbsp; &nbsp; &nbsp; 3.Uma sala verde mais estruturada<\/strong><\/p>\n<p style=\"text-align: center\"><span style=\"text-decoration: underline\"><em><strong>A\u00c7\u00c3O:<\/strong><\/em><\/span><\/p>\n<p style=\"text-align: center\"><strong>1.1 Criar coletores para salas de aula<\/strong><\/p>\n<p style=\"text-align: center\"><strong>1.2 Adquirir coletores para o p\u00e1tio<\/strong><\/p>\n<p style=\"text-align: center\"><strong>1.3 Ensinar os alunos a utilizar os coletores seletivos<\/strong><\/p>\n<p style=\"text-align: center\">\n<p style=\"text-align: center\"><strong>2.1 Conscientiza\u00e7\u00e3o dos alunos da import\u00e2ncia de cuidar das plantas para crescerem e assim alcan\u00e7ar o objetivo de sombrear a a pracinha<\/strong><\/p>\n<p style=\"text-align: center\"><strong>2.2 Plantar \u00c1rvores<\/strong><\/p>\n<p style=\"text-align: center\"><strong>2.3 Constru\u00e7\u00e3o de um Pergolado Verde com intuito de sombrear a pracinha escolar,cuidando dos alunos e professores<\/strong><\/p>\n<p style=\"text-align: center\">\n<p style=\"text-align: center\"><strong>3.1 Limpeza da Sala Verde<\/strong><\/p>\n<p style=\"text-align: center\"><strong>3.2 Reorganiza\u00e7\u00e3o da sala Verde<\/strong><\/p>\n<p style=\"text-align: center\"><strong>3.3 Constru\u00e7\u00e3o de Bancos e Mesas de Concreto para a realiza\u00e7\u00e3o de tarefas,momentos de reflex\u00e3o e intera\u00e7\u00e3o na nossa Sala Verde<\/strong><\/p>\n<p style=\"text-align: center\"><span style=\"text-decoration: underline\"><em><strong>QUANDO?<\/strong><\/em><\/span><\/p>\n<p style=\"text-align: center\"><strong>1.1,1.2,1.3 no 1\u00ba Semestre de 2017<\/strong><\/p>\n<p style=\"text-align: center\"><strong>2.1,2.2,2.3 no 2\u00ba Semestre de 2017<\/strong><\/p>\n<p style=\"text-align: center\"><strong>3.1,3.2,3.3 no 2\u00ba Semestre de 2017<\/strong><\/p>\n<p style=\"text-align: center\">\n<p style=\"text-align: center\"><span style=\"text-decoration: underline\"><em><strong>QUEM?<\/strong><\/em><\/span><\/p>\n<p style=\"text-align: center\"><strong>1.1 Alunos da COM-VIDA<\/strong><\/p>\n<p style=\"text-align: center\"><strong>1.2 Dire\u00e7\u00e3o da Escola<\/strong><\/p>\n<p style=\"text-align: center\"><strong>1.3 Professoras e Alunos da COM-VIDA<\/strong><\/p>\n<p style=\"text-align: center\">\n<p style=\"text-align: center\"><strong>2.1 Professoras e Alunos da COM-VIDA<\/strong><\/p>\n<p style=\"text-align: center\"><strong>2.2 Alunos da COM-VIDA<\/strong><\/p>\n<p style=\"text-align: center\"><strong>2.3 Dire\u00e7\u00e3o da Escola<\/strong><\/p>\n<p style=\"text-align: center\">\n<p style=\"text-align: center\"><strong>3.1 Alunos da COM-VIDA<\/strong><\/p>\n<p style=\"text-align: center\"><strong>3.2 Alunos da COM-VIDA&nbsp;<\/strong><\/p>\n<p style=\"text-align: center\"><strong>3.3 Dire\u00e7\u00e3o da Escola<\/strong><\/p>\n<p style=\"text-align: center\">\n<p style=\"text-align: center\"><span style=\"text-decoration: underline\"><em><strong>ONDE?<\/strong><\/em><\/span><\/p>\n<ol>\n<li style=\"text-align: center\"><strong>1. Na sala de aula e no P\u00e1tio da Escola<\/strong><\/li>\n<li style=\"text-align: center\"><strong>2. No P\u00e1tio pr\u00f3ximo da Pracinha<\/strong><\/li>\n<li style=\"text-align: center\"><strong>3. Na Sala Verde<\/strong><\/li>\n<\/ol>\n","protected":false},"excerpt":{"rendered":"<p>&nbsp;&nbsp; &nbsp; &nbsp; &nbsp; &nbsp; &nbsp; &nbsp; &nbsp; &nbsp; &nbsp; &nbsp; &nbsp; &nbsp; &nbsp; &nbsp; &nbsp; &nbsp; &nbsp; &nbsp; &nbsp; &nbsp; &nbsp; &nbsp; &nbsp;PEDRAS NO CAMINHO &nbsp; &nbsp; &nbsp; &nbsp; &nbsp; &nbsp; &nbsp; &nbsp; &nbsp; &nbsp; &nbsp; &nbsp; &nbsp; &nbsp; &nbsp; &nbsp; &nbsp; &nbsp; &nbsp; &nbsp; &nbsp; &nbsp; &nbsp; &nbsp; &nbsp; &nbsp; &nbsp; &nbsp; &nbsp; &nbsp; &nbsp; &nbsp; &nbsp; &nbsp; &nbsp; &nbsp; &nbsp; 1. Lixo misturado nas lixeiras &nbsp; &nbsp; &nbsp; &nbsp; &nbsp; &nbsp; &nbsp; &nbsp; &nbsp; &nbsp; &nbsp; &nbsp; &nbsp; &nbsp; &nbsp; &nbsp; &nbsp; &nbsp; &nbsp; &nbsp; &nbsp; &nbsp; &nbsp; &nbsp; &nbsp; &nbsp; &nbsp; &nbsp; &nbsp; &nbsp; &nbsp; &nbsp; &nbsp; &nbsp; &nbsp; &nbsp; &nbsp; &nbsp; &nbsp; &nbsp; &nbsp; &nbsp; &nbsp; &nbsp; &nbsp; &nbsp; &nbsp; &nbsp; &nbsp; &nbsp; &nbsp; &nbsp; &nbsp; &nbsp; &nbsp; &nbsp; &nbsp; &nbsp;2.Pracinha com sol na maioria do tempo &nbsp; &nbsp; &nbsp; &nbsp; &nbsp; &nbsp; &nbsp; &nbsp; &hellip; <a href=\"https:\/\/redesow.faccat.br\/wordpress\/ceataquara\/arquivos\/6514\">Continua<\/a><\/p>\n","protected":false},"author":203,"featured_media":0,"comment_status":"open","ping_status":"open","sticky":false,"template":"","format":"standard","meta":{"footnotes":""},"categories":[25],"tags":[],"class_list":["post-6514","post","type-post","status-publish","format-standard","hentry","category-rudi"],"_links":{"self":[{"href":"https:\/\/redesow.faccat.br\/wordpress\/ceataquara\/wp-json\/wp\/v2\/posts\/6514","targetHints":{"allow":["GET"]}}],"collection":[{"href":"https:\/\/redesow.faccat.br\/wordpress\/ceataquara\/wp-json\/wp\/v2\/posts"}],"about":[{"href":"https:\/\/redesow.faccat.br\/wordpress\/ceataquara\/wp-json\/wp\/v2\/types\/post"}],"author":[{"embeddable":true,"href":"https:\/\/redesow.faccat.br\/wordpress\/ceataquara\/wp-json\/wp\/v2\/users\/203"}],"replies":[{"embeddable":true,"href":"https:\/\/redesow.faccat.br\/wordpress\/ceataquara\/wp-json\/wp\/v2\/comments?post=6514"}],"version-history":[{"count":3,"href":"https:\/\/redesow.faccat.br\/wordpress\/ceataquara\/wp-json\/wp\/v2\/posts\/6514\/revisions"}],"predecessor-version":[{"id":11979,"href":"https:\/\/redesow.faccat.br\/wordpress\/ceataquara\/wp-json\/wp\/v2\/posts\/6514\/revisions\/11979"}],"wp:attachment":[{"href":"https:\/\/redesow.faccat.br\/wordpress\/ceataquara\/wp-json\/wp\/v2\/media?parent=6514"}],"wp:term":[{"taxonomy":"category","embeddable":true,"href":"https:\/\/redesow.faccat.br\/wordpress\/ceataquara\/wp-json\/wp\/v2\/categories?post=6514"},{"taxonomy":"post_tag","embeddable":true,"href":"https:\/\/redesow.faccat.br\/wordpress\/ceataquara\/wp-json\/wp\/v2\/tags?post=6514"}],"curies":[{"name":"wp","href":"https:\/\/api.w.org\/{rel}","templated":true}]}}