{"id":7411,"date":"2017-08-25T20:51:00","date_gmt":"2017-08-25T17:51:00","guid":{"rendered":"http:\/\/redesow.faccat.br\/wordpress\/ceataquara\/?p=7411"},"modified":"2019-06-17T21:35:39","modified_gmt":"2019-06-17T18:35:39","slug":"com-vida-em-acao-aedes-aegypti","status":"publish","type":"post","link":"https:\/\/redesow.faccat.br\/wordpress\/ceataquara\/arquivos\/7411","title":{"rendered":"COM-VIDA em A\u00e7\u00e3o &#8211; Aedes aegypti (ODS 3)"},"content":{"rendered":"<p>No encontro do dia 25 de agosto, os alunos integrantes da COM-VIDA, deram continuidade no trabalho de conscientiza\u00e7\u00e3o sobre os cuidados que devemos ter com o mosquito Aedes aegypti. Inicialmente foi realizado um levantamento de dados sobre a propaga\u00e7\u00e3o do mosquito, a forma de cont\u00e1gio e as consequ\u00eancias.<\/p>\n<p>Em um segundo momento foi realizado um trabalho de conscientiza\u00e7\u00e3o em sala de aula e posteriormente lan\u00e7ado um concurso de produ\u00e7\u00e3o textual e desenho sobre o tema. Encerrando com uma exposi\u00e7\u00e3o de trabalhos no Mural da COM-VIDA.<\/p>\n<p>&nbsp;<\/p>\n<figure id=\"attachment_7419\" class=\"thumbnail wp-caption alignleft\" style=\"width: 150px\"><a href=\"http:\/\/redesow.faccat.br\/wordpress\/ceataquara\/wp-content\/uploads\/sites\/15\/420.jpg\"><img loading=\"lazy\" decoding=\"async\" class=\"wp-image-7419 size-thumbnail\" src=\"http:\/\/redesow.faccat.br\/wordpress\/ceataquara\/wp-content\/uploads\/sites\/15\/420-150x84.jpg\" alt=\"4\" width=\"150\" height=\"84\" srcset=\"https:\/\/redesow.faccat.br\/wordpress\/ceataquara\/wp-content\/uploads\/sites\/15\/420-150x84.jpg 150w, https:\/\/redesow.faccat.br\/wordpress\/ceataquara\/wp-content\/uploads\/sites\/15\/420-300x169.jpg 300w, https:\/\/redesow.faccat.br\/wordpress\/ceataquara\/wp-content\/uploads\/sites\/15\/420-600x338.jpg 600w, https:\/\/redesow.faccat.br\/wordpress\/ceataquara\/wp-content\/uploads\/sites\/15\/420.jpg 2048w\" sizes=\"auto, (max-width: 150px) 100vw, 150px\" \/><\/a><figcaption class=\"caption wp-caption-text\">Mural da COM-VIDA<\/figcaption><\/figure>\n<p>&nbsp;<\/p>\n<figure id=\"attachment_7416\" class=\"thumbnail wp-caption alignleft\" style=\"width: 150px\"><a href=\"http:\/\/redesow.faccat.br\/wordpress\/ceataquara\/wp-content\/uploads\/sites\/15\/139.jpg\"><img loading=\"lazy\" decoding=\"async\" class=\"wp-image-7416 size-thumbnail\" src=\"http:\/\/redesow.faccat.br\/wordpress\/ceataquara\/wp-content\/uploads\/sites\/15\/139-150x84.jpg\" alt=\"1\" width=\"150\" height=\"84\" srcset=\"https:\/\/redesow.faccat.br\/wordpress\/ceataquara\/wp-content\/uploads\/sites\/15\/139-150x84.jpg 150w, https:\/\/redesow.faccat.br\/wordpress\/ceataquara\/wp-content\/uploads\/sites\/15\/139-300x169.jpg 300w, https:\/\/redesow.faccat.br\/wordpress\/ceataquara\/wp-content\/uploads\/sites\/15\/139-600x338.jpg 600w, https:\/\/redesow.faccat.br\/wordpress\/ceataquara\/wp-content\/uploads\/sites\/15\/139.jpg 2048w\" sizes=\"auto, (max-width: 150px) 100vw, 150px\" \/><\/a><figcaption class=\"caption wp-caption-text\">Reuni\u00e3o dos integrantes da COM-VIDA<\/figcaption><\/figure>\n<figure id=\"attachment_7421\" class=\"thumbnail wp-caption alignleft\" style=\"width: 150px\"><a href=\"http:\/\/redesow.faccat.br\/wordpress\/ceataquara\/wp-content\/uploads\/sites\/15\/612.jpg\"><img loading=\"lazy\" decoding=\"async\" class=\"wp-image-7421 size-thumbnail\" src=\"http:\/\/redesow.faccat.br\/wordpress\/ceataquara\/wp-content\/uploads\/sites\/15\/612-150x84.jpg\" alt=\"6\" width=\"150\" height=\"84\" srcset=\"https:\/\/redesow.faccat.br\/wordpress\/ceataquara\/wp-content\/uploads\/sites\/15\/612-150x84.jpg 150w, https:\/\/redesow.faccat.br\/wordpress\/ceataquara\/wp-content\/uploads\/sites\/15\/612-300x169.jpg 300w, https:\/\/redesow.faccat.br\/wordpress\/ceataquara\/wp-content\/uploads\/sites\/15\/612-600x338.jpg 600w, https:\/\/redesow.faccat.br\/wordpress\/ceataquara\/wp-content\/uploads\/sites\/15\/612.jpg 2048w\" sizes=\"auto, (max-width: 150px) 100vw, 150px\" \/><\/a><figcaption class=\"caption wp-caption-text\">Integrantes da COM-VIDA trabalhando com as turmas &#8211; Conscientiza\u00e7\u00e3o<\/figcaption><\/figure>\n<figure id=\"attachment_7417\" class=\"thumbnail wp-caption alignleft\" style=\"width: 150px\"><a href=\"http:\/\/redesow.faccat.br\/wordpress\/ceataquara\/wp-content\/uploads\/sites\/15\/224.jpg\"><img loading=\"lazy\" decoding=\"async\" class=\"wp-image-7417 size-thumbnail\" src=\"http:\/\/redesow.faccat.br\/wordpress\/ceataquara\/wp-content\/uploads\/sites\/15\/224-150x84.jpg\" alt=\"2\" width=\"150\" height=\"84\" srcset=\"https:\/\/redesow.faccat.br\/wordpress\/ceataquara\/wp-content\/uploads\/sites\/15\/224-150x84.jpg 150w, https:\/\/redesow.faccat.br\/wordpress\/ceataquara\/wp-content\/uploads\/sites\/15\/224-300x169.jpg 300w, https:\/\/redesow.faccat.br\/wordpress\/ceataquara\/wp-content\/uploads\/sites\/15\/224-600x338.jpg 600w, https:\/\/redesow.faccat.br\/wordpress\/ceataquara\/wp-content\/uploads\/sites\/15\/224.jpg 2048w\" sizes=\"auto, (max-width: 150px) 100vw, 150px\" \/><\/a><figcaption class=\"caption wp-caption-text\">Integrantes da COM-VIDA apresentando o Mural &#8211; Tema Dengue<\/figcaption><\/figure>\n<p><a href=\"http:\/\/redesow.faccat.br\/wordpress\/ceataquara\/wp-content\/uploads\/sites\/15\/517.jpg\"><img loading=\"lazy\" decoding=\"async\" class=\"alignleft wp-image-7420 size-thumbnail\" src=\"http:\/\/redesow.faccat.br\/wordpress\/ceataquara\/wp-content\/uploads\/sites\/15\/517-150x84.jpg\" alt=\"5\" width=\"150\" height=\"84\" srcset=\"https:\/\/redesow.faccat.br\/wordpress\/ceataquara\/wp-content\/uploads\/sites\/15\/517-150x84.jpg 150w, https:\/\/redesow.faccat.br\/wordpress\/ceataquara\/wp-content\/uploads\/sites\/15\/517-300x169.jpg 300w, https:\/\/redesow.faccat.br\/wordpress\/ceataquara\/wp-content\/uploads\/sites\/15\/517-600x338.jpg 600w, https:\/\/redesow.faccat.br\/wordpress\/ceataquara\/wp-content\/uploads\/sites\/15\/517.jpg 2048w\" sizes=\"auto, (max-width: 150px) 100vw, 150px\" \/><\/a><\/p>\n<p>&nbsp;<\/p>\n<p>&nbsp;<\/p>\n<p>&nbsp;<\/p>\n<p>&nbsp;<\/p>\n<p>&nbsp;<\/p>\n<p>&nbsp;<\/p>\n<p>&nbsp;<\/p>\n","protected":false},"excerpt":{"rendered":"<p>No encontro do dia 25 de agosto, os alunos integrantes da COM-VIDA, deram continuidade no trabalho de conscientiza\u00e7\u00e3o sobre os cuidados que devemos ter com o mosquito Aedes aegypti. Inicialmente foi realizado um levantamento de dados sobre a propaga\u00e7\u00e3o do mosquito, a forma de cont\u00e1gio e as consequ\u00eancias. Em um segundo momento foi realizado um trabalho de conscientiza\u00e7\u00e3o em sala de aula e posteriormente lan\u00e7ado um concurso de produ\u00e7\u00e3o textual e desenho sobre o tema. Encerrando com uma exposi\u00e7\u00e3o de trabalhos no Mural da COM-VIDA. &nbsp; &nbsp; &nbsp; &nbsp; &nbsp; &nbsp; &nbsp; &nbsp; &nbsp;<\/p>\n","protected":false},"author":157,"featured_media":0,"comment_status":"open","ping_status":"open","sticky":false,"template":"","format":"standard","meta":{"footnotes":""},"categories":[5],"tags":[],"class_list":["post-7411","post","type-post","status-publish","format-standard","hentry","category-dezessete"],"_links":{"self":[{"href":"https:\/\/redesow.faccat.br\/wordpress\/ceataquara\/wp-json\/wp\/v2\/posts\/7411","targetHints":{"allow":["GET"]}}],"collection":[{"href":"https:\/\/redesow.faccat.br\/wordpress\/ceataquara\/wp-json\/wp\/v2\/posts"}],"about":[{"href":"https:\/\/redesow.faccat.br\/wordpress\/ceataquara\/wp-json\/wp\/v2\/types\/post"}],"author":[{"embeddable":true,"href":"https:\/\/redesow.faccat.br\/wordpress\/ceataquara\/wp-json\/wp\/v2\/users\/157"}],"replies":[{"embeddable":true,"href":"https:\/\/redesow.faccat.br\/wordpress\/ceataquara\/wp-json\/wp\/v2\/comments?post=7411"}],"version-history":[{"count":3,"href":"https:\/\/redesow.faccat.br\/wordpress\/ceataquara\/wp-json\/wp\/v2\/posts\/7411\/revisions"}],"predecessor-version":[{"id":12047,"href":"https:\/\/redesow.faccat.br\/wordpress\/ceataquara\/wp-json\/wp\/v2\/posts\/7411\/revisions\/12047"}],"wp:attachment":[{"href":"https:\/\/redesow.faccat.br\/wordpress\/ceataquara\/wp-json\/wp\/v2\/media?parent=7411"}],"wp:term":[{"taxonomy":"category","embeddable":true,"href":"https:\/\/redesow.faccat.br\/wordpress\/ceataquara\/wp-json\/wp\/v2\/categories?post=7411"},{"taxonomy":"post_tag","embeddable":true,"href":"https:\/\/redesow.faccat.br\/wordpress\/ceataquara\/wp-json\/wp\/v2\/tags?post=7411"}],"curies":[{"name":"wp","href":"https:\/\/api.w.org\/{rel}","templated":true}]}}