{"id":750,"date":"2015-06-03T07:13:49","date_gmt":"2015-06-03T04:13:49","guid":{"rendered":"http:\/\/redesow.faccat.br\/wordpress\/ceataquara\/?p=750"},"modified":"2015-06-03T07:14:16","modified_gmt":"2015-06-03T04:14:16","slug":"emef-17-de-abril-semana-do-meio-ambiente","status":"publish","type":"post","link":"https:\/\/redesow.faccat.br\/wordpress\/ceataquara\/arquivos\/750","title":{"rendered":"EMEF 17 DE ABRIL \/ SEMANA DO MEIO AMBIENTE"},"content":{"rendered":"<p>&nbsp;<\/p>\n<p>&nbsp;<\/p>\n<p>&nbsp;<\/p>\n<p>&nbsp;<\/p>\n<p><a href=\"http:\/\/redesow.faccat.br\/wordpress\/ceataquara\/wp-content\/uploads\/sites\/15\/17.png\"><img loading=\"lazy\" decoding=\"async\" class=\" size-medium wp-image-751 aligncenter\" src=\"http:\/\/redesow.faccat.br\/wordpress\/ceataquara\/wp-content\/uploads\/sites\/15\/17-300x246.png\" alt=\"17\" width=\"300\" height=\"246\" srcset=\"https:\/\/redesow.faccat.br\/wordpress\/ceataquara\/wp-content\/uploads\/sites\/15\/17-300x246.png 300w, https:\/\/redesow.faccat.br\/wordpress\/ceataquara\/wp-content\/uploads\/sites\/15\/17-150x123.png 150w, https:\/\/redesow.faccat.br\/wordpress\/ceataquara\/wp-content\/uploads\/sites\/15\/17.png 322w\" sizes=\"auto, (max-width: 300px) 100vw, 300px\" \/><\/a><strong><em>08\/06<\/em><\/strong><br \/>\n<strong><em> \u2013 Abertura com apresenta\u00e7\u00e3o de trabalhos e conscientiza\u00e7\u00e3o sobre a preserva\u00e7\u00e3o do Meio Ambiente.<\/em><\/strong><br \/>\n<strong><em> &#8211; COM-VIDA em A\u00e7\u00e3o &#8211; Mutir\u00e3o para recolhimento de Lixo.<\/em><\/strong><\/p>\n<p><strong><em>09\/06 \u2013<\/em><\/strong><br \/>\n<strong><em> &#8211; Aula expositiva sobre a utiliza\u00e7\u00e3o dos materiais org\u00e2nicos.<\/em><\/strong><\/p>\n<p><strong><em>10\/06<\/em><\/strong><br \/>\n<strong><em> &#8211; Mobiliza\u00e7\u00e3o sobre a dengue.<\/em><\/strong><br \/>\n<strong><em> &#8211; Atividades com a Sala Verde.<\/em><\/strong><\/p>\n<p><strong><em>11\/06<\/em><\/strong><br \/>\n<strong><em> COM-VIDA em A\u00e7\u00e3o \u2013 Semin\u00e1rio sobre os cuidados com o Meio Ambiente \u2013 \u00c1gua<\/em><\/strong><\/p>\n<p><strong><em>&#8211; Contribuindo com o Meio Ambiente &#8211; Planta\u00e7\u00e3o de mudas<\/em><\/strong><\/p>\n<p><strong><em>12\/06<\/em><\/strong><br \/>\n<strong><em> COM-VIDA em A\u00e7\u00e3o \u2013 Semin\u00e1rio sobre os cuidados com o Meio Ambiente \u2013 Lixo<\/em><\/strong><br \/>\n<strong><em> COM-VIDA em A\u00e7\u00e3o \u2013 Campanha sobre os cuidados com a separa\u00e7\u00e3o do lixo e preserva\u00e7\u00e3o do Meio Ambiente<\/em><\/strong><\/p>\n","protected":false},"excerpt":{"rendered":"<p>&nbsp; &nbsp; &nbsp; &nbsp; 08\/06 \u2013 Abertura com apresenta\u00e7\u00e3o de trabalhos e conscientiza\u00e7\u00e3o sobre a preserva\u00e7\u00e3o do Meio Ambiente. &#8211; COM-VIDA em A\u00e7\u00e3o &#8211; Mutir\u00e3o para recolhimento de Lixo. 09\/06 \u2013 &#8211; Aula expositiva sobre a utiliza\u00e7\u00e3o dos materiais org\u00e2nicos. 10\/06 &#8211; Mobiliza\u00e7\u00e3o sobre a dengue. &#8211; Atividades com a Sala Verde. 11\/06 COM-VIDA em A\u00e7\u00e3o \u2013 Semin\u00e1rio sobre os cuidados com o Meio Ambiente \u2013 \u00c1gua &#8211; Contribuindo com o Meio Ambiente &#8211; Planta\u00e7\u00e3o de mudas 12\/06 COM-VIDA em A\u00e7\u00e3o \u2013 Semin\u00e1rio sobre os cuidados com o Meio Ambiente \u2013 Lixo COM-VIDA em A\u00e7\u00e3o \u2013 Campanha sobre os cuidados com a separa\u00e7\u00e3o do lixo e preserva\u00e7\u00e3o do Meio Ambiente<\/p>\n","protected":false},"author":157,"featured_media":0,"comment_status":"open","ping_status":"open","sticky":false,"template":"","format":"standard","meta":{"footnotes":""},"categories":[5],"tags":[],"class_list":["post-750","post","type-post","status-publish","format-standard","hentry","category-dezessete"],"_links":{"self":[{"href":"https:\/\/redesow.faccat.br\/wordpress\/ceataquara\/wp-json\/wp\/v2\/posts\/750","targetHints":{"allow":["GET"]}}],"collection":[{"href":"https:\/\/redesow.faccat.br\/wordpress\/ceataquara\/wp-json\/wp\/v2\/posts"}],"about":[{"href":"https:\/\/redesow.faccat.br\/wordpress\/ceataquara\/wp-json\/wp\/v2\/types\/post"}],"author":[{"embeddable":true,"href":"https:\/\/redesow.faccat.br\/wordpress\/ceataquara\/wp-json\/wp\/v2\/users\/157"}],"replies":[{"embeddable":true,"href":"https:\/\/redesow.faccat.br\/wordpress\/ceataquara\/wp-json\/wp\/v2\/comments?post=750"}],"version-history":[{"count":1,"href":"https:\/\/redesow.faccat.br\/wordpress\/ceataquara\/wp-json\/wp\/v2\/posts\/750\/revisions"}],"predecessor-version":[{"id":753,"href":"https:\/\/redesow.faccat.br\/wordpress\/ceataquara\/wp-json\/wp\/v2\/posts\/750\/revisions\/753"}],"wp:attachment":[{"href":"https:\/\/redesow.faccat.br\/wordpress\/ceataquara\/wp-json\/wp\/v2\/media?parent=750"}],"wp:term":[{"taxonomy":"category","embeddable":true,"href":"https:\/\/redesow.faccat.br\/wordpress\/ceataquara\/wp-json\/wp\/v2\/categories?post=750"},{"taxonomy":"post_tag","embeddable":true,"href":"https:\/\/redesow.faccat.br\/wordpress\/ceataquara\/wp-json\/wp\/v2\/tags?post=750"}],"curies":[{"name":"wp","href":"https:\/\/api.w.org\/{rel}","templated":true}]}}