{"id":872,"date":"2015-06-08T22:38:39","date_gmt":"2015-06-08T19:38:39","guid":{"rendered":"http:\/\/redesow.faccat.br\/wordpress\/ceataquara\/?p=872"},"modified":"2015-09-16T16:08:40","modified_gmt":"2015-09-16T13:08:40","slug":"programacao-da-semana-do-meio-ambiente-2","status":"publish","type":"post","link":"https:\/\/redesow.faccat.br\/wordpress\/ceataquara\/arquivos\/872","title":{"rendered":"Programa\u00e7\u00e3o da Semana do Meio Ambiente &#8211; Parte 1"},"content":{"rendered":"<p><strong>Dia 08 de junho:<\/strong> Caminhada Ecol\u00f3gica &#8211; com distribui\u00e7\u00e3o de fanzines confeccionados pelos alunos referente a cuidados e preserva\u00e7\u00e3o do meio ambiente<\/p>\n<p><strong>Dia 09 de junho:<\/strong> Um olhar, seu, sobre o meio ambiente &#8211; fotografando cenas e cen\u00e1rios<\/p>\n<p><strong>Dia 10 de junho:<\/strong> Plantio de sementes &#8211; semeando para o futuro<\/p>\n<p><strong>Dia 11 de junho:<\/strong> Limpeza dos canteiros da horta &#8211; abrindo caminhos para o crescimento<\/p>\n<p><strong>Dia 12 de junho:<\/strong> Mutir\u00e3o de limpeza no p\u00e1tio da escola &#8211; a coleta seletiva na pr\u00e1tica<\/p>\n<p>&nbsp;<\/p>\n<p>&nbsp;<\/p>\n<p>&nbsp;<\/p>\n","protected":false},"excerpt":{"rendered":"<p>Dia 08 de junho: Caminhada Ecol\u00f3gica &#8211; com distribui\u00e7\u00e3o de fanzines confeccionados pelos alunos referente a cuidados e preserva\u00e7\u00e3o do meio ambiente Dia 09 de junho: Um olhar, seu, sobre o meio ambiente &#8211; fotografando cenas e cen\u00e1rios Dia 10 de junho: Plantio de sementes &#8211; semeando para o futuro Dia 11 de junho: Limpeza dos canteiros da horta &#8211; abrindo caminhos para o crescimento Dia 12 de junho: Mutir\u00e3o de limpeza no p\u00e1tio da escola &#8211; a coleta seletiva na pr\u00e1tica &nbsp; &nbsp; &nbsp;<\/p>\n","protected":false},"author":152,"featured_media":0,"comment_status":"open","ping_status":"open","sticky":false,"template":"","format":"standard","meta":{"footnotes":""},"categories":[19],"tags":[],"class_list":["post-872","post","type-post","status-publish","format-standard","hentry","category-emilio"],"_links":{"self":[{"href":"https:\/\/redesow.faccat.br\/wordpress\/ceataquara\/wp-json\/wp\/v2\/posts\/872","targetHints":{"allow":["GET"]}}],"collection":[{"href":"https:\/\/redesow.faccat.br\/wordpress\/ceataquara\/wp-json\/wp\/v2\/posts"}],"about":[{"href":"https:\/\/redesow.faccat.br\/wordpress\/ceataquara\/wp-json\/wp\/v2\/types\/post"}],"author":[{"embeddable":true,"href":"https:\/\/redesow.faccat.br\/wordpress\/ceataquara\/wp-json\/wp\/v2\/users\/152"}],"replies":[{"embeddable":true,"href":"https:\/\/redesow.faccat.br\/wordpress\/ceataquara\/wp-json\/wp\/v2\/comments?post=872"}],"version-history":[{"count":4,"href":"https:\/\/redesow.faccat.br\/wordpress\/ceataquara\/wp-json\/wp\/v2\/posts\/872\/revisions"}],"predecessor-version":[{"id":2109,"href":"https:\/\/redesow.faccat.br\/wordpress\/ceataquara\/wp-json\/wp\/v2\/posts\/872\/revisions\/2109"}],"wp:attachment":[{"href":"https:\/\/redesow.faccat.br\/wordpress\/ceataquara\/wp-json\/wp\/v2\/media?parent=872"}],"wp:term":[{"taxonomy":"category","embeddable":true,"href":"https:\/\/redesow.faccat.br\/wordpress\/ceataquara\/wp-json\/wp\/v2\/categories?post=872"},{"taxonomy":"post_tag","embeddable":true,"href":"https:\/\/redesow.faccat.br\/wordpress\/ceataquara\/wp-json\/wp\/v2\/tags?post=872"}],"curies":[{"name":"wp","href":"https:\/\/api.w.org\/{rel}","templated":true}]}}