{"id":8720,"date":"2018-05-09T21:05:42","date_gmt":"2018-05-09T18:05:42","guid":{"rendered":"http:\/\/redesow.faccat.br\/wordpress\/ceataquara\/?p=8720"},"modified":"2019-06-18T16:30:36","modified_gmt":"2019-06-18T13:30:36","slug":"v-conferencia-infantojuvenil-pelo-meio-ambiente-na-escola-emei-vovo-mathilde","status":"publish","type":"post","link":"https:\/\/redesow.faccat.br\/wordpress\/ceataquara\/arquivos\/8720","title":{"rendered":"V Confer\u00eancia Infantojuvenil pelo Meio Ambiente na Escola &#8211; EMEI Vov\u00f3 Mathilde &#8211; (ODS 4 e 6)"},"content":{"rendered":"<p class=\"western\" align=\"JUSTIFY\"><span style=\"font-family: 'Times New Roman', serif\"><span style=\"color: #000000\"><span style=\"font-size: small\">No dia 21 de mar\u00e7o a turma do Maternal II e Pr\u00e9 I participaram da V Confer\u00eancia Infantojuvenil pelo Meio Ambiente na Escola. <\/span><\/span><\/span><\/p>\n<p class=\"western\" align=\"JUSTIFY\"><span style=\"font-family: 'Times New Roman', serif\"><span style=\"color: #000000\"><span style=\"font-size: small\">Durante o m\u00eas de mar\u00e7o foram trabalhadas diversas atividades relacionadas a \u00e1gua, onde as turmas localizaram e priorizaram um problema com rela\u00e7\u00e3o a utiliza\u00e7\u00e3o da \u00e1gua no dia a dia escolar, para no decorrer do ano letivo serem desenvolvidas a\u00e7\u00f5es para solucinar o mesmo. <\/span><\/span><\/span><\/p>\n<p class=\"western\" align=\"JUSTIFY\"><span style=\"font-family: 'Times New Roman', serif\"><span style=\"color: #000000\"><span style=\"font-size: small\">Cada turma apresentou sua proposta e as a\u00e7\u00f5es a serem desenvolvidas na V Confer\u00eancia Infantojuvenil pelo Meio Ambiente na Escola. Algumas atividades desenvolvidas ap\u00f3s a constata\u00e7\u00e3o do problema: confec\u00e7\u00e3o de cartazes, jogos, brincadeiras sobre o uso consciente da \u00e1gua e entrevistas sobre o assunto para a comunidade escolar.<\/span><\/span><\/span><\/p>\n<p class=\"western\" align=\"JUSTIFY\"><span style=\"color: #000000\"><span style=\"font-family: 'Times New Roman', serif\"><span style=\"font-size: small\">A proposta escolhida foi \u201c<\/span><\/span><\/span><span style=\"color: #333333\"><span style=\"font-family: 'Times New Roman', serif\"><span style=\"font-size: medium\">Cuidando das \u00e1guas&#8230;preparando para o futuro\u201d. Ser\u00e3o desenvolvidas as seguintes a\u00e7\u00f5es ao longo do ano letivo: rodas de conversa sobre o assunto, constru\u00e7\u00e3o de cartazes e gr\u00e1ficos, confec\u00e7\u00e3o de lembretes sobre o uso consciente da \u00e1gua para serem colados em todas as torneiras da escola, conscientiza\u00e7\u00e3o da comunidade atrav\u00e9s de folder, jogos pedag\u00f3gicos, brincadeiras, produto de Educomunica\u00e7\u00e3o (chamada de r\u00e1dio).<\/span><\/span><\/span><\/p>\n<p align=\"JUSTIFY\">\n<figure id=\"attachment_8821\" class=\"thumbnail wp-caption aligncenter\" style=\"width: 300px\"><img loading=\"lazy\" decoding=\"async\" class=\"size-medium wp-image-8821\" src=\"http:\/\/redesow.faccat.br\/wordpress\/ceataquara\/wp-content\/uploads\/sites\/15\/20180321_143328-300x225.jpg\" alt=\"\" width=\"300\" height=\"225\" srcset=\"https:\/\/redesow.faccat.br\/wordpress\/ceataquara\/wp-content\/uploads\/sites\/15\/20180321_143328-300x225.jpg 300w, https:\/\/redesow.faccat.br\/wordpress\/ceataquara\/wp-content\/uploads\/sites\/15\/20180321_143328-150x113.jpg 150w, https:\/\/redesow.faccat.br\/wordpress\/ceataquara\/wp-content\/uploads\/sites\/15\/20180321_143328-768x576.jpg 768w, https:\/\/redesow.faccat.br\/wordpress\/ceataquara\/wp-content\/uploads\/sites\/15\/20180321_143328-600x450.jpg 600w, https:\/\/redesow.faccat.br\/wordpress\/ceataquara\/wp-content\/uploads\/sites\/15\/20180321_143328.jpg 2048w\" sizes=\"auto, (max-width: 300px) 100vw, 300px\" \/><figcaption class=\"caption wp-caption-text\">Apresenta\u00e7\u00e3o dos alunos do Maternal II.<\/figcaption><\/figure>\n<p>&nbsp;<\/p>\n<figure id=\"attachment_8822\" class=\"thumbnail wp-caption aligncenter\" style=\"width: 300px\"><img loading=\"lazy\" decoding=\"async\" class=\"size-medium wp-image-8822\" src=\"http:\/\/redesow.faccat.br\/wordpress\/ceataquara\/wp-content\/uploads\/sites\/15\/20180321_143336-300x225.jpg\" alt=\"\" width=\"300\" height=\"225\" srcset=\"https:\/\/redesow.faccat.br\/wordpress\/ceataquara\/wp-content\/uploads\/sites\/15\/20180321_143336-300x225.jpg 300w, https:\/\/redesow.faccat.br\/wordpress\/ceataquara\/wp-content\/uploads\/sites\/15\/20180321_143336-150x113.jpg 150w, https:\/\/redesow.faccat.br\/wordpress\/ceataquara\/wp-content\/uploads\/sites\/15\/20180321_143336-768x576.jpg 768w, https:\/\/redesow.faccat.br\/wordpress\/ceataquara\/wp-content\/uploads\/sites\/15\/20180321_143336-600x450.jpg 600w, https:\/\/redesow.faccat.br\/wordpress\/ceataquara\/wp-content\/uploads\/sites\/15\/20180321_143336.jpg 2048w\" sizes=\"auto, (max-width: 300px) 100vw, 300px\" \/><figcaption class=\"caption wp-caption-text\">Apresenta\u00e7\u00e3o dos alunos do Maternal II.<\/figcaption><\/figure>\n<p>&nbsp;<\/p>\n<figure id=\"attachment_8724\" class=\"thumbnail wp-caption aligncenter\" style=\"width: 300px\"><img loading=\"lazy\" decoding=\"async\" class=\"size-medium wp-image-8724\" src=\"http:\/\/redesow.faccat.br\/wordpress\/ceataquara\/wp-content\/uploads\/sites\/15\/20180321_144013-300x225.jpg\" alt=\"\" width=\"300\" height=\"225\" srcset=\"https:\/\/redesow.faccat.br\/wordpress\/ceataquara\/wp-content\/uploads\/sites\/15\/20180321_144013-300x225.jpg 300w, https:\/\/redesow.faccat.br\/wordpress\/ceataquara\/wp-content\/uploads\/sites\/15\/20180321_144013-150x113.jpg 150w, https:\/\/redesow.faccat.br\/wordpress\/ceataquara\/wp-content\/uploads\/sites\/15\/20180321_144013-768x576.jpg 768w, https:\/\/redesow.faccat.br\/wordpress\/ceataquara\/wp-content\/uploads\/sites\/15\/20180321_144013-600x450.jpg 600w, https:\/\/redesow.faccat.br\/wordpress\/ceataquara\/wp-content\/uploads\/sites\/15\/20180321_144013.jpg 2048w\" sizes=\"auto, (max-width: 300px) 100vw, 300px\" \/><figcaption class=\"caption wp-caption-text\">Apresenta\u00e7\u00e3o dos alunos do Pr\u00e9 I.<\/figcaption><\/figure>\n<p>&nbsp;<\/p>\n<figure id=\"attachment_8723\" class=\"thumbnail wp-caption aligncenter\" style=\"width: 300px\"><img loading=\"lazy\" decoding=\"async\" class=\"size-medium wp-image-8723\" src=\"http:\/\/redesow.faccat.br\/wordpress\/ceataquara\/wp-content\/uploads\/sites\/15\/20180321_143623-300x225.jpg\" alt=\"\" width=\"300\" height=\"225\" srcset=\"https:\/\/redesow.faccat.br\/wordpress\/ceataquara\/wp-content\/uploads\/sites\/15\/20180321_143623-300x225.jpg 300w, https:\/\/redesow.faccat.br\/wordpress\/ceataquara\/wp-content\/uploads\/sites\/15\/20180321_143623-150x113.jpg 150w, https:\/\/redesow.faccat.br\/wordpress\/ceataquara\/wp-content\/uploads\/sites\/15\/20180321_143623-768x576.jpg 768w, https:\/\/redesow.faccat.br\/wordpress\/ceataquara\/wp-content\/uploads\/sites\/15\/20180321_143623-600x450.jpg 600w, https:\/\/redesow.faccat.br\/wordpress\/ceataquara\/wp-content\/uploads\/sites\/15\/20180321_143623.jpg 2048w\" sizes=\"auto, (max-width: 300px) 100vw, 300px\" \/><figcaption class=\"caption wp-caption-text\">Apresenta\u00e7\u00e3o dos alunos do Pr\u00e9 I.<\/figcaption><\/figure>\n<p>&nbsp;<\/p>\n<figure id=\"attachment_8725\" class=\"thumbnail wp-caption aligncenter\" style=\"width: 300px\"><img loading=\"lazy\" decoding=\"async\" class=\"size-medium wp-image-8725\" src=\"http:\/\/redesow.faccat.br\/wordpress\/ceataquara\/wp-content\/uploads\/sites\/15\/IMG_20180321_143336483_BURST001-300x169.jpg\" alt=\"\" width=\"300\" height=\"169\" srcset=\"https:\/\/redesow.faccat.br\/wordpress\/ceataquara\/wp-content\/uploads\/sites\/15\/IMG_20180321_143336483_BURST001-300x169.jpg 300w, https:\/\/redesow.faccat.br\/wordpress\/ceataquara\/wp-content\/uploads\/sites\/15\/IMG_20180321_143336483_BURST001-150x84.jpg 150w, https:\/\/redesow.faccat.br\/wordpress\/ceataquara\/wp-content\/uploads\/sites\/15\/IMG_20180321_143336483_BURST001-768x432.jpg 768w, https:\/\/redesow.faccat.br\/wordpress\/ceataquara\/wp-content\/uploads\/sites\/15\/IMG_20180321_143336483_BURST001-600x338.jpg 600w\" sizes=\"auto, (max-width: 300px) 100vw, 300px\" \/><figcaption class=\"caption wp-caption-text\">Alunos assistindo a apresenta\u00e7\u00e3o das propostas.<\/figcaption><\/figure>\n<p>&nbsp;<\/p>\n<figure id=\"attachment_8727\" class=\"thumbnail wp-caption aligncenter\" style=\"width: 300px\"><img loading=\"lazy\" decoding=\"async\" class=\"size-medium wp-image-8727\" src=\"http:\/\/redesow.faccat.br\/wordpress\/ceataquara\/wp-content\/uploads\/sites\/15\/IMG_20180321_144629860_BURST001-300x169.jpg\" alt=\"\" width=\"300\" height=\"169\" srcset=\"https:\/\/redesow.faccat.br\/wordpress\/ceataquara\/wp-content\/uploads\/sites\/15\/IMG_20180321_144629860_BURST001-300x169.jpg 300w, https:\/\/redesow.faccat.br\/wordpress\/ceataquara\/wp-content\/uploads\/sites\/15\/IMG_20180321_144629860_BURST001-150x84.jpg 150w, https:\/\/redesow.faccat.br\/wordpress\/ceataquara\/wp-content\/uploads\/sites\/15\/IMG_20180321_144629860_BURST001-768x432.jpg 768w, https:\/\/redesow.faccat.br\/wordpress\/ceataquara\/wp-content\/uploads\/sites\/15\/IMG_20180321_144629860_BURST001-600x338.jpg 600w\" sizes=\"auto, (max-width: 300px) 100vw, 300px\" \/><figcaption class=\"caption wp-caption-text\">Professoras com o delegado e suplente da proposta eleita.<\/figcaption><\/figure>\n","protected":false},"excerpt":{"rendered":"<p>No dia 21 de mar\u00e7o a turma do Maternal II e Pr\u00e9 I participaram da V Confer\u00eancia Infantojuvenil pelo Meio Ambiente na Escola. Durante o m\u00eas de mar\u00e7o foram trabalhadas diversas atividades relacionadas a \u00e1gua, onde as turmas localizaram e priorizaram um problema com rela\u00e7\u00e3o a utiliza\u00e7\u00e3o da \u00e1gua no dia a dia escolar, para no decorrer do ano letivo serem desenvolvidas a\u00e7\u00f5es para solucinar o mesmo. Cada turma apresentou sua proposta e as a\u00e7\u00f5es a serem desenvolvidas na V Confer\u00eancia Infantojuvenil pelo Meio Ambiente na Escola. Algumas atividades desenvolvidas ap\u00f3s a constata\u00e7\u00e3o do problema: confec\u00e7\u00e3o de cartazes, jogos, brincadeiras sobre o uso consciente da \u00e1gua e entrevistas sobre o assunto para a comunidade escolar. A proposta escolhida foi \u201cCuidando das \u00e1guas&#8230;preparando para o futuro\u201d. Ser\u00e3o desenvolvidas as seguintes a\u00e7\u00f5es ao longo do ano letivo: rodas de conversa sobre o &hellip; <a href=\"https:\/\/redesow.faccat.br\/wordpress\/ceataquara\/arquivos\/8720\">Continua<\/a><\/p>\n","protected":false},"author":160,"featured_media":0,"comment_status":"open","ping_status":"open","sticky":false,"template":"","format":"standard","meta":{"footnotes":""},"categories":[33],"tags":[],"class_list":["post-8720","post","type-post","status-publish","format-standard","hentry","category-mathilde"],"_links":{"self":[{"href":"https:\/\/redesow.faccat.br\/wordpress\/ceataquara\/wp-json\/wp\/v2\/posts\/8720","targetHints":{"allow":["GET"]}}],"collection":[{"href":"https:\/\/redesow.faccat.br\/wordpress\/ceataquara\/wp-json\/wp\/v2\/posts"}],"about":[{"href":"https:\/\/redesow.faccat.br\/wordpress\/ceataquara\/wp-json\/wp\/v2\/types\/post"}],"author":[{"embeddable":true,"href":"https:\/\/redesow.faccat.br\/wordpress\/ceataquara\/wp-json\/wp\/v2\/users\/160"}],"replies":[{"embeddable":true,"href":"https:\/\/redesow.faccat.br\/wordpress\/ceataquara\/wp-json\/wp\/v2\/comments?post=8720"}],"version-history":[{"count":5,"href":"https:\/\/redesow.faccat.br\/wordpress\/ceataquara\/wp-json\/wp\/v2\/posts\/8720\/revisions"}],"predecessor-version":[{"id":12200,"href":"https:\/\/redesow.faccat.br\/wordpress\/ceataquara\/wp-json\/wp\/v2\/posts\/8720\/revisions\/12200"}],"wp:attachment":[{"href":"https:\/\/redesow.faccat.br\/wordpress\/ceataquara\/wp-json\/wp\/v2\/media?parent=8720"}],"wp:term":[{"taxonomy":"category","embeddable":true,"href":"https:\/\/redesow.faccat.br\/wordpress\/ceataquara\/wp-json\/wp\/v2\/categories?post=8720"},{"taxonomy":"post_tag","embeddable":true,"href":"https:\/\/redesow.faccat.br\/wordpress\/ceataquara\/wp-json\/wp\/v2\/tags?post=8720"}],"curies":[{"name":"wp","href":"https:\/\/api.w.org\/{rel}","templated":true}]}}