{"id":877,"date":"2015-06-09T00:35:59","date_gmt":"2015-06-08T21:35:59","guid":{"rendered":"http:\/\/redesow.faccat.br\/wordpress\/ceataquara\/?p=877"},"modified":"2015-06-09T00:35:59","modified_gmt":"2015-06-08T21:35:59","slug":"semana-do-meio-ambiente-theophilo-sauer","status":"publish","type":"post","link":"https:\/\/redesow.faccat.br\/wordpress\/ceataquara\/arquivos\/877","title":{"rendered":"Semana do Meio Ambiente The\u00f3philo Sauer"},"content":{"rendered":"<p><strong>Dia 08\/06\/2015<br \/>\n<\/strong>Abertura 8hs30min- 14hs<br \/>\nM\u00fasica Planeta \u00c1gua<br \/>\nPoesia: SOS Meio Ambiente<br \/>\nVisita\u00e7\u00e3o da Sala Verde (manh\u00e3\/tarde)- Biblioteca<br \/>\nHora do Conto (Anos Iniciais- manh\u00e3\/tarde)<\/p>\n<p><strong>Dia 09\/06\/2015<\/strong><br \/>\nSess\u00e3o Cinema (manh\u00e3\/tarde)<br \/>\nAnos Iniciais- Filme Lorex, em busca da tr\u00fafula perdida, na escola<br \/>\nAnos Finais-Filme Rio- Centro Cultural Indio Brasileiro Cesar<br \/>\nVisita\u00e7\u00e3o da Sala Verde (manh\u00e3\/tarde)- Biblioteca<br \/>\nOficina: Fazendo arte com sucata<\/p>\n<p><strong>Dia 10\/06\/2015<\/strong><br \/>\nSess\u00e3o Cinema (manh\u00e3)<br \/>\nAnos Iniciais- Filme Lorex, em busca da tr\u00fafula perdida &#8211; na escola<br \/>\nAnos Finais- Filme Rio- Centro Cultural Indio Brasileiro Cesar<br \/>\nDan\u00e7a Contempor\u00e2nea de sensibiliza\u00e7\u00e3o da Tribo Convida- Escola Municipal Nereu Wilhelms<br \/>\nSa\u00edda de campo- Conscientiza\u00e7\u00e3o e entrega de mudas na comunidade (tarde)<\/p>\n<p><strong>Dia 11\/06\/2015<\/strong><br \/>\nSess\u00e3o Cinema (manh\u00e3)<br \/>\nAnos Iniciais- Filme Lorex, em busca da tr\u00fafula perdida &#8211; na escola<br \/>\nAnos Finais- Filme Rio- Centro Cultural Indio Brasileiro Cesar<br \/>\nComvida- Oficina- Separa\u00e7\u00e3o do lixo (manh\u00e3 e tarde)<br \/>\nHora do Conto (Anos Iniciais- manh\u00e3\/tarde)<\/p>\n<p><strong>Dia 12\/06\/2015<\/strong><br \/>\nPalestra Augusto Ebling- Escola Ambiente-Faccat- 10hs (manh\u00e3)- na escola<br \/>\nAnos Iniciais manh\u00e3\/tarde )-Exposi\u00e7\u00e3o de arte com sucata;<br \/>\nAnos Finais (manh\u00e3\/tarde)- Exposi\u00e7\u00e3o de cartazes de conscientiza\u00e7\u00e3o dos cuidados ao meio ambiente;<br \/>\nLanche especial- Culin\u00e1ria Inteligente<br \/>\nHora do Conto (Anos Iniciais- manh\u00e3\/tarde)<br \/>\nTeatro- A import\u00e2ncia da \u00e1gua (tarde)<\/p>\n","protected":false},"excerpt":{"rendered":"<p>Dia 08\/06\/2015 Abertura 8hs30min- 14hs M\u00fasica Planeta \u00c1gua Poesia: SOS Meio Ambiente Visita\u00e7\u00e3o da Sala Verde (manh\u00e3\/tarde)- Biblioteca Hora do Conto (Anos Iniciais- manh\u00e3\/tarde) Dia 09\/06\/2015 Sess\u00e3o Cinema (manh\u00e3\/tarde) Anos Iniciais- Filme Lorex, em busca da tr\u00fafula perdida, na escola Anos Finais-Filme Rio- Centro Cultural Indio Brasileiro Cesar Visita\u00e7\u00e3o da Sala Verde (manh\u00e3\/tarde)- Biblioteca Oficina: Fazendo arte com sucata Dia 10\/06\/2015 Sess\u00e3o Cinema (manh\u00e3) Anos Iniciais- Filme Lorex, em busca da tr\u00fafula perdida &#8211; na escola Anos Finais- Filme Rio- Centro Cultural Indio Brasileiro Cesar Dan\u00e7a Contempor\u00e2nea de sensibiliza\u00e7\u00e3o da Tribo Convida- Escola Municipal Nereu Wilhelms Sa\u00edda de campo- Conscientiza\u00e7\u00e3o e entrega de mudas na comunidade (tarde) Dia 11\/06\/2015 Sess\u00e3o Cinema (manh\u00e3) Anos Iniciais- Filme Lorex, em busca da tr\u00fafula perdida &#8211; na escola Anos Finais- Filme Rio- Centro Cultural Indio Brasileiro Cesar Comvida- Oficina- Separa\u00e7\u00e3o do lixo (manh\u00e3 e &hellip; <a href=\"https:\/\/redesow.faccat.br\/wordpress\/ceataquara\/arquivos\/877\">Continua<\/a><\/p>\n","protected":false},"author":143,"featured_media":0,"comment_status":"open","ping_status":"open","sticky":false,"template":"","format":"standard","meta":{"footnotes":""},"categories":[3],"tags":[],"class_list":["post-877","post","type-post","status-publish","format-standard","hentry","category-theophilo"],"_links":{"self":[{"href":"https:\/\/redesow.faccat.br\/wordpress\/ceataquara\/wp-json\/wp\/v2\/posts\/877","targetHints":{"allow":["GET"]}}],"collection":[{"href":"https:\/\/redesow.faccat.br\/wordpress\/ceataquara\/wp-json\/wp\/v2\/posts"}],"about":[{"href":"https:\/\/redesow.faccat.br\/wordpress\/ceataquara\/wp-json\/wp\/v2\/types\/post"}],"author":[{"embeddable":true,"href":"https:\/\/redesow.faccat.br\/wordpress\/ceataquara\/wp-json\/wp\/v2\/users\/143"}],"replies":[{"embeddable":true,"href":"https:\/\/redesow.faccat.br\/wordpress\/ceataquara\/wp-json\/wp\/v2\/comments?post=877"}],"version-history":[{"count":1,"href":"https:\/\/redesow.faccat.br\/wordpress\/ceataquara\/wp-json\/wp\/v2\/posts\/877\/revisions"}],"predecessor-version":[{"id":878,"href":"https:\/\/redesow.faccat.br\/wordpress\/ceataquara\/wp-json\/wp\/v2\/posts\/877\/revisions\/878"}],"wp:attachment":[{"href":"https:\/\/redesow.faccat.br\/wordpress\/ceataquara\/wp-json\/wp\/v2\/media?parent=877"}],"wp:term":[{"taxonomy":"category","embeddable":true,"href":"https:\/\/redesow.faccat.br\/wordpress\/ceataquara\/wp-json\/wp\/v2\/categories?post=877"},{"taxonomy":"post_tag","embeddable":true,"href":"https:\/\/redesow.faccat.br\/wordpress\/ceataquara\/wp-json\/wp\/v2\/tags?post=877"}],"curies":[{"name":"wp","href":"https:\/\/api.w.org\/{rel}","templated":true}]}}